{"id":300532,"date":"2016-11-27T18:00:34","date_gmt":"2016-11-28T00:00:34","guid":{"rendered":"http:\/\/www.diarioimagen.net\/?p=300532"},"modified":"2016-11-29T02:11:41","modified_gmt":"2016-11-29T08:11:41","slug":"beneficia-programa-de-empleo-temporal-a-mas-de-2-mil-familias","status":"publish","type":"post","link":"https:\/\/www.diarioimagen.net\/?p=300532","title":{"rendered":"Beneficia programa de empleo temporal a m\u00e1s de 2 mil familias"},"content":{"rendered":"<ul>\n<li><em><strong>De la regi\u00f3n X Metepec<\/strong><\/em><\/li>\n<\/ul>\n<p>&nbsp;<\/p>\n<div id=\"attachment_300533\" style=\"width: 470px\" class=\"wp-caption aligncenter\"><a href=\"http:\/\/www.diarioimagen.net\/?attachment_id=300533\" rel=\"attachment wp-att-300533\"><img loading=\"lazy\" decoding=\"async\" aria-describedby=\"caption-attachment-300533\" class=\"size-large wp-image-300533\" src=\"http:\/\/www.diarioimagen.net\/wp-content\/uploads\/2016\/11\/EMPLEO28-PORTAL-460x268.jpg\" alt=\"Se entregaron recursos del Programa de Empleo Temporal 2016, en beneficio de m\u00e1s de 2 mil 500 familias de la regi\u00f3n X Metepec.\" width=\"460\" height=\"268\" srcset=\"https:\/\/www.diarioimagen.net\/wp-content\/uploads\/2016\/11\/EMPLEO28-PORTAL-460x268.jpg 460w, https:\/\/www.diarioimagen.net\/wp-content\/uploads\/2016\/11\/EMPLEO28-PORTAL-240x140.jpg 240w, https:\/\/www.diarioimagen.net\/wp-content\/uploads\/2016\/11\/EMPLEO28-PORTAL.jpg 480w\" sizes=\"auto, (max-width: 460px) 100vw, 460px\" \/><\/a><p id=\"caption-attachment-300533\" class=\"wp-caption-text\">Se entregaron recursos del Programa de Empleo Temporal 2016, en beneficio de m\u00e1s de 2 mil 500 familias de la regi\u00f3n X Metepec.<\/p><\/div>\n<p>&nbsp;<\/p>\n<p><strong>Metepec, Estado de M\u00e9xico<\/strong>.- En beneficio de m\u00e1s de 2 mil 500 familias de la regi\u00f3n X Metepec, la subsecretaria de Gesti\u00f3n para la Protecci\u00f3n Ambiental de la Secretar\u00eda de Medio Ambiente y Recursos Naturales (Semarnat), Martha Garc\u00edarivas Palmeros, y el secretario de Medio Ambiente en la entidad, Ra\u00fal Vargas Herrera, encabezaron la entrega de recursos del Programa de Empleo Temporal 2016.<\/p>\n<p>Puntualiz\u00f3 que se impulsan 42 proyectos productivos en los municipios de Almoloya del R\u00edo, Calimaya, Metepec, Mexicaltzingo, Ray\u00f3n, Tenango del Valle, Texcalyacac, San Antonio la Isla y Chapultepec, con una inversi\u00f3n de 10.5 millones de pesos.<\/p>\n<p>Agreg\u00f3 que los proyectos tienen que ver con limpieza y acondicionamiento de caminos, de cuerpos de agua, huertos familiares, conservaci\u00f3n de especies, huertos comunitarios, as\u00ed como recolecci\u00f3n y separaci\u00f3n de residuos.<\/p>\n<p>Destac\u00f3 que el trabajo conjunto entre los tres niveles de gobierno permite mejorar la calidad de vida de las personas, as\u00ed como para impulsar el progreso y desarrollo de las comunidades.<\/p>\n<p>A su vez Ra\u00fal Vargas recalc\u00f3 que el Programa de Empleo Temporal ayudar\u00e1 a que m\u00e1s familias mexiquenses desarrollen sus propios proyectos productivos, que sean autosuficientes y generen m\u00e1s empleos en sus comunidades y mencion\u00f3 que tanto el Gobierno de la Rep\u00fablica como el del Estado de M\u00e9xico impulsan proyectos productivos y de medio ambiente que ayudan a elevar la calidad de vida de los mexiquenses.<\/p>\n<p>El delegado de la Semarnat en el Estado de M\u00e9xico, Francisco Osorno Sober\u00f3n, inform\u00f3 que las familias tambi\u00e9n fueron apoyadas con materiales y herramientas con un monto de 2.1 millones de pesos, adem\u00e1s se realiz\u00f3 el pago de jornales por 2.9 millones de pesos, destin\u00e1ndose cinco millones de pesos en estos rubros.<\/p>\n","protected":false},"excerpt":{"rendered":"<p>En beneficio de m\u00e1s de 2 mil 500 familias de la regi\u00f3n X Metepec, la subsecretaria de Gesti\u00f3n para la Protecci\u00f3n Ambiental de la Secretar\u00eda de Medio Ambiente y Recursos Naturales (Semarnat), Martha Garc\u00edarivas Palmeros, y el secretario de Medio Ambiente en la entidad, Ra\u00fal Vargas Herrera, encabezaron la entrega de recursos del Programa de Empleo Temporal 2016.<\/p>\n","protected":false},"author":5,"featured_media":300533,"comment_status":"open","ping_status":"open","sticky":false,"template":"","format":"standard","meta":{"_monsterinsights_skip_tracking":false,"_monsterinsights_sitenote_active":false,"_monsterinsights_sitenote_note":"","_monsterinsights_sitenote_category":0,"footnotes":""},"categories":[35155],"tags":[28938,43675,1908,876,52786],"class_list":["post-300532","post","type-post","status-publish","format-standard","has-post-thumbnail","hentry","category-estado-de-mexico-estado-de-mexico","tag-empleo-temporal","tag-estado-de-mexico","tag-medio-ambiente","tag-metepec","tag-raul-vargas-herrera"],"_links":{"self":[{"href":"https:\/\/www.diarioimagen.net\/index.php?rest_route=\/wp\/v2\/posts\/300532","targetHints":{"allow":["GET"]}}],"collection":[{"href":"https:\/\/www.diarioimagen.net\/index.php?rest_route=\/wp\/v2\/posts"}],"about":[{"href":"https:\/\/www.diarioimagen.net\/index.php?rest_route=\/wp\/v2\/types\/post"}],"author":[{"embeddable":true,"href":"https:\/\/www.diarioimagen.net\/index.php?rest_route=\/wp\/v2\/users\/5"}],"replies":[{"embeddable":true,"href":"https:\/\/www.diarioimagen.net\/index.php?rest_route=%2Fwp%2Fv2%2Fcomments&post=300532"}],"version-history":[{"count":0,"href":"https:\/\/www.diarioimagen.net\/index.php?rest_route=\/wp\/v2\/posts\/300532\/revisions"}],"wp:featuredmedia":[{"embeddable":true,"href":"https:\/\/www.diarioimagen.net\/index.php?rest_route=\/wp\/v2\/media\/300533"}],"wp:attachment":[{"href":"https:\/\/www.diarioimagen.net\/index.php?rest_route=%2Fwp%2Fv2%2Fmedia&parent=300532"}],"wp:term":[{"taxonomy":"category","embeddable":true,"href":"https:\/\/www.diarioimagen.net\/index.php?rest_route=%2Fwp%2Fv2%2Fcategories&post=300532"},{"taxonomy":"post_tag","embeddable":true,"href":"https:\/\/www.diarioimagen.net\/index.php?rest_route=%2Fwp%2Fv2%2Ftags&post=300532"}],"curies":[{"name":"wp","href":"https:\/\/api.w.org\/{rel}","templated":true}]}}