{"id":300547,"date":"2016-11-28T00:08:31","date_gmt":"2016-11-28T06:08:31","guid":{"rendered":"http:\/\/www.diarioimagen.net\/?p=300547"},"modified":"2016-11-29T02:12:42","modified_gmt":"2016-11-29T08:12:42","slug":"son-tiempos-de-unidad-expresa-eruviel-avila-a-migrantes","status":"publish","type":"post","link":"https:\/\/www.diarioimagen.net\/?p=300547","title":{"rendered":"Hay que mantener la unidad, dice Eruviel \u00c1vila a paisanos"},"content":{"rendered":"<ul>\n<li><em><strong>El gobernador se reuni\u00f3 con familias en San Diego, California<\/strong><\/em><\/li>\n<\/ul>\n<p>&nbsp;<\/p>\n<div id=\"attachment_300548\" style=\"width: 470px\" class=\"wp-caption aligncenter\"><a href=\"http:\/\/www.diarioimagen.net\/?attachment_id=300548\" rel=\"attachment wp-att-300548\"><img loading=\"lazy\" decoding=\"async\" aria-describedby=\"caption-attachment-300548\" class=\"wp-image-300548 size-large\" src=\"http:\/\/www.diarioimagen.net\/wp-content\/uploads\/2016\/11\/ERUVIEL28-portal-460x268.jpg\" alt=\"El gobernador Eruviel \u00c1vila sostuvo un encuentro con paisanos en la localidad de Encinitas, en California, donde entreg\u00f3 apoyos por 65 mil d\u00f3lares. \" width=\"460\" height=\"268\" srcset=\"https:\/\/www.diarioimagen.net\/wp-content\/uploads\/2016\/11\/ERUVIEL28-portal-460x268.jpg 460w, https:\/\/www.diarioimagen.net\/wp-content\/uploads\/2016\/11\/ERUVIEL28-portal-240x140.jpg 240w, https:\/\/www.diarioimagen.net\/wp-content\/uploads\/2016\/11\/ERUVIEL28-portal.jpg 480w\" sizes=\"auto, (max-width: 460px) 100vw, 460px\" \/><\/a><p id=\"caption-attachment-300548\" class=\"wp-caption-text\">El gobernador Eruviel \u00c1vila sostuvo un encuentro con paisanos en la localidad de Encinitas, en California, donde entreg\u00f3 apoyos por 65 mil d\u00f3lares.<\/p><\/div>\n<p>&nbsp;<\/p>\n<p><strong>San Diego, California<\/strong>.- Al sostener un encuentro con migrantes mexiquenses en Estados Unidos, el gobernador Eruviel \u00c1vila Villegas afirm\u00f3 que son tiempos de cerrar filas y mantener la unidad entre los connacionales, quienes cuentan con el respaldo del gobierno de la Rep\u00fablica y del Estado M\u00e9xico, con acciones para que tengan certeza jur\u00eddica, realicen proyectos productivos y contin\u00faen sus estudios.<\/p>\n<p>En este primer encuentro que realiza un gobierno local de M\u00e9xico con paisanos en la Uni\u00f3n Americana despu\u00e9s de los comicios presidenciales de aquel pa\u00eds, el gobernador mexiquense entreg\u00f3 becas, constancias de origen, actas de nacimiento, licencias para conducir y apoyos por un monto de 65 mil d\u00f3lares.<\/p>\n<p>\u201cVengo a expresarle mi solidaridad a mis paisanas, a mis paisanos, vengo a decirles y con mi presencia a expresarles que el gobierno del presidente Enrique Pe\u00f1a Nieto, que el gobierno del Estado de M\u00e9xico, que mi equipo de trabajo estamos con ustedes.<\/p>\n<p>\u201cHoy amigas, amigos, estamos entregando el equivalente a 65 mil d\u00f3lares, insisto, recursos de la gente, recursos del gobierno del estado y los entregamos con toda transparencia y por favor corran la voz, porque este tipo de ferias, este tipo de acciones van a seguir\u201d, expres\u00f3.<\/p>\n<p>En el Jard\u00edn Bot\u00e1nico de la localidad de Encinitas, en el condado de San Diego, Eruviel \u00c1vila explic\u00f3 que con estos apoyos se brinda protecci\u00f3n a los migrantes, en especial a quienes no tienen recursos para cubrir los tr\u00e1mites; apoyos que continuar\u00e1n hasta que concluya su administraci\u00f3n.<\/p>\n<p>Asimismo, agradeci\u00f3 y reconoci\u00f3 las muestras de solidaridad hacia los migrantes, expresadas por gobernantes norteamericanos como el alcalde de Nueva York, Bill de Blasio, y el gobernador de California, Jerry Brown.<\/p>\n<p>Por su parte, la c\u00f3nsul de M\u00e9xico en San Diego, ministra Marcela Celorio Mancera, destac\u00f3 la presencia del gobernador en esta localidad, ya que es el primero que lo hace en la parte norte de San Diego, lo cual es reflejo de la uni\u00f3n de prop\u00f3sitos entre el gobierno federal y el mexiquense para apoyar a los connacionales.<\/p>\n<p>En el encuentro se entregaron becas para que j\u00f3venes conocidos como dreamers contin\u00faen con sus estudios; cheques por 680 d\u00f3lares cada uno, para el pago de solicitud a ciudadan\u00eda estadounidense y para que cubran sus permisos temporales de Acci\u00f3n Diferida para los Llegados en la Infancia (DACA) y sigan estudiando o trabajando por dos a\u00f1os m\u00e1s; actas de nacimiento, constancias de origen, certificados de apoyo para el programa Construye en tu Tierra y proyectos productivos.<\/p>\n<p>Tambi\u00e9n se otorgaron de manera gratuita licencias de conducir para que los paisanos eviten ser multados, que les confisquen su veh\u00edculo por alguna autoridad de tr\u00e1nsito o policiaca y adem\u00e1s la pueden emplear como medio de identificaci\u00f3n para la apertura de cuentas bancarias, contrataci\u00f3n de seguros, renta de viviendas, inscripci\u00f3n a alguna escuela y beneficios m\u00e9dicos en algunas localidades.<\/p>\n<p>&nbsp;<\/p>\n","protected":false},"excerpt":{"rendered":"<p>Al sostener un encuentro con migrantes mexiquenses en Estados Unidos, el gobernador Eruviel \u00c1vila Villegas afirm\u00f3 que son tiempos de cerrar filas y mantener la unidad entre los connacionales, quienes cuentan con el respaldo del gobierno de la Rep\u00fablica y del Estado M\u00e9xico, con acciones para que tengan certeza jur\u00eddica, realicen proyectos productivos y contin\u00faen sus estudios.<\/p>\n","protected":false},"author":5,"featured_media":300548,"comment_status":"open","ping_status":"open","sticky":false,"template":"","format":"standard","meta":{"_monsterinsights_skip_tracking":false,"_monsterinsights_sitenote_active":false,"_monsterinsights_sitenote_note":"","_monsterinsights_sitenote_category":0,"footnotes":""},"categories":[5],"tags":[4626,18,10383,4721,3335],"class_list":["post-300547","post","type-post","status-publish","format-standard","has-post-thumbnail","hentry","category-estado-de-mexico","tag-california","tag-enrique-pena-nieto","tag-migrantes","tag-san-diego","tag-union-americana"],"_links":{"self":[{"href":"https:\/\/www.diarioimagen.net\/index.php?rest_route=\/wp\/v2\/posts\/300547","targetHints":{"allow":["GET"]}}],"collection":[{"href":"https:\/\/www.diarioimagen.net\/index.php?rest_route=\/wp\/v2\/posts"}],"about":[{"href":"https:\/\/www.diarioimagen.net\/index.php?rest_route=\/wp\/v2\/types\/post"}],"author":[{"embeddable":true,"href":"https:\/\/www.diarioimagen.net\/index.php?rest_route=\/wp\/v2\/users\/5"}],"replies":[{"embeddable":true,"href":"https:\/\/www.diarioimagen.net\/index.php?rest_route=%2Fwp%2Fv2%2Fcomments&post=300547"}],"version-history":[{"count":0,"href":"https:\/\/www.diarioimagen.net\/index.php?rest_route=\/wp\/v2\/posts\/300547\/revisions"}],"wp:featuredmedia":[{"embeddable":true,"href":"https:\/\/www.diarioimagen.net\/index.php?rest_route=\/wp\/v2\/media\/300548"}],"wp:attachment":[{"href":"https:\/\/www.diarioimagen.net\/index.php?rest_route=%2Fwp%2Fv2%2Fmedia&parent=300547"}],"wp:term":[{"taxonomy":"category","embeddable":true,"href":"https:\/\/www.diarioimagen.net\/index.php?rest_route=%2Fwp%2Fv2%2Fcategories&post=300547"},{"taxonomy":"post_tag","embeddable":true,"href":"https:\/\/www.diarioimagen.net\/index.php?rest_route=%2Fwp%2Fv2%2Ftags&post=300547"}],"curies":[{"name":"wp","href":"https:\/\/api.w.org\/{rel}","templated":true}]}}