{"id":300550,"date":"2016-11-27T23:45:54","date_gmt":"2016-11-28T05:45:54","guid":{"rendered":"http:\/\/www.diarioimagen.net\/?p=300550"},"modified":"2016-11-28T01:09:45","modified_gmt":"2016-11-28T07:09:45","slug":"concierto-con-causa-gala-por-amor-a-mexico-con-la-orquesta-clasica-de-mexico-e-invitados","status":"publish","type":"post","link":"https:\/\/www.diarioimagen.net\/?p=300550","title":{"rendered":"Concierto con causa <em>Gala por amor a M\u00e9xico<\/em>, con la Orquesta Cl\u00e1sica de M\u00e9xico e invitados"},"content":{"rendered":"<ul>\n<li><strong><em>Todas las ganancias ser\u00e1n donadas a la AFEECI, una asociaci\u00f3n civil sin fines de lucro, que cumple 10 a\u00f1os de trabajar con ni\u00f1os, ni\u00f1as y familias vulnerables que viven o trabajan en la zona de Tacubaya<\/em><\/strong><\/li>\n<\/ul>\n<p>&nbsp;<\/p>\n<div id=\"attachment_300551\" style=\"width: 430px\" class=\"wp-caption aligncenter\"><a href=\"http:\/\/www.diarioimagen.net\/?attachment_id=300551\" rel=\"attachment wp-att-300551\"><img loading=\"lazy\" decoding=\"async\" aria-describedby=\"caption-attachment-300551\" class=\"wp-image-300551\" src=\"http:\/\/www.diarioimagen.net\/wp-content\/uploads\/2016\/11\/ANUNCIO-ORQuesta-pooortal-368x460.jpg\" alt=\"La Orquesta Cl\u00e1sica de M\u00e9xico, bajo la batuta del maestro Carlos Esteva Loyola, con 43 a\u00f1os de trayectoria y los invitados, har\u00e1n un recorrido por las obras m\u00e1s representativas de la m\u00fasica mexicana de todos los tiempos, como el \u201cHuapango de Moncayo\u201d, el vals \u201cSobre las olas\u201d, canciones de Juan Gabriel y muchas m\u00e1s.\" width=\"420\" height=\"525\" srcset=\"https:\/\/www.diarioimagen.net\/wp-content\/uploads\/2016\/11\/ANUNCIO-ORQuesta-pooortal-368x460.jpg 368w, https:\/\/www.diarioimagen.net\/wp-content\/uploads\/2016\/11\/ANUNCIO-ORQuesta-pooortal-192x240.jpg 192w, https:\/\/www.diarioimagen.net\/wp-content\/uploads\/2016\/11\/ANUNCIO-ORQuesta-pooortal.jpg 700w\" sizes=\"auto, (max-width: 420px) 100vw, 420px\" \/><\/a><p id=\"caption-attachment-300551\" class=\"wp-caption-text\">La Orquesta Cl\u00e1sica de M\u00e9xico, bajo la batuta del maestro Carlos Esteva Loyola, con 43 a\u00f1os de trayectoria y los invitados, har\u00e1n un recorrido por las obras m\u00e1s representativas de la m\u00fasica mexicana de todos los tiempos, como el \u201cHuapango de Moncayo\u201d, el vals \u201cSobre las olas\u201d, canciones de Juan Gabriel y muchas m\u00e1s.<\/p><\/div>\n<p>&nbsp;<\/p>\n<p>La Orquesta Cl\u00e1sica de M\u00e9xico; el tenor C\u00e9sar Mill\u00e1n; la soprano Ruth Mirelles y el coro \u201cAmigas de la m\u00fasica\u201d dar\u00e1n un concierto con causa el domingo 4 de diciembre a las 12:30 horas en el Centro Cultural Roberto Cantoral.<\/p>\n<p>Todas las ganancias ser\u00e1n donadas a la AFEECI (Adolescencia Feliz Evitando la Callejerizaci\u00f3n Infantil), una asociaci\u00f3n civil sin fines de lucro que cumple 10 a\u00f1os de trabajar con ni\u00f1os, ni\u00f1as y familias vulnerables que viven o trabajan en la zona de Tacubaya. Sus programas de educaci\u00f3n, salud mental y salud f\u00edsica ayudan de forma integral y en comunidad a sus beneficiarios a tener un futuro mejor.<\/p>\n<p>La orquesta, con 43 a\u00f1os de trayectoria, y los invitados, har\u00e1n un recorrido por las obras m\u00e1s representativas de la m\u00fasica mexicana de todos los tiempos, como el \u201cHuapango\u201d de Moncayo, el vals \u201cSobre las olas\u201d, canciones de Juan Gabriel y muchas m\u00e1s.<\/p>\n<p>Desde que abri\u00f3 sus puertas, AFEECI ha atendido a m\u00e1s de 200 ni\u00f1os y ni\u00f1as en situaci\u00f3n de riesgo, integr\u00e1ndolos en un modelo de prevenci\u00f3n y empoderamiento que les da las herramientas necesarias para salir adelante.<\/p>\n<p>Los ni\u00f1os en riesgo de calle de Tacubaya te necesitan\u2026 \u00a1Disfruta de una tarde llena de m\u00fasica mexicana y ap\u00f3yalos!<\/p>\n<p>La AFEECI es una organizaci\u00f3n sin fines de lucro, cuyo objetivo es apoyar a ni\u00f1os, ni\u00f1as, adolescentes y familias que habitan en las zonas m\u00e1s vulnerables de la Ciudad de M\u00e9xico, principalmente en la zona de Tacubaya y alrededores. Esta acci\u00f3n nace ante la inquietud de hacer algo a favor de los grupos con mayores problem\u00e1ticas sociales.<\/p>\n<p>La organizaci\u00f3n, desde sus inicios intenta con cada una de sus acciones y estrategias promover la transformaci\u00f3n social de M\u00e9xico, a trav\u00e9s de pr\u00e1cticas y actividades culturales-art\u00edsticas, desarrollo humano, educaci\u00f3n, salud y apoyo psicol\u00f3gico a ni\u00f1os, ni\u00f1as, adolescentes y familias de escasos recursos.<\/p>\n<p>M\u00e1s informaci\u00f3n en: http:\/\/www.afeeci.org.<\/p>\n<p>Compra tus boletos en las taquillas del Centro Cultural Roberto Cantoral o en el sistema Ticketmaster.<\/p>\n<p>&nbsp;<\/p>\n<blockquote><p>Desde que abri\u00f3 sus puertas, la AFEECI ha atendido a m\u00e1s de 200 ni\u00f1os y ni\u00f1as en situaci\u00f3n de riesgo, integr\u00e1ndolos en un modelo de prevenci\u00f3n y empoderamiento, que les da las herramientas necesarias para salir adelante.<\/p><\/blockquote>\n","protected":false},"excerpt":{"rendered":"<p>La Orquesta Cl\u00e1sica de M\u00e9xico; el tenor C\u00e9sar Mill\u00e1n; la soprano Ruth Mirelles y el coro \u201cAmigas de la m\u00fasica\u201d dar\u00e1n un concierto con causa el domingo 4 de diciembre a las 12:30 horas en el Centro Cultural Roberto Cantoral.<\/p>\n","protected":false},"author":5,"featured_media":300552,"comment_status":"open","ping_status":"open","sticky":false,"template":"","format":"standard","meta":{"_monsterinsights_skip_tracking":false,"_monsterinsights_sitenote_active":false,"_monsterinsights_sitenote_note":"","_monsterinsights_sitenote_category":0,"footnotes":""},"categories":[17,12],"tags":[],"class_list":["post-300550","post","type-post","status-publish","format-standard","has-post-thumbnail","hentry","category-especiales","category-espectaculos"],"_links":{"self":[{"href":"https:\/\/www.diarioimagen.net\/index.php?rest_route=\/wp\/v2\/posts\/300550","targetHints":{"allow":["GET"]}}],"collection":[{"href":"https:\/\/www.diarioimagen.net\/index.php?rest_route=\/wp\/v2\/posts"}],"about":[{"href":"https:\/\/www.diarioimagen.net\/index.php?rest_route=\/wp\/v2\/types\/post"}],"author":[{"embeddable":true,"href":"https:\/\/www.diarioimagen.net\/index.php?rest_route=\/wp\/v2\/users\/5"}],"replies":[{"embeddable":true,"href":"https:\/\/www.diarioimagen.net\/index.php?rest_route=%2Fwp%2Fv2%2Fcomments&post=300550"}],"version-history":[{"count":0,"href":"https:\/\/www.diarioimagen.net\/index.php?rest_route=\/wp\/v2\/posts\/300550\/revisions"}],"wp:featuredmedia":[{"embeddable":true,"href":"https:\/\/www.diarioimagen.net\/index.php?rest_route=\/wp\/v2\/media\/300552"}],"wp:attachment":[{"href":"https:\/\/www.diarioimagen.net\/index.php?rest_route=%2Fwp%2Fv2%2Fmedia&parent=300550"}],"wp:term":[{"taxonomy":"category","embeddable":true,"href":"https:\/\/www.diarioimagen.net\/index.php?rest_route=%2Fwp%2Fv2%2Fcategories&post=300550"},{"taxonomy":"post_tag","embeddable":true,"href":"https:\/\/www.diarioimagen.net\/index.php?rest_route=%2Fwp%2Fv2%2Ftags&post=300550"}],"curies":[{"name":"wp","href":"https:\/\/api.w.org\/{rel}","templated":true}]}}