{"id":300612,"date":"2016-11-28T00:01:37","date_gmt":"2016-11-28T06:01:37","guid":{"rendered":"http:\/\/www.diarioimagen.net\/?p=300612"},"modified":"2016-11-28T04:42:51","modified_gmt":"2016-11-28T10:42:51","slug":"jorge-olvera-sumo-136-investigadores-de-la-uaem-al-sni","status":"publish","type":"post","link":"https:\/\/www.diarioimagen.net\/?p=300612","title":{"rendered":"Jorge Olvera sum\u00f3 136 investigadores de la UAEM al SNI"},"content":{"rendered":"<p><a href=\"http:\/\/www.diarioimagen.net\/?attachment_id=300695\" rel=\"attachment wp-att-300695\"><img loading=\"lazy\" decoding=\"async\" class=\"aligncenter size-large wp-image-300695\" src=\"http:\/\/www.diarioimagen.net\/wp-content\/uploads\/2016\/11\/UAEM-3006-460x259.jpg\" alt=\"uaem-3006\" width=\"460\" height=\"259\" srcset=\"https:\/\/www.diarioimagen.net\/wp-content\/uploads\/2016\/11\/UAEM-3006-460x259.jpg 460w, https:\/\/www.diarioimagen.net\/wp-content\/uploads\/2016\/11\/UAEM-3006-240x135.jpg 240w, https:\/\/www.diarioimagen.net\/wp-content\/uploads\/2016\/11\/UAEM-3006-235x132.jpg 235w, https:\/\/www.diarioimagen.net\/wp-content\/uploads\/2016\/11\/UAEM-3006-202x114.jpg 202w, https:\/\/www.diarioimagen.net\/wp-content\/uploads\/2016\/11\/UAEM-3006-350x196.jpg 350w, https:\/\/www.diarioimagen.net\/wp-content\/uploads\/2016\/11\/UAEM-3006-220x123.jpg 220w, https:\/\/www.diarioimagen.net\/wp-content\/uploads\/2016\/11\/UAEM-3006-237x132.jpg 237w, https:\/\/www.diarioimagen.net\/wp-content\/uploads\/2016\/11\/UAEM-3006.jpg 480w\" sizes=\"auto, (max-width: 460px) 100vw, 460px\" \/><\/a><\/p>\n<p>&nbsp;<\/p>\n<p>De 2013 a la fecha, 136 profesores de la UAEM se incorporaron al Sistema Nacional de Investigadores (SNI) y hoy la instituci\u00f3n suma un total de 551, se\u00f1al\u00f3 el rector Jorge Olvera Garc\u00eda, al encabezar el tradicional desayuno que con motivo de fin de a\u00f1o se realiza con los universitarios integrantes del sistema.<\/p>\n","protected":false},"excerpt":{"rendered":"<p>De 2013 a la fecha, 136 profesores de la UAEM se incorporaron al Sistema Nacional de Investigadores (SNI) y hoy la instituci\u00f3n suma un total de 551, se\u00f1al\u00f3 el rector Jorge Olvera Garc\u00eda, al encabezar el tradicional desayuno que con motivo de fin de a\u00f1o se realiza con los universitarios integrantes del sistema.<\/p>\n","protected":false},"author":3,"featured_media":300695,"comment_status":"open","ping_status":"open","sticky":false,"template":"","format":"standard","meta":{"_monsterinsights_skip_tracking":false,"_monsterinsights_sitenote_active":false,"_monsterinsights_sitenote_note":"","_monsterinsights_sitenote_category":0,"footnotes":""},"categories":[35155],"tags":[45669,1491],"class_list":["post-300612","post","type-post","status-publish","format-standard","has-post-thumbnail","hentry","category-estado-de-mexico-estado-de-mexico","tag-investigadores","tag-uaem"],"_links":{"self":[{"href":"https:\/\/www.diarioimagen.net\/index.php?rest_route=\/wp\/v2\/posts\/300612","targetHints":{"allow":["GET"]}}],"collection":[{"href":"https:\/\/www.diarioimagen.net\/index.php?rest_route=\/wp\/v2\/posts"}],"about":[{"href":"https:\/\/www.diarioimagen.net\/index.php?rest_route=\/wp\/v2\/types\/post"}],"author":[{"embeddable":true,"href":"https:\/\/www.diarioimagen.net\/index.php?rest_route=\/wp\/v2\/users\/3"}],"replies":[{"embeddable":true,"href":"https:\/\/www.diarioimagen.net\/index.php?rest_route=%2Fwp%2Fv2%2Fcomments&post=300612"}],"version-history":[{"count":0,"href":"https:\/\/www.diarioimagen.net\/index.php?rest_route=\/wp\/v2\/posts\/300612\/revisions"}],"wp:featuredmedia":[{"embeddable":true,"href":"https:\/\/www.diarioimagen.net\/index.php?rest_route=\/wp\/v2\/media\/300695"}],"wp:attachment":[{"href":"https:\/\/www.diarioimagen.net\/index.php?rest_route=%2Fwp%2Fv2%2Fmedia&parent=300612"}],"wp:term":[{"taxonomy":"category","embeddable":true,"href":"https:\/\/www.diarioimagen.net\/index.php?rest_route=%2Fwp%2Fv2%2Fcategories&post=300612"},{"taxonomy":"post_tag","embeddable":true,"href":"https:\/\/www.diarioimagen.net\/index.php?rest_route=%2Fwp%2Fv2%2Ftags&post=300612"}],"curies":[{"name":"wp","href":"https:\/\/api.w.org\/{rel}","templated":true}]}}