{"id":300618,"date":"2016-11-28T00:06:07","date_gmt":"2016-11-28T06:06:07","guid":{"rendered":"http:\/\/www.diarioimagen.net\/?p=300618"},"modified":"2016-11-28T04:44:56","modified_gmt":"2016-11-28T10:44:56","slug":"ofrecen-en-huixquilucan-asesoria-a-mujeres-en-situacion-de-maltrato","status":"publish","type":"post","link":"https:\/\/www.diarioimagen.net\/?p=300618","title":{"rendered":"Ofrecen en Huixquilucan asesor\u00eda a mujeres en situaci\u00f3n de maltrato"},"content":{"rendered":"<ul>\n<li><strong><em>Acciones preventivas del gobierno municipal<\/em><\/strong><\/li>\n<\/ul>\n<p>&nbsp;<\/p>\n<div id=\"attachment_300701\" style=\"width: 470px\" class=\"wp-caption aligncenter\"><a href=\"http:\/\/www.diarioimagen.net\/?attachment_id=300701\" rel=\"attachment wp-att-300701\"><img loading=\"lazy\" decoding=\"async\" aria-describedby=\"caption-attachment-300701\" class=\"size-large wp-image-300701\" src=\"http:\/\/www.diarioimagen.net\/wp-content\/uploads\/2016\/11\/HUIXQUILUCAN-3006-460x259.jpg\" alt=\"Romina Contreras Carrasco, presidenta del DIF Huixquilucan, encabez\u00f3 la conmemoraci\u00f3n del D\u00eda Internacional de la No Violencia Contra la Mujer.\" width=\"460\" height=\"259\" srcset=\"https:\/\/www.diarioimagen.net\/wp-content\/uploads\/2016\/11\/HUIXQUILUCAN-3006-460x259.jpg 460w, https:\/\/www.diarioimagen.net\/wp-content\/uploads\/2016\/11\/HUIXQUILUCAN-3006-240x135.jpg 240w, https:\/\/www.diarioimagen.net\/wp-content\/uploads\/2016\/11\/HUIXQUILUCAN-3006-235x132.jpg 235w, https:\/\/www.diarioimagen.net\/wp-content\/uploads\/2016\/11\/HUIXQUILUCAN-3006-202x114.jpg 202w, https:\/\/www.diarioimagen.net\/wp-content\/uploads\/2016\/11\/HUIXQUILUCAN-3006-350x196.jpg 350w, https:\/\/www.diarioimagen.net\/wp-content\/uploads\/2016\/11\/HUIXQUILUCAN-3006-220x123.jpg 220w, https:\/\/www.diarioimagen.net\/wp-content\/uploads\/2016\/11\/HUIXQUILUCAN-3006-237x132.jpg 237w, https:\/\/www.diarioimagen.net\/wp-content\/uploads\/2016\/11\/HUIXQUILUCAN-3006.jpg 480w\" sizes=\"auto, (max-width: 460px) 100vw, 460px\" \/><\/a><p id=\"caption-attachment-300701\" class=\"wp-caption-text\">Romina Contreras Carrasco, presidenta del DIF Huixquilucan, encabez\u00f3 la conmemoraci\u00f3n del D\u00eda Internacional de la No Violencia Contra la Mujer.<\/p><\/div>\n<p>&nbsp;<\/p>\n<p><strong>Huixquilucan, Estado de M\u00e9xico<\/strong>.- Al conmemorar el D\u00eda Internacional de la No Violencia Contra la Mujer, la presidenta del sistema DIF Huixquilucan, Romina Contreras Carrasco, recalc\u00f3 que el gobierno municipal trabaja de manera preventiva\u00a0para erradicar esta problem\u00e1tica, para lo cual se ofrecen terapias, talleres, asesor\u00eda jur\u00eddica y psicol\u00f3gica para atender cualquier situaci\u00f3n de maltrato.<\/p>\n<p>\u201cEs importante que desde la familia se erradiquen estas conductas, debemos hablar con las ni\u00f1as y las jovencitas para prevenir cualquier situaci\u00f3n de violencia y denunciar los maltratos, adem\u00e1s de inculcar en los ni\u00f1os el respeto por las mujeres\u201d, se\u00f1alp.<\/p>\n<p>Acompa\u00f1ada por \u00c1ngeles Barranco, promotora voluntaria de la Cultura y la Lengua Otom\u00ed; Mariana Brown, actriz, conductora y\u00a0 locutora de radio; Mar\u00eda de la Luz Anaya Berrios, directora del Centro An\u00e1huac de Estudios de la Mujer; Luc\u00eda Carrillo Ovalles, maestra en pol\u00edticas de Equidad de G\u00e9nero as\u00ed como, por la directora de Desarrollo Social, Alejandra Parra Flores, la presidenta del DIF Huixquilucan, Romina Contreras exhort\u00f3 a las mujeres a denunciar los maltratos para frenar los abusos y lograr con ello una mejor sociedad.<\/p>\n<p>La directora de Desarrollo Social, Alejandra Parra Flores, recalc\u00f3 que las instrucciones del presidente municipal, Enrique Vargas del Villar, son brindar apoyo a las mujeres de Huixquilucan que son violentadas y se acerquen a la Subdirecci\u00f3n de Atenci\u00f3n a la Mujer, donde ser\u00e1n atendidas de manera oportuna por personal altamente calificado.<\/p>\n<p>\u00c1ngeles Barranco, promotora de la Cultura Otom\u00ed y Mar\u00eda de la Luz Anaya, catedr\u00e1tica de la Universidad An\u00e1huac, coincidieron en se\u00f1alar que la sociedad y la cultura de nuestro pa\u00eds son un factor importante que se debe tomar en cuenta para erradicar la violencia contra la mujer y destacaron que la recuperaci\u00f3n de los valores y el respeto, son fundamentales para frenar situaciones de abuso.\u00a0Por su parte Luc\u00eda Carillo Ovalles, maestra en Pol\u00edticas de Equidad de G\u00e9nero, destac\u00f3 el trabajo preventivo que realiza el gobierno de Huixquilucan, que encabeza Enrique Vargas del Villar, para atender los temas de violencia contra la mujer.<\/p>\n","protected":false},"excerpt":{"rendered":"<p>Al conmemorar el D\u00eda Internacional de la No Violencia Contra la Mujer, la presidenta del sistema DIF Huixquilucan, Romina Contreras Carrasco, recalc\u00f3 que el gobierno municipal trabaja de manera preventiva para erradicar esta problem\u00e1tica, para lo cual se ofrecen terapias, talleres, asesor\u00eda jur\u00eddica y psicol\u00f3gica para atender cualquier situaci\u00f3n de maltrato.<\/p>\n","protected":false},"author":3,"featured_media":300701,"comment_status":"open","ping_status":"open","sticky":false,"template":"","format":"standard","meta":{"_monsterinsights_skip_tracking":false,"_monsterinsights_sitenote_active":false,"_monsterinsights_sitenote_note":"","_monsterinsights_sitenote_category":0,"footnotes":""},"categories":[35155],"tags":[43675,1097],"class_list":["post-300618","post","type-post","status-publish","format-standard","has-post-thumbnail","hentry","category-estado-de-mexico-estado-de-mexico","tag-estado-de-mexico","tag-huixquilucan"],"_links":{"self":[{"href":"https:\/\/www.diarioimagen.net\/index.php?rest_route=\/wp\/v2\/posts\/300618","targetHints":{"allow":["GET"]}}],"collection":[{"href":"https:\/\/www.diarioimagen.net\/index.php?rest_route=\/wp\/v2\/posts"}],"about":[{"href":"https:\/\/www.diarioimagen.net\/index.php?rest_route=\/wp\/v2\/types\/post"}],"author":[{"embeddable":true,"href":"https:\/\/www.diarioimagen.net\/index.php?rest_route=\/wp\/v2\/users\/3"}],"replies":[{"embeddable":true,"href":"https:\/\/www.diarioimagen.net\/index.php?rest_route=%2Fwp%2Fv2%2Fcomments&post=300618"}],"version-history":[{"count":0,"href":"https:\/\/www.diarioimagen.net\/index.php?rest_route=\/wp\/v2\/posts\/300618\/revisions"}],"wp:featuredmedia":[{"embeddable":true,"href":"https:\/\/www.diarioimagen.net\/index.php?rest_route=\/wp\/v2\/media\/300701"}],"wp:attachment":[{"href":"https:\/\/www.diarioimagen.net\/index.php?rest_route=%2Fwp%2Fv2%2Fmedia&parent=300618"}],"wp:term":[{"taxonomy":"category","embeddable":true,"href":"https:\/\/www.diarioimagen.net\/index.php?rest_route=%2Fwp%2Fv2%2Fcategories&post=300618"},{"taxonomy":"post_tag","embeddable":true,"href":"https:\/\/www.diarioimagen.net\/index.php?rest_route=%2Fwp%2Fv2%2Ftags&post=300618"}],"curies":[{"name":"wp","href":"https:\/\/api.w.org\/{rel}","templated":true}]}}