{"id":300630,"date":"2016-11-28T00:05:20","date_gmt":"2016-11-28T06:05:20","guid":{"rendered":"http:\/\/www.diarioimagen.net\/?p=300630"},"modified":"2016-11-28T04:50:54","modified_gmt":"2016-11-28T10:50:54","slug":"rescata-la-policia-de-atizapan-a-joven-que-huia-de-sus-captores","status":"publish","type":"post","link":"https:\/\/www.diarioimagen.net\/?p=300630","title":{"rendered":"Rescata la polic\u00eda de Atizap\u00e1n a joven que hu\u00eda de sus captores"},"content":{"rendered":"<ul>\n<li><strong><em>Recorrido por Condado de Sayavedra<\/em><\/strong><\/li>\n<\/ul>\n<p>&nbsp;<\/p>\n<div id=\"attachment_300712\" style=\"width: 470px\" class=\"wp-caption aligncenter\"><a href=\"http:\/\/www.diarioimagen.net\/?attachment_id=300712\" rel=\"attachment wp-att-300712\"><img loading=\"lazy\" decoding=\"async\" aria-describedby=\"caption-attachment-300712\" class=\"size-large wp-image-300712\" src=\"http:\/\/www.diarioimagen.net\/wp-content\/uploads\/2016\/11\/ATIZAPAN-3006-460x259.jpg\" alt=\"El gobierno de Ana Mar\u00eda Balderas Trejo realiza de manera permanente operativos de seguridad a lo largo y ancho del territorio municipal.\" width=\"460\" height=\"259\" srcset=\"https:\/\/www.diarioimagen.net\/wp-content\/uploads\/2016\/11\/ATIZAPAN-3006-460x259.jpg 460w, https:\/\/www.diarioimagen.net\/wp-content\/uploads\/2016\/11\/ATIZAPAN-3006-240x135.jpg 240w, https:\/\/www.diarioimagen.net\/wp-content\/uploads\/2016\/11\/ATIZAPAN-3006-235x132.jpg 235w, https:\/\/www.diarioimagen.net\/wp-content\/uploads\/2016\/11\/ATIZAPAN-3006-202x114.jpg 202w, https:\/\/www.diarioimagen.net\/wp-content\/uploads\/2016\/11\/ATIZAPAN-3006-350x196.jpg 350w, https:\/\/www.diarioimagen.net\/wp-content\/uploads\/2016\/11\/ATIZAPAN-3006-220x123.jpg 220w, https:\/\/www.diarioimagen.net\/wp-content\/uploads\/2016\/11\/ATIZAPAN-3006-237x132.jpg 237w, https:\/\/www.diarioimagen.net\/wp-content\/uploads\/2016\/11\/ATIZAPAN-3006.jpg 480w\" sizes=\"auto, (max-width: 460px) 100vw, 460px\" \/><\/a><p id=\"caption-attachment-300712\" class=\"wp-caption-text\">El gobierno de Ana Mar\u00eda Balderas Trejo realiza de manera permanente operativos de seguridad a lo largo y ancho del territorio municipal.<\/p><\/div>\n<p>&nbsp;<\/p>\n<p><strong>Atizap\u00e1n, Estado de M\u00e9xico<\/strong>.- Con la finalidad de hacer de \u00e9ste, el municipio m\u00e1s seguro del Valle de M\u00e9xico, la presente administraci\u00f3n dirigida por la alcaldesa Ana Mar\u00eda Balderas Trejo, realiza de manera permanente operativos de seguridad a lo largo y ancho del territorio municipal para velar por el bienestar de los atizapenses.<\/p>\n<p>Como hecho reciente pero sobre todo sobresaliente, resalta el caso registrado recientemente, donde al realizar un recorrido por Condado de Sayavedra, elementos del GOE auxiliaron de manera oportuna a un joven que corr\u00eda con las manos esposadas por el circuito, intentando escapar de dos sujetos que presuntamente lo hab\u00edan secuestrado.<br \/>\nAnte esta situaci\u00f3n, en el lugar se mont\u00f3 un fuerte dispositivo de seguridad para lograr la captura de dos j\u00f3venes que fueron identificados plenamente por su v\u00edctima, mismo que declar\u00f3 ante las autoridades locales haber sido esposado y privado de su libertad por los presuntos secuestradores.<\/p>\n<p>Los detenidos fueron remitidos ante el Ministerio P\u00fablico local por el presunto delito de secuestro, donde las autoridades ministeriales comenzaron las indagatorias pertinentes y ser\u00e1n ellos los encargados de determinar en las pr\u00f3ximas horas su situaci\u00f3n jur\u00eddica.<\/p>\n<p>Mediante el fortalecimiento de vigilancia en la demarcaci\u00f3n, la Direcci\u00f3n de Seguridad P\u00fablica y Tr\u00e1nsito Municipal \u00a0ha logrado inhibir la comisi\u00f3n de delitos de alto impacto en el territorio, pues de acuerdo con\u00a0cifras presentadas por la Comisi\u00f3n Estatal de Seguridad Ciudadana se ha reducido un\u00a023 por ciento\u00a0el \u00edndice delictivo en el territorio.<\/p>\n<p>Adem\u00e1s de que los registros delictivos van a la baja, el fortalecimiento de la seguridad p\u00fablica integrada por los tres \u00f3rdenes de gobierno con las Bases de Operaciones Mixtas (BOM), integradas por la polic\u00eda municipal, estatal y federal, as\u00ed como el ej\u00e9rcito y la marina, han puesto de manifiesto la aprobaci\u00f3n de los atizapenses en la toma de decisiones de la mandataria local.<\/p>\n<p>&nbsp;<\/p>\n","protected":false},"excerpt":{"rendered":"<p> Con la finalidad de hacer de \u00e9ste, el municipio m\u00e1s seguro del Valle de M\u00e9xico, la presente administraci\u00f3n dirigida por la alcaldesa Ana Mar\u00eda Balderas Trejo, realiza de manera permanente operativos de seguridad a lo largo y ancho del territorio municipal para velar por el bienestar de los atizapenses.<\/p>\n","protected":false},"author":3,"featured_media":300712,"comment_status":"open","ping_status":"open","sticky":false,"template":"","format":"standard","meta":{"_monsterinsights_skip_tracking":false,"_monsterinsights_sitenote_active":false,"_monsterinsights_sitenote_note":"","_monsterinsights_sitenote_category":0,"footnotes":""},"categories":[35155],"tags":[969,43675,3310],"class_list":["post-300630","post","type-post","status-publish","format-standard","has-post-thumbnail","hentry","category-estado-de-mexico-estado-de-mexico","tag-atizapan","tag-estado-de-mexico","tag-secuestro"],"_links":{"self":[{"href":"https:\/\/www.diarioimagen.net\/index.php?rest_route=\/wp\/v2\/posts\/300630","targetHints":{"allow":["GET"]}}],"collection":[{"href":"https:\/\/www.diarioimagen.net\/index.php?rest_route=\/wp\/v2\/posts"}],"about":[{"href":"https:\/\/www.diarioimagen.net\/index.php?rest_route=\/wp\/v2\/types\/post"}],"author":[{"embeddable":true,"href":"https:\/\/www.diarioimagen.net\/index.php?rest_route=\/wp\/v2\/users\/3"}],"replies":[{"embeddable":true,"href":"https:\/\/www.diarioimagen.net\/index.php?rest_route=%2Fwp%2Fv2%2Fcomments&post=300630"}],"version-history":[{"count":0,"href":"https:\/\/www.diarioimagen.net\/index.php?rest_route=\/wp\/v2\/posts\/300630\/revisions"}],"wp:featuredmedia":[{"embeddable":true,"href":"https:\/\/www.diarioimagen.net\/index.php?rest_route=\/wp\/v2\/media\/300712"}],"wp:attachment":[{"href":"https:\/\/www.diarioimagen.net\/index.php?rest_route=%2Fwp%2Fv2%2Fmedia&parent=300630"}],"wp:term":[{"taxonomy":"category","embeddable":true,"href":"https:\/\/www.diarioimagen.net\/index.php?rest_route=%2Fwp%2Fv2%2Fcategories&post=300630"},{"taxonomy":"post_tag","embeddable":true,"href":"https:\/\/www.diarioimagen.net\/index.php?rest_route=%2Fwp%2Fv2%2Ftags&post=300630"}],"curies":[{"name":"wp","href":"https:\/\/api.w.org\/{rel}","templated":true}]}}