{"id":300750,"date":"2016-11-28T18:00:50","date_gmt":"2016-11-29T00:00:50","guid":{"rendered":"http:\/\/www.diarioimagen.net\/?p=300750"},"modified":"2016-11-29T23:17:47","modified_gmt":"2016-11-30T05:17:47","slug":"se-realizara-en-teotihuacan-la-tercera-feria-cultural-del-maguey","status":"publish","type":"post","link":"https:\/\/www.diarioimagen.net\/?p=300750","title":{"rendered":"Se realizar\u00e1 en Teotihuac\u00e1n la Tercera Feria Cultural del Maguey"},"content":{"rendered":"<ul>\n<li><em><strong>En la comunidad de San Isidro del Progreso<\/strong><\/em><\/li>\n<\/ul>\n<p>&nbsp;<\/p>\n<div id=\"attachment_300751\" style=\"width: 470px\" class=\"wp-caption aligncenter\"><a href=\"http:\/\/www.diarioimagen.net\/?attachment_id=300751\" rel=\"attachment wp-att-300751\"><img loading=\"lazy\" decoding=\"async\" aria-describedby=\"caption-attachment-300751\" class=\"size-large wp-image-300751\" src=\"http:\/\/www.diarioimagen.net\/wp-content\/uploads\/2016\/11\/MAGUEY29-portal-460x268.jpg\" alt=\"El 3 y 4 de diciembre se llevar\u00e1 a cabo la Tercera Feria Cultural del Maguey en la comunidad de San Isidro del Progreso.\" width=\"460\" height=\"268\" srcset=\"https:\/\/www.diarioimagen.net\/wp-content\/uploads\/2016\/11\/MAGUEY29-portal-460x268.jpg 460w, https:\/\/www.diarioimagen.net\/wp-content\/uploads\/2016\/11\/MAGUEY29-portal-240x140.jpg 240w, https:\/\/www.diarioimagen.net\/wp-content\/uploads\/2016\/11\/MAGUEY29-portal.jpg 480w\" sizes=\"auto, (max-width: 460px) 100vw, 460px\" \/><\/a><p id=\"caption-attachment-300751\" class=\"wp-caption-text\">El 3 y 4 de diciembre se llevar\u00e1 a cabo la Tercera Feria Cultural del Maguey en la comunidad de San Isidro del Progreso.<\/p><\/div>\n<p>&nbsp;<\/p>\n<p><strong>Metepec, Estado de M\u00e9xico<\/strong>.- Para fomentar la producci\u00f3n y cuidado del maguey y sus derivados, as\u00ed como lograr un mercado directo del productor al consumidor, el 3 y 4 de diciembre se llevar\u00e1 a cabo la Tercera Feria Cultural del Maguey en la comunidad de San Isidro del Progreso en el municipio de Teotihuac\u00e1n.<\/p>\n<p>Jos\u00e9 Ram\u00f3n Albarr\u00e1n Mora, director general de Comercializaci\u00f3n de Sedagro, inform\u00f3 que participar\u00e1n productores de los municipios de Teotihuac\u00e1n, San Mart\u00edn de las Pir\u00e1mides, Axapusco, Temascalapa, Nopaltepec y Otumba, que en conjunto cultivan el maguey en una superficie de alrededor de mil 440 hect\u00e1reas; adem\u00e1s de tener como invitados a los productores de ixtle del estado de Hidalgo.<\/p>\n<p>Durante el evento, los productores tambi\u00e9n asistir\u00e1n a conferencias y talleres impartidos por catedr\u00e1ticos de la Universidad Nacional Aut\u00f3noma de M\u00e9xico, y de la Universidad Aut\u00f3noma Chapingo, quienes abordar\u00e1n temas como el manejo de cultivos del maguey, extracci\u00f3n de ixtle para la elaboraci\u00f3n de artesan\u00edas, as\u00ed como raspado del maguey y elaboraci\u00f3n de pulque.<\/p>\n<p>Los asistentes a la Tercera Feria Cultural del Maguey tambi\u00e9n tendr\u00e1n la oportunidad de degustar diversos productos derivados del maguey como pulque, curados, pan, miel de maguey, atole y bebidas energizantes de aguamiel, adem\u00e1s de conocer las artesan\u00edas elaboradas con el ixtle, fibra que se extrae de la penca del este producto.<\/p>\n","protected":false},"excerpt":{"rendered":"<p>Para fomentar la producci\u00f3n y cuidado del maguey y sus derivados, as\u00ed como lograr un mercado directo del productor al consumidor, el 3 y 4 de diciembre se llevar\u00e1 a cabo la Tercera Feria Cultural del Maguey en la comunidad de San Isidro del Progreso en el municipio de Teotihuac\u00e1n.<\/p>\n","protected":false},"author":5,"featured_media":300751,"comment_status":"open","ping_status":"open","sticky":false,"template":"","format":"standard","meta":{"_monsterinsights_skip_tracking":false,"_monsterinsights_sitenote_active":false,"_monsterinsights_sitenote_note":"","_monsterinsights_sitenote_category":0,"footnotes":""},"categories":[35155],"tags":[43675,42,876,3450],"class_list":["post-300750","post","type-post","status-publish","format-standard","has-post-thumbnail","hentry","category-estado-de-mexico-estado-de-mexico","tag-estado-de-mexico","tag-hidalgo","tag-metepec","tag-teotihuacan"],"_links":{"self":[{"href":"https:\/\/www.diarioimagen.net\/index.php?rest_route=\/wp\/v2\/posts\/300750","targetHints":{"allow":["GET"]}}],"collection":[{"href":"https:\/\/www.diarioimagen.net\/index.php?rest_route=\/wp\/v2\/posts"}],"about":[{"href":"https:\/\/www.diarioimagen.net\/index.php?rest_route=\/wp\/v2\/types\/post"}],"author":[{"embeddable":true,"href":"https:\/\/www.diarioimagen.net\/index.php?rest_route=\/wp\/v2\/users\/5"}],"replies":[{"embeddable":true,"href":"https:\/\/www.diarioimagen.net\/index.php?rest_route=%2Fwp%2Fv2%2Fcomments&post=300750"}],"version-history":[{"count":0,"href":"https:\/\/www.diarioimagen.net\/index.php?rest_route=\/wp\/v2\/posts\/300750\/revisions"}],"wp:featuredmedia":[{"embeddable":true,"href":"https:\/\/www.diarioimagen.net\/index.php?rest_route=\/wp\/v2\/media\/300751"}],"wp:attachment":[{"href":"https:\/\/www.diarioimagen.net\/index.php?rest_route=%2Fwp%2Fv2%2Fmedia&parent=300750"}],"wp:term":[{"taxonomy":"category","embeddable":true,"href":"https:\/\/www.diarioimagen.net\/index.php?rest_route=%2Fwp%2Fv2%2Fcategories&post=300750"},{"taxonomy":"post_tag","embeddable":true,"href":"https:\/\/www.diarioimagen.net\/index.php?rest_route=%2Fwp%2Fv2%2Ftags&post=300750"}],"curies":[{"name":"wp","href":"https:\/\/api.w.org\/{rel}","templated":true}]}}