{"id":300771,"date":"2016-11-29T00:07:08","date_gmt":"2016-11-29T06:07:08","guid":{"rendered":"http:\/\/www.diarioimagen.net\/?p=300771"},"modified":"2016-11-29T06:25:10","modified_gmt":"2016-11-29T12:25:10","slug":"que-pena-tu-vida-es-una-comedia-con-mensaje","status":"publish","type":"post","link":"https:\/\/www.diarioimagen.net\/?p=300771","title":{"rendered":"<em>Qu\u00e9 pena tu vida<\/em> es una comedia con mensaje"},"content":{"rendered":"<ul>\n<li><em><strong>La pel\u00edcula, dirigida por Luis Eduardo Reyes, se estrena este 2 de diciembre en cines mexicanos<\/strong><\/em><\/li>\n<\/ul>\n<h6>Arturo Arellano<\/h6>\n<p><strong>\u00a0<\/strong><\/p>\n<div id=\"attachment_300775\" style=\"width: 470px\" class=\"wp-caption aligncenter\"><a href=\"http:\/\/www.diarioimagen.net\/?attachment_id=300775\" rel=\"attachment wp-att-300775\"><img loading=\"lazy\" decoding=\"async\" aria-describedby=\"caption-attachment-300775\" class=\"size-large wp-image-300775\" src=\"http:\/\/www.diarioimagen.net\/wp-content\/uploads\/2016\/11\/que-pena-tu-vida-PORTAL-460x268.jpg\" alt=\"En conferencia de prensa, Luis Eduardo Reyes, director de la cinta y parte de su elenco, entre ellos Fabiola Campomanes, Ilse Salas, Aislinn Derbez, Jos\u00e9 Mar\u00eda de Tavira y Marcus Ornellas hablaron de la pel\u00edcula \u201cQu\u00e9 pena tu vida\u201d. (Foto: Arturo Arellano)\" width=\"460\" height=\"268\" srcset=\"https:\/\/www.diarioimagen.net\/wp-content\/uploads\/2016\/11\/que-pena-tu-vida-PORTAL-460x268.jpg 460w, https:\/\/www.diarioimagen.net\/wp-content\/uploads\/2016\/11\/que-pena-tu-vida-PORTAL-240x140.jpg 240w, https:\/\/www.diarioimagen.net\/wp-content\/uploads\/2016\/11\/que-pena-tu-vida-PORTAL.jpg 480w\" sizes=\"auto, (max-width: 460px) 100vw, 460px\" \/><\/a><p id=\"caption-attachment-300775\" class=\"wp-caption-text\">En conferencia de prensa, Luis Eduardo Reyes, director de la cinta y parte de su elenco, entre ellos Fabiola Campomanes, Ilse Salas, Aislinn Derbez, Jos\u00e9 Mar\u00eda de Tavira y Marcus Ornellas hablaron de la pel\u00edcula <em>\u201cQu\u00e9 pena tu vida\u201d<\/em>.<em> (Foto: Arturo Arellano)<\/em><\/p><\/div>\n<p>&nbsp;<\/p>\n<p>\u201cQu\u00e9 pena tu vida\u201d es el <em>remake<\/em> de la cinta chilena con el mismo nombre, pero muy a la mexicana, dirigida por Luis Eduardo Reyes y protagonizada por Aislinn Derbez y Jos\u00e9 Mar\u00eda de Tavira, que llegar\u00e1 a las salas de cine este 2 de diciembre. \u201cQu\u00e9 pena tu vida\u201d es una pel\u00edcula que invita al espectador a desprenderse de un amor con humor, dejar ir lo que no te pertenece con la mejor de las actitudes.<\/p>\n<p>En conferencia de prensa, Luis Eduardo Reyes, director de la cinta y parte de su elenco, entre ellos Fabiola Campomanes, Ilse Salas, Aislinn Derbez, Jos\u00e9 Mar\u00eda de Tavira y Marcus Ornellas hablaron al respecto.<\/p>\n<p>Luis Eduardo Reyes explic\u00f3 \u201cs\u00ed es una comedia, pero tambi\u00e9n tiene momentos de mucho drama que creo pueden llegar a tocar fibras muy sensibles en el espectador, hay muchas risas y carcajadas, para llegar despu\u00e9s a un momento de introspecci\u00f3n porque sin duda, toda la gente podr\u00e1 identificarse con alguno de los personajes en determinado momento, todos se han enamorado y todos hemos tenido que dejar ir a alguien\u201d.<\/p>\n<p>Y si bien este es <em>remake<\/em> de otra pel\u00edcula chilena, el director apunt\u00f3: \u201clogramos ponerle nuestro sello a la historia chilena, en la que su director y creador, Nicol\u00e1s L\u00f3pez, se qued\u00f3 un tanto sorprendido de lo bien que se hizo el tratamiento, lo tuvimos de invitado en el set y brome\u00e1bamos, \u00e9l me preguntaba si iba a poder contar bien sus historia y yo le respond\u00eda que no s\u00f3lo eso, sino que la iba a sublimar (risas)\u201d.<\/p>\n<p>Aislinn Derbez, quien se someti\u00f3 a un cambio de imagen para el rodaje de la pel\u00edcula agreg\u00f3 que \u201ces una historia universal que seguramente en M\u00e9xico a todos les ha pasado, todos hemos pasado por ah\u00ed, as\u00ed que se van a divertir viendo su reflejo en la pantalla. En cuanto a mi participaci\u00f3n puedo decir que siempre me han catalogado como la ni\u00f1a bonita, sexy, en cintas como \u2018A la mala\u2019, \u2018Macho\u2019, \u2018Compadres\u2019, pero en la vida real se los juro que soy muy parecida a mi personaje de \u2018Andrea\u2019 en esta pel\u00edcula, soy mucho m\u00e1s alivianada, sin tanto maquillaje y con otro look, otro car\u00e1cter. Por eso llevaba tiempo pidiendo que me dejaran mostrarme as\u00ed\u201d.<\/p>\n<p>En tanto, Fabiola Campomanes recalc\u00f3 que para ella \u201cha sido un honor trabajar con el maestro Reyes, de quien fui su alumna, me dio clases y ahora estar en un proyecto de \u00e9l completa parte de un ciclo. Mi experiencia fue maravillosa, ya quiero ver la pel\u00edcula, estoy, muy contenta\u201d. Tavira por su parte, agreg\u00f3 que es la primera vez que tiene la oportunidad de trabajar en compicidad con su madre Rosa Mar\u00eda Bianchi \u201ces un poco estresante, aunque muy divertido (risas), mi madre es una actriz maravillosa y eso por momentos te gana\u201d.<\/p>\n<p style=\"text-align: center;\"><strong>Sinopsis <\/strong><\/p>\n<p>Javier es un joven dise\u00f1ador con un futuro prometedor, pero hay un detalle: acaba de cortar con su novia. Cegado por el despecho llevar\u00e1 su vida al caos y comenzar\u00e1 un camino de malas decisiones que lo orillan a las situaciones m\u00e1s absurdas y divertidas, todo esto mientras intenta recuperar a Sof\u00eda, y si no es posible, entonces olvidarla. Con la ayuda de Andrea, su mejor amiga, intentar\u00e1 salir del fondo para encontrarse a s\u00ed mismo, no sin antes conocer a los personajes m\u00e1s extra\u00f1os y alocados de la ciudad. \u201cQu\u00e9 pena tu vida\u201d es una comedia que nos muestra lo tontos que podemos ser cuando tenemos el coraz\u00f3n roto.<\/p>\n","protected":false},"excerpt":{"rendered":"<p>\u201cQu\u00e9 pena tu vida\u201d es el <em>remake<\/em> de la cinta chilena con el mismo nombre, pero muy a la mexicana, dirigida por Luis Eduardo Reyes y protagonizada por Aislinn Derbez y Jos\u00e9 Mar\u00eda de Tavira, que llegar\u00e1 a las salas de cine este 2 de diciembre. \u201cQu\u00e9 pena tu vida\u201d es una pel\u00edcula que invita al espectador a desprenderse de un amor con humor, dejar ir lo que no te pertenece con la mejor de las actitudes.<\/p>\n","protected":false},"author":5,"featured_media":300775,"comment_status":"open","ping_status":"open","sticky":false,"template":"","format":"standard","meta":{"_monsterinsights_skip_tracking":false,"_monsterinsights_sitenote_active":false,"_monsterinsights_sitenote_note":"","_monsterinsights_sitenote_category":0,"footnotes":""},"categories":[12],"tags":[43682],"class_list":["post-300771","post","type-post","status-publish","format-standard","has-post-thumbnail","hentry","category-espectaculos","tag-espectaculos"],"_links":{"self":[{"href":"https:\/\/www.diarioimagen.net\/index.php?rest_route=\/wp\/v2\/posts\/300771","targetHints":{"allow":["GET"]}}],"collection":[{"href":"https:\/\/www.diarioimagen.net\/index.php?rest_route=\/wp\/v2\/posts"}],"about":[{"href":"https:\/\/www.diarioimagen.net\/index.php?rest_route=\/wp\/v2\/types\/post"}],"author":[{"embeddable":true,"href":"https:\/\/www.diarioimagen.net\/index.php?rest_route=\/wp\/v2\/users\/5"}],"replies":[{"embeddable":true,"href":"https:\/\/www.diarioimagen.net\/index.php?rest_route=%2Fwp%2Fv2%2Fcomments&post=300771"}],"version-history":[{"count":0,"href":"https:\/\/www.diarioimagen.net\/index.php?rest_route=\/wp\/v2\/posts\/300771\/revisions"}],"wp:featuredmedia":[{"embeddable":true,"href":"https:\/\/www.diarioimagen.net\/index.php?rest_route=\/wp\/v2\/media\/300775"}],"wp:attachment":[{"href":"https:\/\/www.diarioimagen.net\/index.php?rest_route=%2Fwp%2Fv2%2Fmedia&parent=300771"}],"wp:term":[{"taxonomy":"category","embeddable":true,"href":"https:\/\/www.diarioimagen.net\/index.php?rest_route=%2Fwp%2Fv2%2Fcategories&post=300771"},{"taxonomy":"post_tag","embeddable":true,"href":"https:\/\/www.diarioimagen.net\/index.php?rest_route=%2Fwp%2Fv2%2Ftags&post=300771"}],"curies":[{"name":"wp","href":"https:\/\/api.w.org\/{rel}","templated":true}]}}