{"id":300797,"date":"2016-11-29T00:05:38","date_gmt":"2016-11-29T06:05:38","guid":{"rendered":"http:\/\/www.diarioimagen.net\/?p=300797"},"modified":"2016-11-29T23:18:14","modified_gmt":"2016-11-30T05:18:14","slug":"capacidad-para-elevar-minisalario-a-los-89-35","status":"publish","type":"post","link":"https:\/\/www.diarioimagen.net\/?p=300797","title":{"rendered":"Capacidad para elevar minisalario a los 89.35"},"content":{"rendered":"<ul>\n<li><strong><em>Apoya Sectur<\/em><\/strong><\/li>\n<\/ul>\n<p>&nbsp;<\/p>\n<div id=\"attachment_300868\" style=\"width: 470px\" class=\"wp-caption aligncenter\"><a href=\"http:\/\/www.diarioimagen.net\/?attachment_id=300868\" rel=\"attachment wp-att-300868\"><img loading=\"lazy\" decoding=\"async\" aria-describedby=\"caption-attachment-300868\" class=\"size-large wp-image-300868\" src=\"http:\/\/www.diarioimagen.net\/wp-content\/uploads\/2016\/11\/de-la-madrid-3007-460x259.jpg\" alt=\"Enrique de la Madrid Cordero, titular de la Secretar\u00eda de Turismo, particip\u00f3 en la presentaci\u00f3n del programa &quot;Con\u00e9ctate al Turismo&quot; .\" width=\"460\" height=\"259\" srcset=\"https:\/\/www.diarioimagen.net\/wp-content\/uploads\/2016\/11\/de-la-madrid-3007-460x259.jpg 460w, https:\/\/www.diarioimagen.net\/wp-content\/uploads\/2016\/11\/de-la-madrid-3007-240x135.jpg 240w, https:\/\/www.diarioimagen.net\/wp-content\/uploads\/2016\/11\/de-la-madrid-3007-235x132.jpg 235w, https:\/\/www.diarioimagen.net\/wp-content\/uploads\/2016\/11\/de-la-madrid-3007-202x114.jpg 202w, https:\/\/www.diarioimagen.net\/wp-content\/uploads\/2016\/11\/de-la-madrid-3007-350x196.jpg 350w, https:\/\/www.diarioimagen.net\/wp-content\/uploads\/2016\/11\/de-la-madrid-3007-220x123.jpg 220w, https:\/\/www.diarioimagen.net\/wp-content\/uploads\/2016\/11\/de-la-madrid-3007-237x132.jpg 237w, https:\/\/www.diarioimagen.net\/wp-content\/uploads\/2016\/11\/de-la-madrid-3007.jpg 480w\" sizes=\"auto, (max-width: 460px) 100vw, 460px\" \/><\/a><p id=\"caption-attachment-300868\" class=\"wp-caption-text\">Enrique de la Madrid Cordero, titular de la Secretar\u00eda de Turismo, particip\u00f3 en la presentaci\u00f3n del programa \u00abCon\u00e9ctate al Turismo\u00bb .<\/p><\/div>\n<p>&nbsp;<\/p>\n<p>El titular de la Secretar\u00eda de Turismo (Sectur), Enrique de la Madrid Cordero, consider\u00f3 que M\u00e9xico tiene la capacidad para incrementar el salario m\u00ednimo.<\/p>\n<p>\u201cLos salarios tienen que ajustarse a los precios porque no crecen al mismo ritmo\u201d, expuso luego de que la Confederaci\u00f3n Patronal de la Rep\u00fablica Mexicana (Coparmex) propuso aumentar el salario m\u00ednimo a 89.35 pesos.<\/p>\n<p>Tras participar en la presentaci\u00f3n del programa \u201cCon\u00e9ctate al Turismo\u201d en el Centro Internacional de Convenciones de Puerto Vallarta, se\u00f1al\u00f3 que en M\u00e9xico hay margen de maniobra y capacidad para incrementar el salario de los trabajadores.<\/p>\n<p>De la Madrid Cordero dijo que al impulsar esta medida habr\u00e1 una mayor demanda en la adquisici\u00f3n de bienes y servicios. \u201cSi t\u00fa tienes personas que no tienen ingreso para gastar, entonces no te van comprar\u201d, expuso.<\/p>\n<p>\u201cMientras sea un aumento razonable (\u2026), creo que el principio es correcto y es justo\u201d, insisti\u00f3 el secretario de Turismo, quien se\u00f1al\u00f3 que nuestro pa\u00eds puede tomar como referencia Estados Unidos y Reino Unido, en donde diversos sectores se han alejado del desarrollo econ\u00f3mico.<\/p>\n<p>\u201cAprendamos de esas experiencias y logremos un crecimiento m\u00e1s incluyente en M\u00e9xico\u201d, agreg\u00f3 despu\u00e9s de la firma de un convenio con la Asociaci\u00f3n Nacional de Cadenas de Hoteles (ANCH), con el objetivo de lograr que m\u00e1s proveedores nacionales se sumen al sector tur\u00edstico.<\/p>\n<p>La semana pasada, el sector patronal del pa\u00eds propuso incrementar el salario m\u00ednimo de 73.04 pesos por d\u00eda que est\u00e1 actualmente a 89.35 pesos, meta que se lograr\u00eda en el transcurso de 2017 para que el m\u00ednimo que pagan los empresarios por lo menos cubra el costo de la canasta m\u00ednima de bienestar establecida por el Consejo Nacional de Evaluaci\u00f3n de la Pol\u00edtica de Desarrollo Social (Coneval).<\/p>\n","protected":false},"excerpt":{"rendered":"<p>El titular de la Secretar\u00eda de Turismo (Sectur), Enrique de la Madrid Cordero, consider\u00f3 que M\u00e9xico tiene la capacidad para incrementar el salario m\u00ednimo. \u201cLos salarios tienen que ajustarse a los precios porque no crecen al mismo ritmo\u201d, expuso luego de que la Confederaci\u00f3n Patronal de la Rep\u00fablica Mexicana (Coparmex) propuso aumentar el salario m\u00ednimo a 89.35 pesos.<\/p>\n","protected":false},"author":3,"featured_media":300868,"comment_status":"open","ping_status":"open","sticky":false,"template":"","format":"standard","meta":{"_monsterinsights_skip_tracking":false,"_monsterinsights_sitenote_active":false,"_monsterinsights_sitenote_note":"","_monsterinsights_sitenote_category":0,"footnotes":""},"categories":[8],"tags":[16997,24428,43678,16104],"class_list":["post-300797","post","type-post","status-publish","format-standard","has-post-thumbnail","hentry","category-finanzas","tag-aumento","tag-capacidad","tag-finanzas","tag-salario-minimo"],"_links":{"self":[{"href":"https:\/\/www.diarioimagen.net\/index.php?rest_route=\/wp\/v2\/posts\/300797","targetHints":{"allow":["GET"]}}],"collection":[{"href":"https:\/\/www.diarioimagen.net\/index.php?rest_route=\/wp\/v2\/posts"}],"about":[{"href":"https:\/\/www.diarioimagen.net\/index.php?rest_route=\/wp\/v2\/types\/post"}],"author":[{"embeddable":true,"href":"https:\/\/www.diarioimagen.net\/index.php?rest_route=\/wp\/v2\/users\/3"}],"replies":[{"embeddable":true,"href":"https:\/\/www.diarioimagen.net\/index.php?rest_route=%2Fwp%2Fv2%2Fcomments&post=300797"}],"version-history":[{"count":0,"href":"https:\/\/www.diarioimagen.net\/index.php?rest_route=\/wp\/v2\/posts\/300797\/revisions"}],"wp:featuredmedia":[{"embeddable":true,"href":"https:\/\/www.diarioimagen.net\/index.php?rest_route=\/wp\/v2\/media\/300868"}],"wp:attachment":[{"href":"https:\/\/www.diarioimagen.net\/index.php?rest_route=%2Fwp%2Fv2%2Fmedia&parent=300797"}],"wp:term":[{"taxonomy":"category","embeddable":true,"href":"https:\/\/www.diarioimagen.net\/index.php?rest_route=%2Fwp%2Fv2%2Fcategories&post=300797"},{"taxonomy":"post_tag","embeddable":true,"href":"https:\/\/www.diarioimagen.net\/index.php?rest_route=%2Fwp%2Fv2%2Ftags&post=300797"}],"curies":[{"name":"wp","href":"https:\/\/api.w.org\/{rel}","templated":true}]}}