{"id":300822,"date":"2016-11-29T00:03:13","date_gmt":"2016-11-29T06:03:13","guid":{"rendered":"http:\/\/www.diarioimagen.net\/?p=300822"},"modified":"2016-11-29T23:18:00","modified_gmt":"2016-11-30T05:18:00","slug":"aumentan-70-usuarios-de-internet-en-mexico","status":"publish","type":"post","link":"https:\/\/www.diarioimagen.net\/?p=300822","title":{"rendered":"Aumentan 70% usuarios de Internet en M\u00e9xico"},"content":{"rendered":"<p><a href=\"http:\/\/www.diarioimagen.net\/?attachment_id=300967\" rel=\"attachment wp-att-300967\"><img loading=\"lazy\" decoding=\"async\" class=\"aligncenter size-large wp-image-300967\" src=\"http:\/\/www.diarioimagen.net\/wp-content\/uploads\/2016\/11\/INTERNET-3007-460x259.jpg\" alt=\"internet-3007\" width=\"460\" height=\"259\" srcset=\"https:\/\/www.diarioimagen.net\/wp-content\/uploads\/2016\/11\/INTERNET-3007-460x259.jpg 460w, https:\/\/www.diarioimagen.net\/wp-content\/uploads\/2016\/11\/INTERNET-3007-240x135.jpg 240w, https:\/\/www.diarioimagen.net\/wp-content\/uploads\/2016\/11\/INTERNET-3007-235x132.jpg 235w, https:\/\/www.diarioimagen.net\/wp-content\/uploads\/2016\/11\/INTERNET-3007-202x114.jpg 202w, https:\/\/www.diarioimagen.net\/wp-content\/uploads\/2016\/11\/INTERNET-3007-350x196.jpg 350w, https:\/\/www.diarioimagen.net\/wp-content\/uploads\/2016\/11\/INTERNET-3007-220x123.jpg 220w, https:\/\/www.diarioimagen.net\/wp-content\/uploads\/2016\/11\/INTERNET-3007-237x132.jpg 237w, https:\/\/www.diarioimagen.net\/wp-content\/uploads\/2016\/11\/INTERNET-3007.jpg 480w\" sizes=\"auto, (max-width: 460px) 100vw, 460px\" \/><\/a><\/p>\n<p>&nbsp;<\/p>\n<p>De 2012 a 2016, M\u00e9xico registr\u00f3 un crecimiento de 70 por ciento de usuarios de Internet, es decir, 70 millones de mexicanos est\u00e1n conectados, inform\u00f3 la coordinadora de la Estrategia Digital Nacional de la Presidencia, Alejandra Lagunes.<\/p>\n","protected":false},"excerpt":{"rendered":"<p>De 2012 a 2016, M\u00e9xico registr\u00f3 un crecimiento de 70 por ciento de usuarios de Internet, es decir, 70 millones de mexicanos est\u00e1n conectados, inform\u00f3 la coordinadora de la Estrategia Digital Nacional de la Presidencia, Alejandra Lagunes.<\/p>\n","protected":false},"author":3,"featured_media":300967,"comment_status":"open","ping_status":"open","sticky":false,"template":"","format":"standard","meta":{"_monsterinsights_skip_tracking":false,"_monsterinsights_sitenote_active":false,"_monsterinsights_sitenote_note":"","_monsterinsights_sitenote_category":0,"footnotes":""},"categories":[3],"tags":[16997,1368,44],"class_list":["post-300822","post","type-post","status-publish","format-standard","has-post-thumbnail","hentry","category-nacional","tag-aumento","tag-internet","tag-mexico"],"_links":{"self":[{"href":"https:\/\/www.diarioimagen.net\/index.php?rest_route=\/wp\/v2\/posts\/300822","targetHints":{"allow":["GET"]}}],"collection":[{"href":"https:\/\/www.diarioimagen.net\/index.php?rest_route=\/wp\/v2\/posts"}],"about":[{"href":"https:\/\/www.diarioimagen.net\/index.php?rest_route=\/wp\/v2\/types\/post"}],"author":[{"embeddable":true,"href":"https:\/\/www.diarioimagen.net\/index.php?rest_route=\/wp\/v2\/users\/3"}],"replies":[{"embeddable":true,"href":"https:\/\/www.diarioimagen.net\/index.php?rest_route=%2Fwp%2Fv2%2Fcomments&post=300822"}],"version-history":[{"count":0,"href":"https:\/\/www.diarioimagen.net\/index.php?rest_route=\/wp\/v2\/posts\/300822\/revisions"}],"wp:featuredmedia":[{"embeddable":true,"href":"https:\/\/www.diarioimagen.net\/index.php?rest_route=\/wp\/v2\/media\/300967"}],"wp:attachment":[{"href":"https:\/\/www.diarioimagen.net\/index.php?rest_route=%2Fwp%2Fv2%2Fmedia&parent=300822"}],"wp:term":[{"taxonomy":"category","embeddable":true,"href":"https:\/\/www.diarioimagen.net\/index.php?rest_route=%2Fwp%2Fv2%2Fcategories&post=300822"},{"taxonomy":"post_tag","embeddable":true,"href":"https:\/\/www.diarioimagen.net\/index.php?rest_route=%2Fwp%2Fv2%2Ftags&post=300822"}],"curies":[{"name":"wp","href":"https:\/\/api.w.org\/{rel}","templated":true}]}}