{"id":300824,"date":"2016-11-29T00:09:07","date_gmt":"2016-11-29T06:09:07","guid":{"rendered":"http:\/\/www.diarioimagen.net\/?p=300824"},"modified":"2016-11-29T06:05:29","modified_gmt":"2016-11-29T12:05:29","slug":"medidas-de-movilidad-salvan-vidas-mancera","status":"publish","type":"post","link":"https:\/\/www.diarioimagen.net\/?p=300824","title":{"rendered":"Medidas de movilidad salvan vidas: Mancera"},"content":{"rendered":"<ul>\n<li><strong><em>Reconoce que no son populares<\/em><\/strong><\/li>\n<\/ul>\n<p>&nbsp;<\/p>\n<div id=\"attachment_300954\" style=\"width: 470px\" class=\"wp-caption aligncenter\"><a href=\"http:\/\/www.diarioimagen.net\/?attachment_id=300954\" rel=\"attachment wp-att-300954\"><img loading=\"lazy\" decoding=\"async\" aria-describedby=\"caption-attachment-300954\" class=\"size-large wp-image-300954\" src=\"http:\/\/www.diarioimagen.net\/wp-content\/uploads\/2016\/11\/MANCERA-3007-460x259.jpg\" alt=\"Miguel \u00c1ngel Mancera aclar\u00f3 que las medidas de movilidad no son decisiones pol\u00edticas ni populares, pero son indispensables para salvar vidas.\" width=\"460\" height=\"259\" srcset=\"https:\/\/www.diarioimagen.net\/wp-content\/uploads\/2016\/11\/MANCERA-3007-460x259.jpg 460w, https:\/\/www.diarioimagen.net\/wp-content\/uploads\/2016\/11\/MANCERA-3007-240x135.jpg 240w, https:\/\/www.diarioimagen.net\/wp-content\/uploads\/2016\/11\/MANCERA-3007-235x132.jpg 235w, https:\/\/www.diarioimagen.net\/wp-content\/uploads\/2016\/11\/MANCERA-3007-202x114.jpg 202w, https:\/\/www.diarioimagen.net\/wp-content\/uploads\/2016\/11\/MANCERA-3007-350x196.jpg 350w, https:\/\/www.diarioimagen.net\/wp-content\/uploads\/2016\/11\/MANCERA-3007-220x123.jpg 220w, https:\/\/www.diarioimagen.net\/wp-content\/uploads\/2016\/11\/MANCERA-3007-237x132.jpg 237w, https:\/\/www.diarioimagen.net\/wp-content\/uploads\/2016\/11\/MANCERA-3007.jpg 480w\" sizes=\"auto, (max-width: 460px) 100vw, 460px\" \/><\/a><p id=\"caption-attachment-300954\" class=\"wp-caption-text\">Miguel \u00c1ngel Mancera aclar\u00f3 que las medidas de movilidad no son decisiones pol\u00edticas ni populares, pero son indispensables para salvar vidas.<\/p><\/div>\n<p>&nbsp;<\/p>\n<p>El jefe de gobierno capitalino, Miguel \u00c1ngel Mancera, aclar\u00f3 que las medidas de movilidad que se han tomado en la Ciudad de M\u00e9xico, no son decisiones pol\u00edticas ni populares, pero han sido indispensables para salvar vidas.<\/p>\n<p>\u201cLa Ciudad de M\u00e9xico ha dado pasos decisivos, no de beneficio pol\u00edtico, eso lo quiero dejar claro. Porque a la gente no le gusta cuando implementas reglamentos de tr\u00e1nsito que restringen su movilidad acostumbrada; cuando le dices que en lugar de circular a 80 kil\u00f3metros de una calle van a tener que circular a 50, pues eso por supuesto no es popular, pero la medida es indispensable para poder salvar vidas\u201d, resalt\u00f3.<\/p>\n<p>Al inaugurar la Segunda Cumbre de Ciudades L\u00edderes en Movilidad Urbana Sustentable de Am\u00e9rica Latina (MUSAL), precis\u00f3 entre esas disposiciones, la disminuci\u00f3n de los l\u00edmites de velocidad, el nuevo reglamento de tr\u00e1nsito, las fotomultas y la intervenci\u00f3n de cruces peatonales que eran riesgosos.<\/p>\n<p>El mandatario tambi\u00e9n record\u00f3 que en la Ciudad de M\u00e9xico existen actualmente 5.5 millones de veh\u00edculos, lo que representa un reto para la movilidad, al que hay que sumarle cerca de tres mil intersecciones que deben atenderse.<\/p>\n<p>Asimismo, resalt\u00f3 que renovar el modelo de movilidad en el mundo es un reto fundamental para generar una mejor convivencia y calidad de vida para los ciudadanos.<\/p>\n<p>Por lo que este evento \u201cser\u00e1 una gran oportunidad para compartir experiencias y buenas pr\u00e1cticas, para consolidar un nuevo modelo de movilidad, limpio, de calidad, accesible y reconocer la movilidad urbana como un derecho de las sociedades y de la gente\u201d, asegur\u00f3 el mandatario local.<\/p>\n<p>En la Segunda Cumbre de MUSAL que se realiza en la CDMX a partir de ayer y hasta el 30 noviembre con la participaci\u00f3n de ciudades de diversos pa\u00edses como Per\u00fa, Brasil, Bolivia, Colombia, Argentina, Inglaterra, Rep\u00fablica Dominicana y Chile.<\/p>\n<p>Mancera Espinosa aprovech\u00f3 el evento para reconocer el respaldo de la Confederaci\u00f3n Patronal de la Rep\u00fablica Mexicana (Coparmex) en la lucha para incrementar el salario m\u00ednimo.<\/p>\n<p>&nbsp;<\/p>\n","protected":false},"excerpt":{"rendered":"<p>El jefe de gobierno capitalino, Miguel \u00c1ngel Mancera, aclar\u00f3 que las medidas de movilidad que se han tomado en la Ciudad de M\u00e9xico, no son decisiones pol\u00edticas ni populares, pero han sido indispensables para salvar vidas.<\/p>\n","protected":false},"author":3,"featured_media":300954,"comment_status":"open","ping_status":"open","sticky":false,"template":"","format":"standard","meta":{"_monsterinsights_skip_tracking":false,"_monsterinsights_sitenote_active":false,"_monsterinsights_sitenote_note":"","_monsterinsights_sitenote_category":0,"footnotes":""},"categories":[6],"tags":[5314,26421],"class_list":["post-300824","post","type-post","status-publish","format-standard","has-post-thumbnail","hentry","category-cd-de-mexico","tag-miguel-angel-mancera-espinosa","tag-movilidad"],"_links":{"self":[{"href":"https:\/\/www.diarioimagen.net\/index.php?rest_route=\/wp\/v2\/posts\/300824","targetHints":{"allow":["GET"]}}],"collection":[{"href":"https:\/\/www.diarioimagen.net\/index.php?rest_route=\/wp\/v2\/posts"}],"about":[{"href":"https:\/\/www.diarioimagen.net\/index.php?rest_route=\/wp\/v2\/types\/post"}],"author":[{"embeddable":true,"href":"https:\/\/www.diarioimagen.net\/index.php?rest_route=\/wp\/v2\/users\/3"}],"replies":[{"embeddable":true,"href":"https:\/\/www.diarioimagen.net\/index.php?rest_route=%2Fwp%2Fv2%2Fcomments&post=300824"}],"version-history":[{"count":0,"href":"https:\/\/www.diarioimagen.net\/index.php?rest_route=\/wp\/v2\/posts\/300824\/revisions"}],"wp:featuredmedia":[{"embeddable":true,"href":"https:\/\/www.diarioimagen.net\/index.php?rest_route=\/wp\/v2\/media\/300954"}],"wp:attachment":[{"href":"https:\/\/www.diarioimagen.net\/index.php?rest_route=%2Fwp%2Fv2%2Fmedia&parent=300824"}],"wp:term":[{"taxonomy":"category","embeddable":true,"href":"https:\/\/www.diarioimagen.net\/index.php?rest_route=%2Fwp%2Fv2%2Fcategories&post=300824"},{"taxonomy":"post_tag","embeddable":true,"href":"https:\/\/www.diarioimagen.net\/index.php?rest_route=%2Fwp%2Fv2%2Ftags&post=300824"}],"curies":[{"name":"wp","href":"https:\/\/api.w.org\/{rel}","templated":true}]}}