{"id":300826,"date":"2016-11-29T00:08:23","date_gmt":"2016-11-29T06:08:23","guid":{"rendered":"http:\/\/www.diarioimagen.net\/?p=300826"},"modified":"2016-11-29T06:23:00","modified_gmt":"2016-11-29T12:23:00","slug":"se-dispara-50-robo-de-celulares-en-la-cdmx","status":"publish","type":"post","link":"https:\/\/www.diarioimagen.net\/?p=300826","title":{"rendered":"Se dispara 50% robo de celulares en la CDMX"},"content":{"rendered":"<p><a href=\"http:\/\/www.diarioimagen.net\/?attachment_id=300957\" rel=\"attachment wp-att-300957\"><img loading=\"lazy\" decoding=\"async\" class=\"aligncenter size-large wp-image-300957\" src=\"http:\/\/www.diarioimagen.net\/wp-content\/uploads\/2016\/11\/CEL-3007-460x259.jpg\" alt=\"cel-3007\" width=\"460\" height=\"259\" srcset=\"https:\/\/www.diarioimagen.net\/wp-content\/uploads\/2016\/11\/CEL-3007-460x259.jpg 460w, https:\/\/www.diarioimagen.net\/wp-content\/uploads\/2016\/11\/CEL-3007-240x135.jpg 240w, https:\/\/www.diarioimagen.net\/wp-content\/uploads\/2016\/11\/CEL-3007-235x132.jpg 235w, https:\/\/www.diarioimagen.net\/wp-content\/uploads\/2016\/11\/CEL-3007-202x114.jpg 202w, https:\/\/www.diarioimagen.net\/wp-content\/uploads\/2016\/11\/CEL-3007-350x196.jpg 350w, https:\/\/www.diarioimagen.net\/wp-content\/uploads\/2016\/11\/CEL-3007-220x123.jpg 220w, https:\/\/www.diarioimagen.net\/wp-content\/uploads\/2016\/11\/CEL-3007-237x132.jpg 237w, https:\/\/www.diarioimagen.net\/wp-content\/uploads\/2016\/11\/CEL-3007.jpg 480w\" sizes=\"auto, (max-width: 460px) 100vw, 460px\" \/><\/a><\/p>\n<p>&nbsp;<\/p>\n<p>Ante lo redituable del robo de tel\u00e9fonos celulares, este delito se dispar\u00f3 este a\u00f1o en la Ciudad de M\u00e9xico. De acuerdo con estad\u00edsticas de la Procuradur\u00eda General de Justicia capitalina, los casos crecieron 50.41 por ciento en los primeros 10 meses de 2016, en comparaci\u00f3n con el a\u00f1o anterior.<\/p>\n<p>En este mismo periodo, las denuncias pasaron de 3 mil 658 casos en 2015 a 5 mil 502 en 2016. Estas cifras no contemplan los il\u00edcitos no denunciados, que, seg\u00fan estimaciones del INEGI, ronda en 90 por ciento; es decir, por cada delito que se denuncia hay otros nueve que no se reportan.<\/p>\n<p>&nbsp;<\/p>\n","protected":false},"excerpt":{"rendered":"<p>Ante lo redituable del robo de tel\u00e9fonos celulares, este delito se dispar\u00f3 este a\u00f1o en la Ciudad de M\u00e9xico. De acuerdo con estad\u00edsticas de la Procuradur\u00eda General de Justicia capitalina, los casos crecieron 50.41 por ciento en los primeros 10 meses de 2016, en comparaci\u00f3n con el a\u00f1o anterior. En este mismo periodo, las denuncias pasaron de 3 mil 658 casos en 2015 a 5 mil 502 en 2016. Estas cifras no contemplan los il\u00edcitos no denunciados, que, seg\u00fan estimaciones del INEGI, ronda en 90 por ciento; es decir, por cada delito que se denuncia hay otros nueve que no se reportan.<\/p>\n","protected":false},"author":3,"featured_media":300957,"comment_status":"open","ping_status":"open","sticky":false,"template":"","format":"standard","meta":{"_monsterinsights_skip_tracking":false,"_monsterinsights_sitenote_active":false,"_monsterinsights_sitenote_note":"","_monsterinsights_sitenote_category":0,"footnotes":""},"categories":[6],"tags":[34444,1362,27656,13955],"class_list":["post-300826","post","type-post","status-publish","format-standard","has-post-thumbnail","hentry","category-cd-de-mexico","tag-cdmx","tag-celular","tag-procuraduria-general-de-justicia","tag-robo"],"_links":{"self":[{"href":"https:\/\/www.diarioimagen.net\/index.php?rest_route=\/wp\/v2\/posts\/300826","targetHints":{"allow":["GET"]}}],"collection":[{"href":"https:\/\/www.diarioimagen.net\/index.php?rest_route=\/wp\/v2\/posts"}],"about":[{"href":"https:\/\/www.diarioimagen.net\/index.php?rest_route=\/wp\/v2\/types\/post"}],"author":[{"embeddable":true,"href":"https:\/\/www.diarioimagen.net\/index.php?rest_route=\/wp\/v2\/users\/3"}],"replies":[{"embeddable":true,"href":"https:\/\/www.diarioimagen.net\/index.php?rest_route=%2Fwp%2Fv2%2Fcomments&post=300826"}],"version-history":[{"count":0,"href":"https:\/\/www.diarioimagen.net\/index.php?rest_route=\/wp\/v2\/posts\/300826\/revisions"}],"wp:featuredmedia":[{"embeddable":true,"href":"https:\/\/www.diarioimagen.net\/index.php?rest_route=\/wp\/v2\/media\/300957"}],"wp:attachment":[{"href":"https:\/\/www.diarioimagen.net\/index.php?rest_route=%2Fwp%2Fv2%2Fmedia&parent=300826"}],"wp:term":[{"taxonomy":"category","embeddable":true,"href":"https:\/\/www.diarioimagen.net\/index.php?rest_route=%2Fwp%2Fv2%2Fcategories&post=300826"},{"taxonomy":"post_tag","embeddable":true,"href":"https:\/\/www.diarioimagen.net\/index.php?rest_route=%2Fwp%2Fv2%2Ftags&post=300826"}],"curies":[{"name":"wp","href":"https:\/\/api.w.org\/{rel}","templated":true}]}}