{"id":300898,"date":"2016-11-29T00:11:11","date_gmt":"2016-11-29T06:11:11","guid":{"rendered":"http:\/\/www.diarioimagen.net\/?p=300898"},"modified":"2016-11-29T06:28:40","modified_gmt":"2016-11-29T12:28:40","slug":"por-que-es-presidenciable-osorio","status":"publish","type":"post","link":"https:\/\/www.diarioimagen.net\/?p=300898","title":{"rendered":"\u00bfPor qu\u00e9 es presidenciable Osorio?"},"content":{"rendered":"<h2>\u00cdndice pol\u00edtico<\/h2>\n<h5>Francisco Rodr\u00edguez<\/h5>\n<p>&nbsp;<\/p>\n<div id=\"attachment_300983\" style=\"width: 470px\" class=\"wp-caption aligncenter\"><a href=\"http:\/\/www.diarioimagen.net\/?attachment_id=300983\" rel=\"attachment wp-att-300983\"><img loading=\"lazy\" decoding=\"async\" aria-describedby=\"caption-attachment-300983\" class=\"size-large wp-image-300983\" src=\"http:\/\/www.diarioimagen.net\/wp-content\/uploads\/2016\/11\/ciao-bambinos-MARAL-3007-460x331.jpg\" alt=\"\u00a1Ciao bambinos!.. | Maral\" width=\"460\" height=\"331\" srcset=\"https:\/\/www.diarioimagen.net\/wp-content\/uploads\/2016\/11\/ciao-bambinos-MARAL-3007-460x331.jpg 460w, https:\/\/www.diarioimagen.net\/wp-content\/uploads\/2016\/11\/ciao-bambinos-MARAL-3007-240x173.jpg 240w, https:\/\/www.diarioimagen.net\/wp-content\/uploads\/2016\/11\/ciao-bambinos-MARAL-3007-768x552.jpg 768w, https:\/\/www.diarioimagen.net\/wp-content\/uploads\/2016\/11\/ciao-bambinos-MARAL-3007-90x65.jpg 90w, https:\/\/www.diarioimagen.net\/wp-content\/uploads\/2016\/11\/ciao-bambinos-MARAL-3007.jpg 1200w\" sizes=\"auto, (max-width: 460px) 100vw, 460px\" \/><\/a><p id=\"caption-attachment-300983\" class=\"wp-caption-text\">\u00a1Ciao bambinos!.. | Maral<\/p><\/div>\n<p>&nbsp;<\/p>\n<p>Uno de los grandes asertos del refranero \u2014\u201dy dale perico al torno\u201d\u2014 se aplica a todos aqu\u00e9llos que dan demasiadas vueltas y brincos, siempre redundantes, cuando el piso est\u00e1 tan parejo, cuando no hay duda. Y aqu\u00ed, tal parece que es el \u00fanico pa\u00eds del universo conocido, donde las ara\u00f1as mean y los pericos maman.<\/p>\n<p>Por eso, es necesario saber qui\u00e9n est\u00e1 obligado a ejercer el control de la pol\u00edtica interior, para definir qu\u00e9 clase de pajarraco es. Si lo que dicen los encuestadores pagados ub\u00e9rrimamente es trapo de coleador o una verdad absoluta que nace del sentimiento popular, del nivel de aceptaci\u00f3n que tiene Miguel \u00c1ngel Osorio Chong entre el electorado mexicano. \u00bfDe verdad es el mejor posicionado entre sus pares para la candidatura presidencial pri\u00edsta del 2018?<\/p>\n<p>Pero, vayamos primero a entender \u00bfcon qu\u00e9 se come el control pol\u00edtico? \u00bfDe qu\u00e9 se trata en un pa\u00eds donde el gobierno ha abdicado de sus funciones?\u00bfSiquiera se dan cuenta o no?<\/p>\n<p>Y es que, cuando cada uno de los actores del escenario se maneja por su lado, ajeno al sistema, no puede haber control pol\u00edtico. Los militares creen que ellos s\u00ed pueden. Nada m\u00e1s alejado de la realidad, pura y dura. La estructura obrera, campesina, empresarial, informativa, los gobiernos estatales, los partidos pol\u00edticos, la clase media, las c\u00e1maras legislativas, conforman un pa\u00eds de la pol\u00edtica chiquita, insulsa y fragmentada. De la Iglesia mejor ni hablamos, \u00a1no lo fuman!<\/p>\n<p>D\u00edganlo si no estos datos duros, obvios para cualquier observador aficionado: los obreros no tienen Central. Aceves del Olmo no puede ostentarse como l\u00edder, porque el mayor n\u00famero de trabajadores antes de la CTM, militan en un sindicatito que se llama Nacional de Trabajadores de Servicios en General, Transporte y Comercio.<\/p>\n<p>Un antiguo empleado del ya desaparecido Leonardo <em>La G\u00fcera<\/em> Rodr\u00edguez Alcaine, <em>Polito<\/em> Rodr\u00edguez, es el l\u00edder que se sienta en la oficina m\u00e1s importante de las calles de Vallarta. Empez\u00f3 controlando a los empleados de las compa\u00f1\u00edas de seguridad privada, luego a los distribuidores de pipas de gas dom\u00e9stico, luego a los meseros de fondas chiquitas\u2026 y as\u00ed hizo el bonche.<\/p>\n<p>Es \u00e9l quien lleva a las grandes multitudes a las asambleas de la CTM y del anterior pseud\u00f3podo, el Congreso del Trabajo, que ya no existe, porque no existe nadie: petroleros, electricistas, bur\u00f3cratas, empleados bancarios, fueron liquidados por la reforma estructural del sector laboral del pa\u00eds. En <em>Polito<\/em> descansa gran parte de la estabilidad nacional\u2026 y nadie lo dice, porque no lo saben.<\/p>\n<p style=\"text-align: center;\"><strong>La sociedad con el SME<\/strong><\/p>\n<p>\u00a0Los electricistas siguen medrando, en el SUTERM, del legado de Rodr\u00edguez Alcaine: la propiedad, seg\u00fan el contrato colectivo de trabajo, de la red conductora de energ\u00eda el\u00e9ctrica. Quien quiera usarla, tiene que caerse por ah\u00ed, en las oficinas de R\u00edo Guadalquivir. El SME, opositor, es socio aparente de su benefactor Osorio Chong, quien regal\u00f3 a sus l\u00edderes \u2014no a los agremiados\u2014 el control a perpetuidad de todas las termoel\u00e9ctricas que rodean al Valle de M\u00e9xico.<\/p>\n<p>Todos, haciendo sus negocios calladitos, en un silencio c\u00f3mplice, oscuro, horrorizante. As\u00ed salen las cosas mejor. Lo han confirmado. La dirigencia del campo, igual que \u00e9ste, destrozada, sin alguna representaci\u00f3n. El Frente Aut\u00e9ntico del Campo es el m\u00e1s digno, el que lucha por la sobrevivencia de la soberan\u00eda alimentaria, pero no es recibido en una sola instancia del gobierno.<\/p>\n<p>La clase media, sin una sola organizaci\u00f3n que se respete. Demolieron todas. Los partidos pol\u00edticos, mantenidos a base de prebendas familiares y maletas repletas de dinero, no tienen una sola bandera. Nadan de muertito, oponi\u00e9ndose a quienes les ordenen desde Los Pinos, o desde donde se encuentre el poderoso favorito de ocasi\u00f3n.<\/p>\n<p>Los gobernadores, pr\u00f3fugos o escondidos bajo los escritorios, esperando una oportunidad para endeudarse, a nombre del pueblo, usted sabe. No quieren o\u00edr, porque de inmediato pierden popularidad y control sobre su gente. El que no ha ca\u00eddo, pronto resbalar\u00e1.<\/p>\n<p>El sistema de transporte carretero, el que deber\u00eda tener el control sobre las v\u00edas de comunicaci\u00f3n del pa\u00eds, sabe que ya esa atribuci\u00f3n es de los guardaespaldas de narcos del Ej\u00e9rcito. Como se usan para el transporte de los narcos menores, los verde olivo son responsables de escoltarlos y protegerlos, no vaya a ser que alguien ose tocar la \u00fanica fuente de recursos monetarios l\u00edquidos de la naci\u00f3n.<\/p>\n<p>La c\u00fapula del <em>pulpo<\/em> camionero, acuerda con Ra\u00fal Cervantes, pues para eso est\u00e1 ah\u00ed. <em>El buitre camionero<\/em>, como es conocido por su fidelidad a los Alc\u00e1ntara, es su portavoz, el que soluciona su interlocuci\u00f3n con los m\u00e1s poderosos concesionarios del pa\u00eds . No les cabe la menor duda. No necesitan tocar otra puerta. <em>El Buitre<\/em> es de ellos.<\/p>\n<p style=\"text-align: center;\"><strong>Textoservidores: celestinas del oprobio y sumisi\u00f3n<\/strong><\/p>\n<p>Los periodistas \u201cinstitucionales\u201d \u2014l\u00e9ase: textoservidores\u2014 jam\u00e1s van a recibir l\u00ednea a Gobernaci\u00f3n, sus necesidades son solucionadas a precios pantagru\u00e9licos por los \u00edgnaros publirrelacionistas que los citan en los desayunaderos m\u00e1s vistosos, que para eso tienen la maleta llena. No saben hacer otra cosa. Son s\u00f3lo las celestinas del oprobio, de la sumisi\u00f3n.<\/p>\n<p>Los encargados de otras \u00e1reas sensibles, como la educaci\u00f3n p\u00fablica, las inversiones en infraestructura y los que aspiren a alg\u00fan <em>hueso<\/em> lo \u00fanico que deben hacer es buscar a alg\u00fan gerifalte, sea Chuayffet o Montiel, para que los recomienden. Al menos eso creen. La realidad los desmiente cada d\u00eda.<\/p>\n<p>No hay un dedo mayor que el de Videgaray, que para eso no naci\u00f3. Es due\u00f1o del aparato administrativo y financiero. Quien diga que es mentira, se equivoca o miente por inter\u00e9s. Videgaray sigue siendo la cima del poder y el autor del carrusel financiero con el que \u201cganan\u201d hasta 2 mil millones de d\u00f3lares anuales.<\/p>\n<p>Todos los que falten en esta lista, deben hacer manifestaciones y marchas, peregrinaciones, pues, para que los reciba el abad de la Bas\u00edlica de Guadalupe, cuya titular es responsable \u00fanica de la estabilidad pol\u00edtica y social del pa\u00eds.<\/p>\n<p>Entonces, \u00bfpor qu\u00e9 las encuestas dan como favorito de los ciudadanos para la candidatura presidencial a Miguel \u00c1ngel Osorio Chong? Es alguien que no interviene en nada. Nunca ha resuelto un problema de envergadura nacional. No despacha en la sede de Gobernaci\u00f3n, que seg\u00fan todos, es la que deber\u00eda velar por lo pol\u00edtico, sino en un departamento muy <em>nice <\/em>en la esquina de Campos El\u00edseos y Rub\u00e9n Dar\u00edo, cerca de donde dice tener oficinas en la esquina de Arqu\u00edmedes.<\/p>\n<p>\u00bfEn qu\u00e9 manos estamos? \u00bfD\u00f3nde est\u00e1 el gobierno? \u00bfD\u00f3nde est\u00e1 esto que todav\u00eda llamamos pa\u00eds? \u00bfDe qui\u00e9n es candidato Osorio Chong? \u00bfUsted de qui\u00e9n cree?<\/p>\n<p><strong><em>\u00cdndice Flam\u00edgero<\/em><\/strong><em>:<\/em> Como escribidor mantuve con Carlos Salinas de Gortari una relaci\u00f3n m\u00e1s o menos cordial\u2026 hasta que fue nominado candidato de su partido a la Presidencia de la Rep\u00fablica. Desde ese momento mis comentarios y cr\u00edticas nos alejaron hasta ya casi el final de su sexenio cuando, inesperadamente, fui invitado por \u00e9l a acompa\u00f1arlo a La Habana, Cuba, en una visita de menos de 12 horas en la que, supuestamente, Carlos Slim firmar\u00eda un contrato para brindar servicios de telefon\u00eda celular en el territorio insular. Salinas y su comitiva fuimos recibidos por Fidel Castro Ruz en una mansi\u00f3n en cuyos bien cuidados jardines se sirvi\u00f3 un almuerzo. La sobremesa se extend\u00eda y extend\u00eda. Media hora. Una hora\u2026 En la mesa vecina a la que ocup\u00e1bamos los colegas Beatriz Pag\u00e9s, Ricardo Rocha, el propio Carlos Slim y quien esto escribe, platicaban, casi en susurros, Salinas y Castro, hasta que un ayudante del comandante se acerc\u00f3 a murmurarle algo al o\u00eddo. Acto seguido, el entonces presidente de M\u00e9xico y el primer ministro cubano se pusieron de pie y, estent\u00f3reo, para que todos escuch\u00e1ramos, el visitante dijo a su anfitri\u00f3n:<\/p>\n<p>\u2014 Comandante, voy a presentarle a mi comitiva.<\/p>\n<p>Y al primero a quien llam\u00f3 para que me acercara fue a m\u00ed.<\/p>\n<p>\u2014 As\u00ed que t\u00fa eres el periodista que le pega a mi presidente Salinas \u2014me espet\u00f3 el gigant\u00f3n uniformado de verde olivo, al tiempo que casi destrozaba mi mano derecha en lo que, definitivamente, no era un c\u00e1lido saludo.<\/p>\n<p>Le respond\u00ed que no lo golpeaba, pues ten\u00eda muchos militares rode\u00e1ndolo y cuid\u00e1ndolo. Que s\u00ed lo criticaba, en cambio, \u201cporque en mi pa\u00eds los periodistas hemos ido conquistando la libertad de expresi\u00f3n\u201d, le dije enf\u00e1tico.<\/p>\n<p>\u2014Mira que es bravo este Francisco \u2014solt\u00f3 mi mano Castro y volte\u00f3 ri\u00e9ndose hacia Salinas.<\/p>\n<p>La visita a Cuba fue enga\u00f1o para Slim. Y pretendi\u00f3 ser de \u201crega\u00f1o\u201d para este tecleador. Y es que a quien todav\u00eda no era el hombre m\u00e1s rico del mundo le hab\u00eda comido el mandado un inversionista regiomontano apodado <em>El Manitas<\/em>, quien de \u00faltimo momento redactaba contratos y protocolos para ser \u00e9l quien proveyera de servicio celular a Cuba. Fracas\u00f3 un par de a\u00f1os m\u00e1s tarde, por cierto. Y el enga\u00f1o a Slim, a final de cuentas, fue otro favor que a este empresario le hizo Salinas.<\/p>\n<p>Al \u201crega\u00f1ado\u201d, ya en el aeropuerto Jos\u00e9 Mart\u00ed y en la ceremonia de despedida, Castro volvi\u00f3 a apretarle la mano con toda su fuerza, haci\u00e9ndole una recomendaci\u00f3n: \u201cTe encargo a mi presidente Salinas\u201d.<\/p>\n<p>Recomendaci\u00f3n que sal\u00eda sobrando. Nunca he dejado de \u201ctraerlo de encargo\u201d. (Fragmento de un texto publicado el 16 de agosto de 2010) + + + El Poeta del Nopal env\u00eda enigm\u00e1tico epigrama \u2014\u00bfEPN? \u00bfTrump?\u2014 titulado \u201cEl Destino Manifiesto: Un p\u00e1lido semidi\u00f3s \/ con el rostro maquillado, \/ que sin mediar altercado \/ dibuja un futuro atroz; \/ eyaculador precoz, \/ el copete bien enhiesto, \/ con enigm\u00e1tico gesto \/ anuncia la nueva era, \/ tomando como bandera \/ \u00a1el Destino Manifiesto!\u201d. \u00bfQui\u00e9n, don Alfredo \u00c1lvarez Barr\u00f3n? \u00a1D\u00edganos a cu\u00e1l de los dos pr\u00f3ceres se refiere?<\/p>\n<p><em><a href=\"http:\/\/www.indicepolitico.com\/\" target=\"_blank\">www.indicepolitico.com<\/a><\/em><br \/>\n<em><a href=\"mailto:pacorodriguez@journalist.com\" target=\"_blank\">pacorodriguez@journalist.com<\/a><\/em><br \/>\n<em> <a href=\"https:\/\/twitter.com\/pacorodriguez\" target=\"_blank\">@pacorodriguez<\/a><\/em><\/p>\n","protected":false},"excerpt":{"rendered":"<p><span style=\"color: #005497;\"><strong>Francisco Rodr\u00edguez<\/strong><\/span><br \/>\n<br \/>\nUno de los grandes asertos del refranero \u2014\u201dy dale perico al torno\u201d\u2014 se aplica a todos aqu\u00e9llos que dan demasiadas vueltas y brincos, siempre redundantes, cuando el piso est\u00e1 tan parejo, cuando no hay duda. Y aqu\u00ed, tal parece que es el \u00fanico pa\u00eds del universo conocido, donde las ara\u00f1as mean y los pericos maman.<\/p>\n","protected":false},"author":3,"featured_media":300983,"comment_status":"open","ping_status":"open","sticky":false,"template":"","format":"standard","meta":{"_monsterinsights_skip_tracking":false,"_monsterinsights_sitenote_active":false,"_monsterinsights_sitenote_note":"","_monsterinsights_sitenote_category":0,"footnotes":""},"categories":[549],"tags":[43689,550,43674],"class_list":["post-300898","post","type-post","status-publish","format-standard","has-post-thumbnail","hentry","category-francisco-rodriguez","tag-francisco-rodriguez","tag-indice-politico","tag-opinion"],"_links":{"self":[{"href":"https:\/\/www.diarioimagen.net\/index.php?rest_route=\/wp\/v2\/posts\/300898","targetHints":{"allow":["GET"]}}],"collection":[{"href":"https:\/\/www.diarioimagen.net\/index.php?rest_route=\/wp\/v2\/posts"}],"about":[{"href":"https:\/\/www.diarioimagen.net\/index.php?rest_route=\/wp\/v2\/types\/post"}],"author":[{"embeddable":true,"href":"https:\/\/www.diarioimagen.net\/index.php?rest_route=\/wp\/v2\/users\/3"}],"replies":[{"embeddable":true,"href":"https:\/\/www.diarioimagen.net\/index.php?rest_route=%2Fwp%2Fv2%2Fcomments&post=300898"}],"version-history":[{"count":0,"href":"https:\/\/www.diarioimagen.net\/index.php?rest_route=\/wp\/v2\/posts\/300898\/revisions"}],"wp:featuredmedia":[{"embeddable":true,"href":"https:\/\/www.diarioimagen.net\/index.php?rest_route=\/wp\/v2\/media\/300983"}],"wp:attachment":[{"href":"https:\/\/www.diarioimagen.net\/index.php?rest_route=%2Fwp%2Fv2%2Fmedia&parent=300898"}],"wp:term":[{"taxonomy":"category","embeddable":true,"href":"https:\/\/www.diarioimagen.net\/index.php?rest_route=%2Fwp%2Fv2%2Fcategories&post=300898"},{"taxonomy":"post_tag","embeddable":true,"href":"https:\/\/www.diarioimagen.net\/index.php?rest_route=%2Fwp%2Fv2%2Ftags&post=300898"}],"curies":[{"name":"wp","href":"https:\/\/api.w.org\/{rel}","templated":true}]}}