{"id":300926,"date":"2016-11-29T00:08:05","date_gmt":"2016-11-29T06:08:05","guid":{"rendered":"http:\/\/www.diarioimagen.net\/?p=300926"},"modified":"2016-11-30T03:04:09","modified_gmt":"2016-11-30T09:04:09","slug":"el-piso-parejo-en-accion-nacional","status":"publish","type":"post","link":"https:\/\/www.diarioimagen.net\/?p=300926","title":{"rendered":"El piso parejo en Acci\u00f3n Nacional"},"content":{"rendered":"<h2>Detr\u00e1s del Poder<\/h2>\n<h5>Jos\u00e9 Antonio L\u00f3pez Sosa<\/h5>\n<p>&nbsp;<\/p>\n<p>Rafael Moreno Valle, gobernador poblano, ha reclamado a Ricardo Anaya, dirigente del Partido Acci\u00f3n Nacional (PAN) \u201cpiso parejo\u201d para la selecci\u00f3n del candidato presidencial en 2018.<\/p>\n<p>En t\u00e9rminos reales es algo muy complicado de entender no s\u00f3lo para Anaya sino para el panismo en general que, desde los tiempos de Vicente Fox, no han sabido tener condiciones de equidad para sus aspirantes a candidatos presidenciales.<\/p>\n<p>Hay una divisi\u00f3n clara dentro del PAN, el fantasma del ex presidente Felipe Calder\u00f3n sigue abriendo la grieta, esa que \u00e9l mismo forj\u00f3 a trav\u00e9s de su autoritarismo al asumir funciones de l\u00edder del partido mientras fue presidente de la Rep\u00fablica. La divisi\u00f3n s\u00f3lo los llevar\u00e1 a la derrota, tal como sucedi\u00f3 en la elecci\u00f3n de 2012.<\/p>\n<p>En la coyuntura actual, el Partido Revolucionario Institucional (PRI) ha perdido el control de la sucesi\u00f3n, pareciera a la distancia muy complicado que pueda tener un candidato fuerte para 2018, ello debiera ser una oportunidad hist\u00f3rica para el PAN, sin embargo con esta divisi\u00f3n interna est\u00e1n haciendo todo lo posible por competirle al PRI por el lugar de hasta abajo, no el de hasta arriba.<\/p>\n<p>Debe haber un liderazgo claro en Acci\u00f3n Nacional que determine las reglas del juego y las haga cumplir a los aspirantes, pareciera una instituci\u00f3n pol\u00edtica sin gobierno, donde todos hablan, proponen y se atacan no con un esp\u00edritu de democracia, sino para obtener el mayor beneficio pol\u00edtico personal o de grupo.<\/p>\n<p>La fortaleza que en el pasado tuvo el PAN es haber sido un partido de ciudadanos, de gente que deseaba un cambio en la pol\u00edtica tradicional. Esa fortaleza ha sido su tal\u00f3n de aquiles, se convirtieron r\u00e1pidamente en lo mismo que el PRI en pocos a\u00f1os.<\/p>\n<p>La pregunta es, \u00bfpodr\u00e1 el PAN poner piso parejo?, \u00bftendr\u00e1n la capacidad de volver a ser competitivos pol\u00edticamente hablando para 2018?<\/p>\n<p><em><a href=\"http:\/\/www.lopezsosa.com\" target=\"_blank\">www.lopezsosa.com<\/a><\/em><br \/>\n<em><a href=\"mailto:joseantonio@lopezsosa.com\" target=\"_blank\">joseantonio@lopezsosa.com<\/a><\/em><br \/>\n<em><a href=\"http:\/\/twitter.com\/joseantonio1977\" target=\"_blank\">@joseantonio197<\/a><\/em><strong>7<br \/>\n<\/strong><\/p>\n","protected":false},"excerpt":{"rendered":"<p><span style=\"color: #005497;\"><strong>Jos\u00e9 Antonio L\u00f3pez Sosa<\/strong><\/span><\/p>\n","protected":false},"author":3,"featured_media":0,"comment_status":"open","ping_status":"open","sticky":false,"template":"","format":"standard","meta":{"_monsterinsights_skip_tracking":false,"_monsterinsights_sitenote_active":false,"_monsterinsights_sitenote_note":"","_monsterinsights_sitenote_category":0,"footnotes":""},"categories":[637],"tags":[638,43690,43674],"class_list":["post-300926","post","type-post","status-publish","format-standard","hentry","category-jose-antonio-lopez-sosa","tag-detras-del-poder","tag-jose-antonio-lopez-sosa","tag-opinion"],"_links":{"self":[{"href":"https:\/\/www.diarioimagen.net\/index.php?rest_route=\/wp\/v2\/posts\/300926","targetHints":{"allow":["GET"]}}],"collection":[{"href":"https:\/\/www.diarioimagen.net\/index.php?rest_route=\/wp\/v2\/posts"}],"about":[{"href":"https:\/\/www.diarioimagen.net\/index.php?rest_route=\/wp\/v2\/types\/post"}],"author":[{"embeddable":true,"href":"https:\/\/www.diarioimagen.net\/index.php?rest_route=\/wp\/v2\/users\/3"}],"replies":[{"embeddable":true,"href":"https:\/\/www.diarioimagen.net\/index.php?rest_route=%2Fwp%2Fv2%2Fcomments&post=300926"}],"version-history":[{"count":0,"href":"https:\/\/www.diarioimagen.net\/index.php?rest_route=\/wp\/v2\/posts\/300926\/revisions"}],"wp:attachment":[{"href":"https:\/\/www.diarioimagen.net\/index.php?rest_route=%2Fwp%2Fv2%2Fmedia&parent=300926"}],"wp:term":[{"taxonomy":"category","embeddable":true,"href":"https:\/\/www.diarioimagen.net\/index.php?rest_route=%2Fwp%2Fv2%2Fcategories&post=300926"},{"taxonomy":"post_tag","embeddable":true,"href":"https:\/\/www.diarioimagen.net\/index.php?rest_route=%2Fwp%2Fv2%2Ftags&post=300926"}],"curies":[{"name":"wp","href":"https:\/\/api.w.org\/{rel}","templated":true}]}}