{"id":300999,"date":"2016-11-30T00:08:44","date_gmt":"2016-11-30T06:08:44","guid":{"rendered":"http:\/\/www.diarioimagen.net\/?p=300999"},"modified":"2016-12-01T00:20:00","modified_gmt":"2016-12-01T06:20:00","slug":"riesgo-de-que-disminuya-inversion-en-2017-meade","status":"publish","type":"post","link":"https:\/\/www.diarioimagen.net\/?p=300999","title":{"rendered":"Riesgo de que disminuya inversi\u00f3n en 2017: Meade"},"content":{"rendered":"<ul>\n<li><em><strong>Descarta modificaciones al marco tributario<\/strong><\/em><\/li>\n<\/ul>\n<h6>Jos\u00e9 Luis Monta\u00f1ez<\/h6>\n<p>&nbsp;<\/p>\n<div id=\"attachment_301000\" style=\"width: 470px\" class=\"wp-caption aligncenter\"><a href=\"http:\/\/www.diarioimagen.net\/?attachment_id=301000\" rel=\"attachment wp-att-301000\"><img loading=\"lazy\" decoding=\"async\" aria-describedby=\"caption-attachment-301000\" class=\"wp-image-301000 size-large\" src=\"http:\/\/www.diarioimagen.net\/wp-content\/uploads\/2016\/11\/MEADE30-PORTAL-460x268.jpg\" alt=\"Jos\u00e9 Antonio Meade Kuribre\u00f1a reconoci\u00f3 que existe el riesgo de que disminuya la inversi\u00f3n hacia M\u00e9xico el a\u00f1o pr\u00f3ximo.\" width=\"460\" height=\"268\" srcset=\"https:\/\/www.diarioimagen.net\/wp-content\/uploads\/2016\/11\/MEADE30-PORTAL-460x268.jpg 460w, https:\/\/www.diarioimagen.net\/wp-content\/uploads\/2016\/11\/MEADE30-PORTAL-240x140.jpg 240w, https:\/\/www.diarioimagen.net\/wp-content\/uploads\/2016\/11\/MEADE30-PORTAL.jpg 480w\" sizes=\"auto, (max-width: 460px) 100vw, 460px\" \/><\/a><p id=\"caption-attachment-301000\" class=\"wp-caption-text\">Jos\u00e9 Antonio Meade Kuribre\u00f1a reconoci\u00f3 que existe el riesgo de que disminuya la inversi\u00f3n hacia M\u00e9xico el a\u00f1o pr\u00f3ximo.<\/p><\/div>\n<p>&nbsp;<\/p>\n<p>El secretario de Hacienda y Cr\u00e9dito P\u00fablico, Jos\u00e9 Antonio Meade Kuribre\u00f1a, reconoci\u00f3 que existe el riesgo de que disminuya la inversi\u00f3n hacia el pa\u00eds durante el a\u00f1o pr\u00f3ximo, pero se busca anclar estos procesos de inversi\u00f3n dentro de los espacios que ofrecen las reformas estructurales aprobadas.<\/p>\n<p>Entrevistado al t\u00e9rmino de su participaci\u00f3n en la conferencia \u201cLa econom\u00eda de M\u00e9xico. Perspectivas para 2017\u201d, se\u00f1al\u00f3 que pese a la incertidumbre global, los inversionistas internacionales tienen inter\u00e9s sobre M\u00e9xico, sus reformas y \u201csobre su presente y su futuro\u201d, destac\u00f3 el funcionario federal.<\/p>\n<p>\u201cY hay, adem\u00e1s, confianza en que las autoridades est\u00e9n presentes, discutiendo, est\u00e9n analizando, est\u00e9n acompa\u00f1ando los procesos de an\u00e1lisis, reconociendo los riesgos, pero se\u00f1alando tambi\u00e9n los elementos que nos dan fortaleza\u201d, dijo el funcionario sobre la opini\u00f3n que recogi\u00f3 en las reuniones que tuvo con inversionistas de Nueva York y Londres.<\/p>\n<p>Argument\u00f3, del nuevo plan de negocios de Petr\u00f3leos Mexicanos (Pemex), de la Red Compartida o del nuevo aeropuerto capitalino, que son proyectos de inversi\u00f3n que no est\u00e1n sujetos a un entorno de incertidumbre y ayudar\u00e1n a que el pa\u00eds mantenga dinamismo hacia adelante.<\/p>\n<p>El secretario de Hacienda sostuvo que M\u00e9xico ser\u00e1 capaz de cumplir el objetivo de lograr un super\u00e1vit primario en sus finanzas el a\u00f1o pr\u00f3ximo, por primera vez desde 2008, pese a los riesgos a la baja que enfrenta la econom\u00eda.<\/p>\n<p>Ante las recientes revisiones por parte de organismos internacionales sobre su expectativa de crecimiento para la econom\u00eda mexicana, record\u00f3 que el Congreso aprob\u00f3 una estimaci\u00f3n de crecimiento entre 2.0 y 3.0 por ciento, rango que recoge las perspectivas del sector privado.<\/p>\n<p>A la Secretar\u00eda de Hacienda le corresponde estar atenta frente a los riesgos que tiene la econom\u00eda nacional, los cuales en su mayor parte son a la baja, para ver si el pa\u00eds es capaz o no de ejecutar el paquete econ\u00f3mico de 2017, asegur\u00f3.<\/p>\n<p>\u201cNosotros pensamos que s\u00ed, que seremos capaces de cumplir nuestro objetivo, el super\u00e1vit primario y darle soporte a los programas que vienen reflejados en el presupuesto\u201d, afirm\u00f3 Meade Kuribre\u00f1a.<\/p>\n<p>El encargado de las finanzas p\u00fablicas del pa\u00eds descart\u00f3 modificaciones al actual marco tributario del pa\u00eds durante el a\u00f1o pr\u00f3ximo, a fin de no contribuir m\u00e1s a la incertidumbre en los mercados.<\/p>\n<p>\u201cEl que nuestro marco tributario sea permanente, que sea estable, que no se est\u00e9 modificando a\u00f1o con a\u00f1o, manda una se\u00f1al de seguridad y de certeza. Nosotros pensamos que el que tenemos es adecuado\u201d.<\/p>\n<p>En el actual entorno de incertidumbre, continu\u00f3, el marco tributario de M\u00e9xico es un elemento muy importante para generar certidumbre, ya que el hecho de que sea permanente, estable y no se modifique cada a\u00f1o, manda una se\u00f1al de seguridad y de certeza. Adem\u00e1s, es importante que el paquete econ\u00f3mico para el a\u00f1o pr\u00f3ximo no contribuya m\u00e1s a la incertidumbre actual en los mercados internacionales, sino que ayude a mandar estas se\u00f1ales de seguridad y certeza.<\/p>\n<p>\u201cTenemos elementos para ejecutar el paquete econ\u00f3mico como fue aprobado, reconocemos que hay riesgos a la baja de crecimiento, no solamente en M\u00e9xico, sino en el mundo.<\/p>\n","protected":false},"excerpt":{"rendered":"<p><span style=\"color: #005497;\">Jos\u00e9 Luis Monta\u00f1ez<\/span><br \/>\n<br \/>\nEl secretario de Hacienda y Cr\u00e9dito P\u00fablico, Jos\u00e9 Antonio Meade Kuribre\u00f1a, reconoci\u00f3 que existe el riesgo de que disminuya la inversi\u00f3n hacia el pa\u00eds durante el a\u00f1o pr\u00f3ximo, pero se busca anclar estos procesos de inversi\u00f3n dentro de los espacios que ofrecen las reformas estructurales aprobadas.<\/p>\n","protected":false},"author":5,"featured_media":301000,"comment_status":"open","ping_status":"open","sticky":false,"template":"","format":"standard","meta":{"_monsterinsights_skip_tracking":false,"_monsterinsights_sitenote_active":false,"_monsterinsights_sitenote_note":"","_monsterinsights_sitenote_category":0,"footnotes":""},"categories":[8],"tags":[5247,26429,43673,2411],"class_list":["post-300999","post","type-post","status-publish","format-standard","has-post-thumbnail","hentry","category-finanzas","tag-inversion","tag-jose-antonio-meade-kuribrena","tag-nacional","tag-petroleos-mexicanos"],"_links":{"self":[{"href":"https:\/\/www.diarioimagen.net\/index.php?rest_route=\/wp\/v2\/posts\/300999","targetHints":{"allow":["GET"]}}],"collection":[{"href":"https:\/\/www.diarioimagen.net\/index.php?rest_route=\/wp\/v2\/posts"}],"about":[{"href":"https:\/\/www.diarioimagen.net\/index.php?rest_route=\/wp\/v2\/types\/post"}],"author":[{"embeddable":true,"href":"https:\/\/www.diarioimagen.net\/index.php?rest_route=\/wp\/v2\/users\/5"}],"replies":[{"embeddable":true,"href":"https:\/\/www.diarioimagen.net\/index.php?rest_route=%2Fwp%2Fv2%2Fcomments&post=300999"}],"version-history":[{"count":0,"href":"https:\/\/www.diarioimagen.net\/index.php?rest_route=\/wp\/v2\/posts\/300999\/revisions"}],"wp:featuredmedia":[{"embeddable":true,"href":"https:\/\/www.diarioimagen.net\/index.php?rest_route=\/wp\/v2\/media\/301000"}],"wp:attachment":[{"href":"https:\/\/www.diarioimagen.net\/index.php?rest_route=%2Fwp%2Fv2%2Fmedia&parent=300999"}],"wp:term":[{"taxonomy":"category","embeddable":true,"href":"https:\/\/www.diarioimagen.net\/index.php?rest_route=%2Fwp%2Fv2%2Fcategories&post=300999"},{"taxonomy":"post_tag","embeddable":true,"href":"https:\/\/www.diarioimagen.net\/index.php?rest_route=%2Fwp%2Fv2%2Ftags&post=300999"}],"curies":[{"name":"wp","href":"https:\/\/api.w.org\/{rel}","templated":true}]}}