{"id":301019,"date":"2016-11-30T00:08:16","date_gmt":"2016-11-30T06:08:16","guid":{"rendered":"http:\/\/www.diarioimagen.net\/?p=301019"},"modified":"2016-11-30T02:57:36","modified_gmt":"2016-11-30T08:57:36","slug":"refuerzan-seguridad-con-200-mil-luminarias","status":"publish","type":"post","link":"https:\/\/www.diarioimagen.net\/?p=301019","title":{"rendered":"Refuerzan seguridad con 200 mil luminarias"},"content":{"rendered":"<h2>Arco Norte<\/h2>\n<h5>Jos\u00e9 Luis Monta\u00f1ez Aguilar<\/h5>\n<p>&nbsp;<\/p>\n<p><a href=\"http:\/\/www.diarioimagen.net\/?attachment_id=301084\" rel=\"attachment wp-att-301084\"><img loading=\"lazy\" decoding=\"async\" class=\"alignleft  wp-image-301084\" src=\"http:\/\/www.diarioimagen.net\/wp-content\/uploads\/2016\/11\/arco-3008-345x460.jpg\" alt=\"arco-3008\" width=\"242\" height=\"323\" srcset=\"https:\/\/www.diarioimagen.net\/wp-content\/uploads\/2016\/11\/arco-3008-345x460.jpg 345w, https:\/\/www.diarioimagen.net\/wp-content\/uploads\/2016\/11\/arco-3008-180x240.jpg 180w, https:\/\/www.diarioimagen.net\/wp-content\/uploads\/2016\/11\/arco-3008.jpg 525w\" sizes=\"auto, (max-width: 242px) 100vw, 242px\" \/><\/a>Para fortalecer las acciones de seguridad p\u00fablica y embellecer el entorno urbano, inici\u00f3 la instalaci\u00f3n de 200 mil luminarias LED en distintos puntos del Estado de M\u00e9xico, principalmente en los 11 municipios donde se ha decretado la Alerta de G\u00e9nero, en aquellos con alta incidencia delictiva, as\u00ed como en los 9 Pueblos M\u00e1gicos.<\/p>\n<p>En su primera etapa se tiene considerada la entrega de 100 mil luminarias hasta diciembre de este a\u00f1o, y se iniciar\u00e1 con los municipios de Ecatepec, Nezahualc\u00f3yotl, Toluca, Chimalhuac\u00e1n, Chalco, Valle de Chalco, Cuautitl\u00e1n Izcalli, Tultitl\u00e1n, Naucalpan, Ixtapaluca y Tlalnepantla, que son los que se consideran en la Alerta de G\u00e9nero.<\/p>\n<p>El director de Electrificaci\u00f3n, Armando \u00c1lvarez Reyes, inform\u00f3 que se beneficiar\u00e1 a m\u00e1s de 4 millones de personas, y de manera adicional, la colocaci\u00f3n de las luminarias se extender\u00e1 hacia \u00e1reas de servicios que no cuentan actualmente con alumbrado p\u00fablico, entre ellas el acceso a vialidades, escuelas, centros de salud, hospitales, iglesias y lecher\u00edas.<\/p>\n<p>Su eficiencia energ\u00e9tica, permitir\u00e1 un ahorro en el consumo de energ\u00eda el\u00e9ctrica, al reducirse el costo de facturaci\u00f3n de alumbrado p\u00fablico, lo que representa tambi\u00e9n una estrategia coordinada con la Comisi\u00f3n Federal de Electricidad y la Comisi\u00f3n Nacional para el Uso Eficiente de la Energ\u00eda (CONUEE). Adem\u00e1s de que por su tecnolog\u00eda, se apoyar\u00e1 tambi\u00e9n al medio ambiente, ya que permitir\u00e1 reducir 66 mil 180 toneladas de bi\u00f3xido de carbono.<\/p>\n<p style=\"text-align: center;\"><strong>Entregan paquetes invernales <\/strong><\/p>\n<p>Con el prop\u00f3sito de proteger a la poblaci\u00f3n de escasos recursos econ\u00f3micos que vive en zonas que registran bajas temperaturas, Carolina Alan\u00eds Moreno, directora general del DIF Estado de M\u00e9xico, a trav\u00e9s del programa <em>Cobijando familias<\/em>, entreg\u00f3 paquetes invernales a m\u00e1s de 100 habitantes de viviendas ubicadas en las faldas del volc\u00e1n Popocat\u00e9petl, con lo que se prev\u00e9 contrarrestar los efectos del fr\u00edo y prevenir enfermedades respiratorias.<\/p>\n<p>Alan\u00eds Moreno entreg\u00f3 a los beneficiaros los paquetes invernales integrados por una canasta alimentaria, cobijas y un vale de laboratorio que en total beneficiar\u00e1 a familias de la comunidad de San Pedro Nexapa.<\/p>\n<p><em><a href=\"mailto:montanezaguilar@gmail.com\" target=\"_blank\">montanezaguilar@gmail.com<\/a><\/em><\/p>\n","protected":false},"excerpt":{"rendered":"<p><span style=\"color: #005497;\">Jos\u00e9 Luis Monta\u00f1ez Aguilar<\/span><br \/>\n<br \/>\nPara fortalecer las acciones de seguridad p\u00fablica y embellecer el entorno urbano, inici\u00f3 la instalaci\u00f3n de 200 mil luminarias LED en distintos puntos del Estado de M\u00e9xico, principalmente en los 11 municipios donde se ha decretado la Alerta de G\u00e9nero, en aquellos con alta incidencia delictiva, as\u00ed como en los 9 Pueblos M\u00e1gicos.<\/p>\n","protected":false},"author":3,"featured_media":301086,"comment_status":"open","ping_status":"open","sticky":false,"template":"","format":"standard","meta":{"_monsterinsights_skip_tracking":false,"_monsterinsights_sitenote_active":false,"_monsterinsights_sitenote_note":"","_monsterinsights_sitenote_category":0,"footnotes":""},"categories":[5],"tags":[13284,43704,43674],"class_list":["post-301019","post","type-post","status-publish","format-standard","has-post-thumbnail","hentry","category-estado-de-mexico","tag-arco-norte","tag-jose-luis-montanez-aguilar","tag-opinion"],"_links":{"self":[{"href":"https:\/\/www.diarioimagen.net\/index.php?rest_route=\/wp\/v2\/posts\/301019","targetHints":{"allow":["GET"]}}],"collection":[{"href":"https:\/\/www.diarioimagen.net\/index.php?rest_route=\/wp\/v2\/posts"}],"about":[{"href":"https:\/\/www.diarioimagen.net\/index.php?rest_route=\/wp\/v2\/types\/post"}],"author":[{"embeddable":true,"href":"https:\/\/www.diarioimagen.net\/index.php?rest_route=\/wp\/v2\/users\/3"}],"replies":[{"embeddable":true,"href":"https:\/\/www.diarioimagen.net\/index.php?rest_route=%2Fwp%2Fv2%2Fcomments&post=301019"}],"version-history":[{"count":0,"href":"https:\/\/www.diarioimagen.net\/index.php?rest_route=\/wp\/v2\/posts\/301019\/revisions"}],"wp:featuredmedia":[{"embeddable":true,"href":"https:\/\/www.diarioimagen.net\/index.php?rest_route=\/wp\/v2\/media\/301086"}],"wp:attachment":[{"href":"https:\/\/www.diarioimagen.net\/index.php?rest_route=%2Fwp%2Fv2%2Fmedia&parent=301019"}],"wp:term":[{"taxonomy":"category","embeddable":true,"href":"https:\/\/www.diarioimagen.net\/index.php?rest_route=%2Fwp%2Fv2%2Fcategories&post=301019"},{"taxonomy":"post_tag","embeddable":true,"href":"https:\/\/www.diarioimagen.net\/index.php?rest_route=%2Fwp%2Fv2%2Ftags&post=301019"}],"curies":[{"name":"wp","href":"https:\/\/api.w.org\/{rel}","templated":true}]}}