{"id":301031,"date":"2016-11-30T00:02:49","date_gmt":"2016-11-30T06:02:49","guid":{"rendered":"http:\/\/www.diarioimagen.net\/?p=301031"},"modified":"2016-11-30T03:01:18","modified_gmt":"2016-11-30T09:01:18","slug":"entrega-denisse-ugalde-el-premio-nacional-jose-emilio-pacheco","status":"publish","type":"post","link":"https:\/\/www.diarioimagen.net\/?p=301031","title":{"rendered":"Entrega Denisse Ugalde el premio nacional \u201cJos\u00e9 Emilio Pacheco\u201d"},"content":{"rendered":"<p><a href=\"http:\/\/www.diarioimagen.net\/?attachment_id=301097\" rel=\"attachment wp-att-301097\"><img loading=\"lazy\" decoding=\"async\" class=\"aligncenter size-large wp-image-301097\" src=\"http:\/\/www.diarioimagen.net\/wp-content\/uploads\/2016\/11\/TLALNEPANTLA-3008-460x259.jpg\" alt=\"tlalnepantla-3008\" width=\"460\" height=\"259\" srcset=\"https:\/\/www.diarioimagen.net\/wp-content\/uploads\/2016\/11\/TLALNEPANTLA-3008-460x259.jpg 460w, https:\/\/www.diarioimagen.net\/wp-content\/uploads\/2016\/11\/TLALNEPANTLA-3008-240x135.jpg 240w, https:\/\/www.diarioimagen.net\/wp-content\/uploads\/2016\/11\/TLALNEPANTLA-3008-235x132.jpg 235w, https:\/\/www.diarioimagen.net\/wp-content\/uploads\/2016\/11\/TLALNEPANTLA-3008-202x114.jpg 202w, https:\/\/www.diarioimagen.net\/wp-content\/uploads\/2016\/11\/TLALNEPANTLA-3008-350x196.jpg 350w, https:\/\/www.diarioimagen.net\/wp-content\/uploads\/2016\/11\/TLALNEPANTLA-3008-220x123.jpg 220w, https:\/\/www.diarioimagen.net\/wp-content\/uploads\/2016\/11\/TLALNEPANTLA-3008-237x132.jpg 237w, https:\/\/www.diarioimagen.net\/wp-content\/uploads\/2016\/11\/TLALNEPANTLA-3008.jpg 480w\" sizes=\"auto, (max-width: 460px) 100vw, 460px\" \/><\/a><\/p>\n<p>&nbsp;<\/p>\n<p><strong>Tlalnepantla, Estado de M\u00e9xico.-<\/strong> La poeta y ensayista, Dolores Castro, y el escritor Balam Rodrigo P\u00e9rez Hern\u00e1ndez, recibieron de manos de la presidenta municipal, Denisse Ugalde Alegr\u00eda, el premio nacional \u201cJos\u00e9 Emilio Pacheco\u201d por trayectoria literaria y poes\u00eda in\u00e9dita, respectivamente.<\/p>\n<p>En la ceremonia realizada en la Ex Hacienda de Enmedio, la alcaldesa enfatiz\u00f3 que \u201cen Tlalnepantla tenemos muy claro que la cultura debe tener un lugar especial, no s\u00f3lo en el discurso, sino en las acciones, de ah\u00ed que hoy estemos promoviendo este premio para quienes han sobresalido en el mundo de las letras\u201d.<\/p>\n<p>&nbsp;<\/p>\n","protected":false},"excerpt":{"rendered":"<p>La poeta y ensayista, Dolores Castro, y el escritor Balam Rodrigo P\u00e9rez Hern\u00e1ndez, recibieron de manos de la presidenta municipal, Denisse Ugalde Alegr\u00eda, el premio nacional \u201cJos\u00e9 Emilio Pacheco\u201d por trayectoria literaria y poes\u00eda in\u00e9dita, respectivamente.<\/p>\n","protected":false},"author":3,"featured_media":301097,"comment_status":"open","ping_status":"open","sticky":false,"template":"","format":"standard","meta":{"_monsterinsights_skip_tracking":false,"_monsterinsights_sitenote_active":false,"_monsterinsights_sitenote_note":"","_monsterinsights_sitenote_category":0,"footnotes":""},"categories":[5],"tags":[45490,43675,169],"class_list":["post-301031","post","type-post","status-publish","format-standard","has-post-thumbnail","hentry","category-estado-de-mexico","tag-denisse-ugalde-alegria","tag-estado-de-mexico","tag-tlalnepantla"],"_links":{"self":[{"href":"https:\/\/www.diarioimagen.net\/index.php?rest_route=\/wp\/v2\/posts\/301031","targetHints":{"allow":["GET"]}}],"collection":[{"href":"https:\/\/www.diarioimagen.net\/index.php?rest_route=\/wp\/v2\/posts"}],"about":[{"href":"https:\/\/www.diarioimagen.net\/index.php?rest_route=\/wp\/v2\/types\/post"}],"author":[{"embeddable":true,"href":"https:\/\/www.diarioimagen.net\/index.php?rest_route=\/wp\/v2\/users\/3"}],"replies":[{"embeddable":true,"href":"https:\/\/www.diarioimagen.net\/index.php?rest_route=%2Fwp%2Fv2%2Fcomments&post=301031"}],"version-history":[{"count":0,"href":"https:\/\/www.diarioimagen.net\/index.php?rest_route=\/wp\/v2\/posts\/301031\/revisions"}],"wp:featuredmedia":[{"embeddable":true,"href":"https:\/\/www.diarioimagen.net\/index.php?rest_route=\/wp\/v2\/media\/301097"}],"wp:attachment":[{"href":"https:\/\/www.diarioimagen.net\/index.php?rest_route=%2Fwp%2Fv2%2Fmedia&parent=301031"}],"wp:term":[{"taxonomy":"category","embeddable":true,"href":"https:\/\/www.diarioimagen.net\/index.php?rest_route=%2Fwp%2Fv2%2Fcategories&post=301031"},{"taxonomy":"post_tag","embeddable":true,"href":"https:\/\/www.diarioimagen.net\/index.php?rest_route=%2Fwp%2Fv2%2Ftags&post=301031"}],"curies":[{"name":"wp","href":"https:\/\/api.w.org\/{rel}","templated":true}]}}