{"id":301033,"date":"2016-11-30T00:05:02","date_gmt":"2016-11-30T06:05:02","guid":{"rendered":"http:\/\/www.diarioimagen.net\/?p=301033"},"modified":"2016-11-30T03:03:23","modified_gmt":"2016-11-30T09:03:23","slug":"huixquilucan-el-mas-seguro-del-edomex-vargas-del-villar","status":"publish","type":"post","link":"https:\/\/www.diarioimagen.net\/?p=301033","title":{"rendered":"Huixquilucan, el m\u00e1s seguro del Edomex: Vargas del Villar"},"content":{"rendered":"<ul>\n<li><strong><em>Inversi\u00f3n sin precedente en equipamiento<\/em><\/strong><\/li>\n<\/ul>\n<p>&nbsp;<\/p>\n<div id=\"attachment_301100\" style=\"width: 470px\" class=\"wp-caption aligncenter\"><a href=\"http:\/\/www.diarioimagen.net\/?attachment_id=301100\" rel=\"attachment wp-att-301100\"><img loading=\"lazy\" decoding=\"async\" aria-describedby=\"caption-attachment-301100\" class=\"size-large wp-image-301100\" src=\"http:\/\/www.diarioimagen.net\/wp-content\/uploads\/2016\/11\/HUIXQUILUCAN-3008-460x259.jpg\" alt=\"El gobierno de Enrique Vargas del Villar ha realizado una inversi\u00f3n sin precedentes para dotar de patrullas, equipamiento y capacitaci\u00f3n a los polic\u00edas.\" width=\"460\" height=\"259\" srcset=\"https:\/\/www.diarioimagen.net\/wp-content\/uploads\/2016\/11\/HUIXQUILUCAN-3008-460x259.jpg 460w, https:\/\/www.diarioimagen.net\/wp-content\/uploads\/2016\/11\/HUIXQUILUCAN-3008-240x135.jpg 240w, https:\/\/www.diarioimagen.net\/wp-content\/uploads\/2016\/11\/HUIXQUILUCAN-3008-235x132.jpg 235w, https:\/\/www.diarioimagen.net\/wp-content\/uploads\/2016\/11\/HUIXQUILUCAN-3008-202x114.jpg 202w, https:\/\/www.diarioimagen.net\/wp-content\/uploads\/2016\/11\/HUIXQUILUCAN-3008-350x196.jpg 350w, https:\/\/www.diarioimagen.net\/wp-content\/uploads\/2016\/11\/HUIXQUILUCAN-3008-220x123.jpg 220w, https:\/\/www.diarioimagen.net\/wp-content\/uploads\/2016\/11\/HUIXQUILUCAN-3008-237x132.jpg 237w, https:\/\/www.diarioimagen.net\/wp-content\/uploads\/2016\/11\/HUIXQUILUCAN-3008.jpg 480w\" sizes=\"auto, (max-width: 460px) 100vw, 460px\" \/><\/a><p id=\"caption-attachment-301100\" class=\"wp-caption-text\">El gobierno de Enrique Vargas del Villar ha realizado una inversi\u00f3n sin precedentes para dotar de patrullas, equipamiento y capacitaci\u00f3n a los polic\u00edas.<\/p><\/div>\n<p>&nbsp;<\/p>\n<p><strong>Huixquilucan, Estado de M\u00e9xico<\/strong>.-\u201cLa seguridad de las familias huixquiluquenses es mi prioridad, por eso se ha realizado una inversi\u00f3n sin precedentes para dotar de patrullas, equipamiento y capacitaci\u00f3n a nuestros polic\u00edas, quienes d\u00eda a d\u00eda refrendan su compromiso de velar por la seguridad de los ciudadanos\u201d, recalc\u00f3 el presidente municipal, Enrique Vargas del Villar.<\/p>\n<p>Durante el primer a\u00f1o de gobierno se entreg\u00f3 equipamiento para los polic\u00edas que da como resultado que hoy Huixquilucan tenga m\u00e1s patrullas, resaltando la adquisici\u00f3n de veh\u00edculos sed\u00e1n, camionetas y motocicletas que vigilan la demarcaci\u00f3n.<\/p>\n<p>Vargas del Villar destac\u00f3 que gracias al programa \u201cHuixquilucan Seguro\u201d se ha logrado bajar la incidencia delictiva hasta en un 40 por ciento. \u201cDesde el 1 de enero de 2016 se cambi\u00f3 la estrategia de seguridad, se redobl\u00f3 el trabajo de vigilancia y muestra de ello son los m\u00e1s de 780 operativos que se han realizado a lo largo y ancho del municipio\u201d.<\/p>\n<p>Con motivo del Primer Informe de Resultados de la administraci\u00f3n 2016-2018 el alcalde, reconoci\u00f3 que falta mucho por hacer, pero se trabaja en el camino correcto, para tener un municipio m\u00e1s seguro.<\/p>\n<p>Adem\u00e1s del operativo \u201cHuixquilucan Seguro\u201d, tambi\u00e9n destaca: Pie Tierra, Presencia, Cord\u00f3n Vial, Pasajero Seguro, Intermunicipal, Metropolitano y BOM (Base de Operaciones Mixtas) los cuales, la Polic\u00eda Municipal los realiza de manera coordinada con elementos de la Secretar\u00eda de la Defensa Nacional y la Comisi\u00f3n Estatal de Seguridad, lo que ha permitido blindar a Huixquilucan.<\/p>\n<p>Destaca la preparaci\u00f3n de los elementos que conforman la Direcci\u00f3n de Seguridad P\u00fablica y Vialidad, cuyos polic\u00edas han recibido cursos de capacitaci\u00f3n para potenciar sus habilidades, destreza y conocimiento en la funci\u00f3n policial; adem\u00e1s el trabajo de seguridad es reforzado con herramientas tecnol\u00f3gicas, para lo cual se cuenta con cerca de 600 c\u00e1maras de video vigilancia que coadyuvan en la labor de los oficiales.<\/p>\n<p>&nbsp;<\/p>\n","protected":false},"excerpt":{"rendered":"<p>\u201cLa seguridad de las familias huixquiluquenses es mi prioridad, por eso se ha realizado una inversi\u00f3n sin precedentes para dotar de patrullas, equipamiento y capacitaci\u00f3n a nuestros polic\u00edas, quienes d\u00eda a d\u00eda refrendan su compromiso de velar por la seguridad de los ciudadanos\u201d, recalc\u00f3 el presidente municipal, Enrique Vargas del Villar.<\/p>\n","protected":false},"author":3,"featured_media":301100,"comment_status":"open","ping_status":"open","sticky":false,"template":"","format":"standard","meta":{"_monsterinsights_skip_tracking":false,"_monsterinsights_sitenote_active":false,"_monsterinsights_sitenote_note":"","_monsterinsights_sitenote_category":0,"footnotes":""},"categories":[35155],"tags":[43675,1097,31547],"class_list":["post-301033","post","type-post","status-publish","format-standard","has-post-thumbnail","hentry","category-estado-de-mexico-estado-de-mexico","tag-estado-de-mexico","tag-huixquilucan","tag-seguro"],"_links":{"self":[{"href":"https:\/\/www.diarioimagen.net\/index.php?rest_route=\/wp\/v2\/posts\/301033","targetHints":{"allow":["GET"]}}],"collection":[{"href":"https:\/\/www.diarioimagen.net\/index.php?rest_route=\/wp\/v2\/posts"}],"about":[{"href":"https:\/\/www.diarioimagen.net\/index.php?rest_route=\/wp\/v2\/types\/post"}],"author":[{"embeddable":true,"href":"https:\/\/www.diarioimagen.net\/index.php?rest_route=\/wp\/v2\/users\/3"}],"replies":[{"embeddable":true,"href":"https:\/\/www.diarioimagen.net\/index.php?rest_route=%2Fwp%2Fv2%2Fcomments&post=301033"}],"version-history":[{"count":0,"href":"https:\/\/www.diarioimagen.net\/index.php?rest_route=\/wp\/v2\/posts\/301033\/revisions"}],"wp:featuredmedia":[{"embeddable":true,"href":"https:\/\/www.diarioimagen.net\/index.php?rest_route=\/wp\/v2\/media\/301100"}],"wp:attachment":[{"href":"https:\/\/www.diarioimagen.net\/index.php?rest_route=%2Fwp%2Fv2%2Fmedia&parent=301033"}],"wp:term":[{"taxonomy":"category","embeddable":true,"href":"https:\/\/www.diarioimagen.net\/index.php?rest_route=%2Fwp%2Fv2%2Fcategories&post=301033"},{"taxonomy":"post_tag","embeddable":true,"href":"https:\/\/www.diarioimagen.net\/index.php?rest_route=%2Fwp%2Fv2%2Ftags&post=301033"}],"curies":[{"name":"wp","href":"https:\/\/api.w.org\/{rel}","templated":true}]}}