{"id":301037,"date":"2016-11-30T00:03:33","date_gmt":"2016-11-30T06:03:33","guid":{"rendered":"http:\/\/www.diarioimagen.net\/?p=301037"},"modified":"2016-11-30T03:29:49","modified_gmt":"2016-11-30T09:29:49","slug":"obras-de-ampliacion-del-centro-comunitario-solidaridad-en-tultitlan","status":"publish","type":"post","link":"https:\/\/www.diarioimagen.net\/?p=301037","title":{"rendered":"Obras de ampliaci\u00f3n del Centro Comunitario Solidaridad, en Tultitl\u00e1n"},"content":{"rendered":"<p><a href=\"http:\/\/www.diarioimagen.net\/?attachment_id=301128\" rel=\"attachment wp-att-301128\"><img loading=\"lazy\" decoding=\"async\" class=\"aligncenter size-large wp-image-301128\" src=\"http:\/\/www.diarioimagen.net\/wp-content\/uploads\/2016\/11\/TULTITLAN-3008-460x307.jpg\" alt=\"tultitlan-3008\" width=\"460\" height=\"307\" srcset=\"https:\/\/www.diarioimagen.net\/wp-content\/uploads\/2016\/11\/TULTITLAN-3008-460x307.jpg 460w, https:\/\/www.diarioimagen.net\/wp-content\/uploads\/2016\/11\/TULTITLAN-3008-240x160.jpg 240w, https:\/\/www.diarioimagen.net\/wp-content\/uploads\/2016\/11\/TULTITLAN-3008.jpg 700w\" sizes=\"auto, (max-width: 460px) 100vw, 460px\" \/><\/a><\/p>\n<p>&nbsp;<\/p>\n<p><strong>Tultitl\u00e1n, Estado de M\u00e9xico.-<\/strong> Con una inversi\u00f3n total de 900 mil pesos\u00a0 y con el objetivo de que habitantes de la zona tengan un lugar donde puedan capacitarse y aprender nuevos oficios, el gobierno local encabezado por el maestro en administraci\u00f3n p\u00fablica, Jorge Ad\u00e1n Barr\u00f3n Elizalde, dio el banderazo oficial del arranque de obra de la \u201cAmpliaci\u00f3n del Centro Comunitario Solidaridad\u201d, ubicado en calle Parque Crisantemas.<\/p>\n","protected":false},"excerpt":{"rendered":"<p>Con una inversi\u00f3n total de 900 mil pesos  y con el objetivo de que habitantes de la zona tengan un lugar donde puedan capacitarse y aprender nuevos oficios, el gobierno local encabezado por el maestro en administraci\u00f3n p\u00fablica, Jorge Ad\u00e1n Barr\u00f3n Elizalde, dio el banderazo oficial del arranque de obra de la \u201cAmpliaci\u00f3n del Centro Comunitario Solidaridad\u201d, ubicado en calle Parque Crisantemas.<\/p>\n","protected":false},"author":3,"featured_media":301128,"comment_status":"open","ping_status":"open","sticky":false,"template":"","format":"standard","meta":{"_monsterinsights_skip_tracking":false,"_monsterinsights_sitenote_active":false,"_monsterinsights_sitenote_note":"","_monsterinsights_sitenote_category":0,"footnotes":""},"categories":[35155],"tags":[43675,578],"class_list":["post-301037","post","type-post","status-publish","format-standard","has-post-thumbnail","hentry","category-estado-de-mexico-estado-de-mexico","tag-estado-de-mexico","tag-tultitlan"],"_links":{"self":[{"href":"https:\/\/www.diarioimagen.net\/index.php?rest_route=\/wp\/v2\/posts\/301037","targetHints":{"allow":["GET"]}}],"collection":[{"href":"https:\/\/www.diarioimagen.net\/index.php?rest_route=\/wp\/v2\/posts"}],"about":[{"href":"https:\/\/www.diarioimagen.net\/index.php?rest_route=\/wp\/v2\/types\/post"}],"author":[{"embeddable":true,"href":"https:\/\/www.diarioimagen.net\/index.php?rest_route=\/wp\/v2\/users\/3"}],"replies":[{"embeddable":true,"href":"https:\/\/www.diarioimagen.net\/index.php?rest_route=%2Fwp%2Fv2%2Fcomments&post=301037"}],"version-history":[{"count":0,"href":"https:\/\/www.diarioimagen.net\/index.php?rest_route=\/wp\/v2\/posts\/301037\/revisions"}],"wp:featuredmedia":[{"embeddable":true,"href":"https:\/\/www.diarioimagen.net\/index.php?rest_route=\/wp\/v2\/media\/301128"}],"wp:attachment":[{"href":"https:\/\/www.diarioimagen.net\/index.php?rest_route=%2Fwp%2Fv2%2Fmedia&parent=301037"}],"wp:term":[{"taxonomy":"category","embeddable":true,"href":"https:\/\/www.diarioimagen.net\/index.php?rest_route=%2Fwp%2Fv2%2Fcategories&post=301037"},{"taxonomy":"post_tag","embeddable":true,"href":"https:\/\/www.diarioimagen.net\/index.php?rest_route=%2Fwp%2Fv2%2Ftags&post=301037"}],"curies":[{"name":"wp","href":"https:\/\/api.w.org\/{rel}","templated":true}]}}