{"id":301049,"date":"2016-11-30T00:06:36","date_gmt":"2016-11-30T06:06:36","guid":{"rendered":"http:\/\/www.diarioimagen.net\/?p=301049"},"modified":"2016-12-01T00:19:21","modified_gmt":"2016-12-01T06:19:21","slug":"reconoce-poder-judicial-a-juzgadores-con-la-medalla-al-merito-judicial","status":"publish","type":"post","link":"https:\/\/www.diarioimagen.net\/?p=301049","title":{"rendered":"Reconoce Poder Judicial a juzgadores con la Medalla al M\u00e9rito Judicial"},"content":{"rendered":"<ul>\n<li><em><strong>El presidente del TSJCDMX, magistrado Edgar El\u00edas Azar, puntualiz\u00f3 que con la distinci\u00f3n se premia la excelsitud, calidad y permanencia de los actos de justicia destacados por su inteligencia, prudencia, diligencia y oportunidad<\/strong><\/em><\/li>\n<\/ul>\n<p>&nbsp;<\/p>\n<h6>Gloria Carpio<br \/>\nFotos: Alfonso Mora<\/h6>\n<p>&nbsp;<\/p>\n<div id=\"attachment_301113\" style=\"width: 470px\" class=\"wp-caption aligncenter\"><a href=\"http:\/\/www.diarioimagen.net\/?attachment_id=301113\" rel=\"attachment wp-att-301113\"><img loading=\"lazy\" decoding=\"async\" aria-describedby=\"caption-attachment-301113\" class=\"size-large wp-image-301113\" src=\"http:\/\/www.diarioimagen.net\/wp-content\/uploads\/2016\/11\/medalla-1-3008-460x309.jpg\" alt=\"Los premiados fueron el magistrado Javier Ra\u00fal Ayala Casillas y los jueces Mar\u00eda del Rosario Tirado Guti\u00e9rrez y Jaime Armend\u00e1riz Orozco.\" width=\"460\" height=\"309\" srcset=\"https:\/\/www.diarioimagen.net\/wp-content\/uploads\/2016\/11\/medalla-1-3008-460x309.jpg 460w, https:\/\/www.diarioimagen.net\/wp-content\/uploads\/2016\/11\/medalla-1-3008-240x161.jpg 240w, https:\/\/www.diarioimagen.net\/wp-content\/uploads\/2016\/11\/medalla-1-3008-768x515.jpg 768w, https:\/\/www.diarioimagen.net\/wp-content\/uploads\/2016\/11\/medalla-1-3008.jpg 1043w\" sizes=\"auto, (max-width: 460px) 100vw, 460px\" \/><\/a><p id=\"caption-attachment-301113\" class=\"wp-caption-text\">Los premiados fueron el magistrado Javier Ra\u00fal Ayala Casillas y los jueces Mar\u00eda del Rosario Tirado Guti\u00e9rrez y Jaime Armend\u00e1riz Orozco.<\/p><\/div>\n<p>&nbsp;<\/p>\n<p>El Poder Judicial local reconoci\u00f3 a tres de sus juzgadores con la <em>Medalla al M\u00e9rito Judicial<\/em>, en un acto en el que el presidente del Tribunal Superior de Justicia de la Ciudad de M\u00e9xico (TSJCDMX), magistrado Edgar El\u00edas Azar, puntualiz\u00f3 que con la distinci\u00f3n se premia la excelsitud, calidad y permanencia de los actos de justicia destacados por su inteligencia, prudencia, diligencia y oportunidad.<\/p>\n<p>En la Sala de Presidentes <em>Mar\u00eda Lavalle Urbina<\/em>, el magistrado El\u00edas Azar entreg\u00f3 los reconocimientos e impuso las medallas al magistrado Javier Ra\u00fal Ayala Casillas y a los jueces Mar\u00eda del Rosario Tirado Guti\u00e9rrez y Jaime Armend\u00e1riz Orozco, a quienes conmin\u00f3 a mostrar con orgullo justificado sus preseas, ganadas con leal e inteligente trabajo.<\/p>\n<div id=\"attachment_301116\" style=\"width: 298px\" class=\"wp-caption alignleft\"><a href=\"http:\/\/www.diarioimagen.net\/?attachment_id=301116\" rel=\"attachment wp-att-301116\"><img loading=\"lazy\" decoding=\"async\" aria-describedby=\"caption-attachment-301116\" class=\"wp-image-301116\" src=\"http:\/\/www.diarioimagen.net\/wp-content\/uploads\/2016\/11\/medalla-2-3008-460x417.jpg\" alt=\"medalla-2-3008\" width=\"288\" height=\"261\" srcset=\"https:\/\/www.diarioimagen.net\/wp-content\/uploads\/2016\/11\/medalla-2-3008-460x417.jpg 460w, https:\/\/www.diarioimagen.net\/wp-content\/uploads\/2016\/11\/medalla-2-3008-240x218.jpg 240w, https:\/\/www.diarioimagen.net\/wp-content\/uploads\/2016\/11\/medalla-2-3008-768x696.jpg 768w, https:\/\/www.diarioimagen.net\/wp-content\/uploads\/2016\/11\/medalla-2-3008.jpg 772w\" sizes=\"auto, (max-width: 288px) 100vw, 288px\" \/><\/a><p id=\"caption-attachment-301116\" class=\"wp-caption-text\">El juez 26 Civil comparte su Medalla al M\u00e9rito Judicial con sus hijos Leticia y Jaime Armend\u00e1riz y su esposa Mar\u00eda del Refugio Barquera.<\/p><\/div>\n<p>Ante consejeros de la Judicatura, magistrados, jueces, funcionarios y familiares de los premiados, El\u00edas Azar habl\u00f3 de ser solidarios con todos los impartidores de justicia, ya que de esta forma nadie puede lesionar la dignidad judicial, bajo la consideraci\u00f3n err\u00f3nea de que es fr\u00e1gil o vulnerable.<\/p>\n<p>Cada vez que alguien se atreva a intentar, advirti\u00f3 el magistrado, una acci\u00f3n ofensiva en contra de uno de nosotros, o de la funci\u00f3n judicial en general, recibir\u00e1 la respuesta puntual de la aplicaci\u00f3n de la ley.<\/p>\n<p>Destac\u00f3 que en los \u00faltimos meses el empe\u00f1o de la Judicatura ha sido claro para resaltar, impulsar y fortalecer, incluso rescatar cuando es preciso, la presencia de la funci\u00f3n judicial y de cada juzgador en la vida de la Ciudad de M\u00e9xico.<\/p>\n<p>Al hacer una breve semblanza de los galardonados, El\u00edas Azar destac\u00f3 que el magistrado Ayala Casillas es licenciado en derecho por la Facultad de Derecho de la Universidad Nacional Aut\u00f3noma de M\u00e9xico (UNAM), maestro en ciencias penales y doctorado en esa misma casa de estudios. Dijo que actualmente es magistrado de la S\u00e9ptima Sala Penal, y que se integr\u00f3 desde 1972 al entones Tribunal Superior de Justicia del Distrito Federal (TSJDF), en el que fue desde meritorio, taqu\u00edgrafo, oficial judicial, secretario proyectista, juez penal por examen de oposici\u00f3n, magistrado interino, magistrado supernumerario hasta magistrado numerario ya ratificado.<\/p>\n<div id=\"attachment_301117\" style=\"width: 346px\" class=\"wp-caption alignright\"><a href=\"http:\/\/www.diarioimagen.net\/?attachment_id=301117\" rel=\"attachment wp-att-301117\"><img loading=\"lazy\" decoding=\"async\" aria-describedby=\"caption-attachment-301117\" class=\" wp-image-301117\" src=\"http:\/\/www.diarioimagen.net\/wp-content\/uploads\/2016\/11\/medalla-3-3008-460x285.jpg\" alt=\"Momento en que el juez 26 Civil, Jaime Armend\u00e1riz, recibe la Medalla al M\u00e9rito Judicial de manos del presidente del Tribunal Superior de Justicia de la Ciudad de M\u00e9xico, magistrado Edgar El\u00edas Azar.\" width=\"336\" height=\"208\" srcset=\"https:\/\/www.diarioimagen.net\/wp-content\/uploads\/2016\/11\/medalla-3-3008-460x285.jpg 460w, https:\/\/www.diarioimagen.net\/wp-content\/uploads\/2016\/11\/medalla-3-3008-240x148.jpg 240w, https:\/\/www.diarioimagen.net\/wp-content\/uploads\/2016\/11\/medalla-3-3008.jpg 700w\" sizes=\"auto, (max-width: 336px) 100vw, 336px\" \/><\/a><p id=\"caption-attachment-301117\" class=\"wp-caption-text\">Momento en que el juez 26 Civil, Jaime Armend\u00e1riz, recibe la Medalla al M\u00e9rito Judicial de manos del presidente del Tribunal Superior de Justicia de la Ciudad de M\u00e9xico, magistrado Edgar El\u00edas Azar.<\/p><\/div>\n<p>Respecto a la jueza Tirado Guti\u00e9rrez, precis\u00f3 que actualmente es jueza Primero de Justicia para Adolescentes del Sistema Procesal Penal Acusatorio; licenciada en derecho por la Escuela Libre de Derecho, abund\u00f3, y quien cuenta con especialidad en Derecho Penal por la Universidad Panamericana, adem\u00e1s de un m\u00e1ster internacional en Derecho enal, Constituci\u00f3n y Derecho por la Universidad Metropolitana. Destac\u00f3 que su trayectoria laboral inici\u00f3 en 1988 en el entonces TSJDF, desempe\u00f1\u00e1ndose como secretaria proyectista en la D\u00e9cima Sala Penal, y que, entre otros cargos, ha fungido como jueza Sexto de Proceso Oral en Justicia para Adolescentes.<\/p>\n<div id=\"attachment_301118\" style=\"width: 317px\" class=\"wp-caption alignleft\"><a href=\"http:\/\/www.diarioimagen.net\/?attachment_id=301118\" rel=\"attachment wp-att-301118\"><img loading=\"lazy\" decoding=\"async\" aria-describedby=\"caption-attachment-301118\" class=\" wp-image-301118\" src=\"http:\/\/www.diarioimagen.net\/wp-content\/uploads\/2016\/11\/medalla-4-3008-460x307.jpg\" alt=\"Durante el evento de la ceremonia, en la que se entreg\u00f3 la Medalla al M\u00e9rito Judicial: Mar\u00eda del Refugio Barquera, la juez Segundo Civil, Magdalena Malpica Cervantes; el juez 26 Civil, Jaime Armend\u00e1riz, y la magistrada por M.L. de la Tercera Sala Ponencia 3, Judith Cova Castillo.\" width=\"307\" height=\"205\" srcset=\"https:\/\/www.diarioimagen.net\/wp-content\/uploads\/2016\/11\/medalla-4-3008-460x307.jpg 460w, https:\/\/www.diarioimagen.net\/wp-content\/uploads\/2016\/11\/medalla-4-3008-240x160.jpg 240w, https:\/\/www.diarioimagen.net\/wp-content\/uploads\/2016\/11\/medalla-4-3008.jpg 700w\" sizes=\"auto, (max-width: 307px) 100vw, 307px\" \/><\/a><p id=\"caption-attachment-301118\" class=\"wp-caption-text\">Durante el evento de la ceremonia, en la que se entreg\u00f3 la Medalla al M\u00e9rito Judicial: Mar\u00eda del Refugio Barquera, la juez Segundo Civil, Magdalena Malpica Cervantes; el juez 26 Civil, Jaime Armend\u00e1riz, y la magistrada por M.L. de la Tercera Sala Ponencia 3, Judith Cova Castillo.<\/p><\/div>\n<p>Agreg\u00f3 que, por su parte, el juez Armend\u00e1riz Orozco es licenciado en derecho por la UNAM y actualmente juez Vig\u00e9simo Sexto Civil. Adem\u00e1s de catedr\u00e1tico en diversas instituciones, dijo, en el Tribunal ha sido secretario de acuerdos, juez Und\u00e9cimo Mixto de Paz y en varias ocasiones magistrado por ministerio de ley.<\/p>\n<p>A nombre de los galardonados, el magistrado Ayala Casillas agradeci\u00f3 a la comisi\u00f3n del Poder Judicial local encargada de elegir a los ganadores, y dijo que hoy se impone a los juzgadores capacitaci\u00f3n y mayor preparaci\u00f3n t\u00e9cnico legal, adem\u00e1s de nuevas habilidades para servir de mejor manera a la comunidad frente a los nuevos retos de la impartici\u00f3n de justicia.<\/p>\n<p>&nbsp;<\/p>\n<p>&nbsp;<\/p>\n","protected":false},"excerpt":{"rendered":"<p>El Poder Judicial local reconoci\u00f3 a tres de sus juzgadores con la Medalla al M\u00e9rito Judicial, en un acto en el que el presidente del Tribunal Superior de Justicia de la Ciudad de M\u00e9xico (TSJCDMX), magistrado Edgar El\u00edas Azar, puntualiz\u00f3 que con la distinci\u00f3n se premia la excelsitud, calidad y permanencia de los actos de justicia destacados por su inteligencia, prudencia, diligencia y oportunidad.<\/p>\n","protected":false},"author":3,"featured_media":301115,"comment_status":"open","ping_status":"open","sticky":false,"template":"","format":"standard","meta":{"_monsterinsights_skip_tracking":false,"_monsterinsights_sitenote_active":false,"_monsterinsights_sitenote_note":"","_monsterinsights_sitenote_category":0,"footnotes":""},"categories":[6],"tags":[204,1925,13372,6055],"class_list":["post-301049","post","type-post","status-publish","format-standard","has-post-thumbnail","hentry","category-cd-de-mexico","tag-ciudad-de-mexico","tag-edgar-elias-azar","tag-medalla-al-merito-judicial","tag-poder-judicial"],"_links":{"self":[{"href":"https:\/\/www.diarioimagen.net\/index.php?rest_route=\/wp\/v2\/posts\/301049","targetHints":{"allow":["GET"]}}],"collection":[{"href":"https:\/\/www.diarioimagen.net\/index.php?rest_route=\/wp\/v2\/posts"}],"about":[{"href":"https:\/\/www.diarioimagen.net\/index.php?rest_route=\/wp\/v2\/types\/post"}],"author":[{"embeddable":true,"href":"https:\/\/www.diarioimagen.net\/index.php?rest_route=\/wp\/v2\/users\/3"}],"replies":[{"embeddable":true,"href":"https:\/\/www.diarioimagen.net\/index.php?rest_route=%2Fwp%2Fv2%2Fcomments&post=301049"}],"version-history":[{"count":0,"href":"https:\/\/www.diarioimagen.net\/index.php?rest_route=\/wp\/v2\/posts\/301049\/revisions"}],"wp:featuredmedia":[{"embeddable":true,"href":"https:\/\/www.diarioimagen.net\/index.php?rest_route=\/wp\/v2\/media\/301115"}],"wp:attachment":[{"href":"https:\/\/www.diarioimagen.net\/index.php?rest_route=%2Fwp%2Fv2%2Fmedia&parent=301049"}],"wp:term":[{"taxonomy":"category","embeddable":true,"href":"https:\/\/www.diarioimagen.net\/index.php?rest_route=%2Fwp%2Fv2%2Fcategories&post=301049"},{"taxonomy":"post_tag","embeddable":true,"href":"https:\/\/www.diarioimagen.net\/index.php?rest_route=%2Fwp%2Fv2%2Ftags&post=301049"}],"curies":[{"name":"wp","href":"https:\/\/api.w.org\/{rel}","templated":true}]}}