{"id":301067,"date":"2016-11-30T00:05:02","date_gmt":"2016-11-30T06:05:02","guid":{"rendered":"http:\/\/www.diarioimagen.net\/?p=301067"},"modified":"2016-11-30T03:48:48","modified_gmt":"2016-11-30T09:48:48","slug":"emmanuel-mijares-una-fecha-mas","status":"publish","type":"post","link":"https:\/\/www.diarioimagen.net\/?p=301067","title":{"rendered":"Emmanuel &#038; Mijares, una fecha m\u00e1s"},"content":{"rendered":"<ul>\n<li><strong><em>26 de enero, Auditorio Nacional<\/em><\/strong><\/li>\n<\/ul>\n<p>&nbsp;<\/p>\n<div id=\"attachment_259276\" style=\"width: 490px\" class=\"wp-caption aligncenter\"><a href=\"http:\/\/www.diarioimagen.net\/?attachment_id=259276\" rel=\"attachment wp-att-259276\"><img loading=\"lazy\" decoding=\"async\" aria-describedby=\"caption-attachment-259276\" class=\"wp-image-259276 size-full\" src=\"http:\/\/www.diarioimagen.net\/wp-content\/uploads\/2016\/03\/emmanuel-portal.jpg\" alt=\"Contin\u00faa el \u00e9xito de Twor Amigos 2.\" width=\"480\" height=\"280\" srcset=\"https:\/\/www.diarioimagen.net\/wp-content\/uploads\/2016\/03\/emmanuel-portal.jpg 480w, https:\/\/www.diarioimagen.net\/wp-content\/uploads\/2016\/03\/emmanuel-portal-240x140.jpg 240w, https:\/\/www.diarioimagen.net\/wp-content\/uploads\/2016\/03\/emmanuel-portal-420x245.jpg 420w\" sizes=\"auto, (max-width: 480px) 100vw, 480px\" \/><\/a><p id=\"caption-attachment-259276\" class=\"wp-caption-text\">Contin\u00faa el \u00e9xito de <em>Twor Amigos 2<\/em>.<\/p><\/div>\n<p>&nbsp;<\/p>\n<p>Emanuel y Mijares arrancar\u00e1n el a\u00f1o con otro gran concierto de su <em>Twor Amigos 2<\/em> el pr\u00f3ximo 26 de enero en el Auditorio Nacional.<\/p>\n<p>Con una enorme banda, bailarines y excelentes coristas, los grandes int\u00e9rpretes ofrecer\u00e1n su concierto n\u00famero 38 en el Coloso de Reforma y para ello se han preparado arduamente, haciendo que cada presentaci\u00f3n tenga una magia especial al introducir nuevos arreglos a los temas que se han convertido en parte del acervo musical mexicano.<\/p>\n<p>Desde que unieran sus talentos, ambos artistas han recorrido toda la Rep\u00fablica Mexicana, algunos pa\u00edses de Am\u00e9rica Latina, e incluso, varias ciudades de Estados Unidos, y parece que esto no termina y tienen mucho m\u00e1s que ofrecer a sus seguidores.<\/p>\n<p>Por ello, han preparado nuevas sorpresas para su pr\u00f3xima presentaci\u00f3n del 26 de enero en el Auditorio Nacional. Los boletos estar\u00e1n disponible para todo el p\u00fablico en las taquillas del inmueble, Mix Up,\u00a0 Liverpool, al tel\u00e9fono 5325 9000 y en el sitio web www.ticketmaster.com.mx<\/p>\n<p>&nbsp;<\/p>\n","protected":false},"excerpt":{"rendered":"<p>Emanuel y Mijares arrancar\u00e1n el a\u00f1o con otro gran concierto de su <em>Twor Amigos 2<\/em> el pr\u00f3ximo 26 de enero en el Auditorio Nacional. Con una enorme banda, bailarines y excelentes coristas, los grandes int\u00e9rpretes ofrecer\u00e1n su concierto n\u00famero 38 en el Coloso de Reforma y para ello se han preparado arduamente, haciendo que cada presentaci\u00f3n tenga una magia especial al introducir nuevos arreglos a los temas que se han convertido en parte del acervo musical mexicano.<\/p>\n","protected":false},"author":3,"featured_media":259276,"comment_status":"open","ping_status":"open","sticky":false,"template":"","format":"standard","meta":{"_monsterinsights_skip_tracking":false,"_monsterinsights_sitenote_active":false,"_monsterinsights_sitenote_note":"","_monsterinsights_sitenote_category":0,"footnotes":""},"categories":[12],"tags":[471,49472,179,43682],"class_list":["post-301067","post","type-post","status-publish","format-standard","has-post-thumbnail","hentry","category-espectaculos","tag-auditorio-nacional","tag-emmanuel-mijares","tag-enero","tag-espectaculos"],"_links":{"self":[{"href":"https:\/\/www.diarioimagen.net\/index.php?rest_route=\/wp\/v2\/posts\/301067","targetHints":{"allow":["GET"]}}],"collection":[{"href":"https:\/\/www.diarioimagen.net\/index.php?rest_route=\/wp\/v2\/posts"}],"about":[{"href":"https:\/\/www.diarioimagen.net\/index.php?rest_route=\/wp\/v2\/types\/post"}],"author":[{"embeddable":true,"href":"https:\/\/www.diarioimagen.net\/index.php?rest_route=\/wp\/v2\/users\/3"}],"replies":[{"embeddable":true,"href":"https:\/\/www.diarioimagen.net\/index.php?rest_route=%2Fwp%2Fv2%2Fcomments&post=301067"}],"version-history":[{"count":0,"href":"https:\/\/www.diarioimagen.net\/index.php?rest_route=\/wp\/v2\/posts\/301067\/revisions"}],"wp:featuredmedia":[{"embeddable":true,"href":"https:\/\/www.diarioimagen.net\/index.php?rest_route=\/wp\/v2\/media\/259276"}],"wp:attachment":[{"href":"https:\/\/www.diarioimagen.net\/index.php?rest_route=%2Fwp%2Fv2%2Fmedia&parent=301067"}],"wp:term":[{"taxonomy":"category","embeddable":true,"href":"https:\/\/www.diarioimagen.net\/index.php?rest_route=%2Fwp%2Fv2%2Fcategories&post=301067"},{"taxonomy":"post_tag","embeddable":true,"href":"https:\/\/www.diarioimagen.net\/index.php?rest_route=%2Fwp%2Fv2%2Ftags&post=301067"}],"curies":[{"name":"wp","href":"https:\/\/api.w.org\/{rel}","templated":true}]}}