{"id":301187,"date":"2016-12-01T00:08:59","date_gmt":"2016-12-01T06:08:59","guid":{"rendered":"http:\/\/www.diarioimagen.net\/?p=301187"},"modified":"2016-12-02T02:43:32","modified_gmt":"2016-12-02T08:43:32","slug":"entrega-eruviel-avila-comisaria-y-centro-de-mando-municipal","status":"publish","type":"post","link":"https:\/\/www.diarioimagen.net\/?p=301187","title":{"rendered":"Inaugura Eruviel \u00c1vila centro de mando municipal"},"content":{"rendered":"<ul>\n<li><strong><em>Inici\u00f3 el programa de colocaci\u00f3n de 200 mil l\u00e1mparas para reforzar seguridad<\/em><\/strong><\/li>\n<\/ul>\n<h6>Jos\u00e9 Luis Monta\u00f1ez<\/h6>\n<p>&nbsp;<\/p>\n<div id=\"attachment_301188\" style=\"width: 470px\" class=\"wp-caption aligncenter\"><a href=\"http:\/\/www.diarioimagen.net\/?attachment_id=301188\" rel=\"attachment wp-att-301188\"><img loading=\"lazy\" decoding=\"async\" aria-describedby=\"caption-attachment-301188\" class=\"size-large wp-image-301188\" src=\"http:\/\/www.diarioimagen.net\/wp-content\/uploads\/2016\/11\/ERUVIEL1-PORTAL-460x268.jpg\" alt=\"Eruviel \u00c1vila Villegas inaugur\u00f3 la Comisar\u00eda General de Seguridad P\u00fablica de Tlalnepantla y entreg\u00f3 80 patrullas y uniformes para la polic\u00eda local.\" width=\"460\" height=\"268\" srcset=\"https:\/\/www.diarioimagen.net\/wp-content\/uploads\/2016\/11\/ERUVIEL1-PORTAL-460x268.jpg 460w, https:\/\/www.diarioimagen.net\/wp-content\/uploads\/2016\/11\/ERUVIEL1-PORTAL-240x140.jpg 240w, https:\/\/www.diarioimagen.net\/wp-content\/uploads\/2016\/11\/ERUVIEL1-PORTAL.jpg 480w\" sizes=\"auto, (max-width: 460px) 100vw, 460px\" \/><\/a><p id=\"caption-attachment-301188\" class=\"wp-caption-text\">Eruviel \u00c1vila Villegas inaugur\u00f3 la Comisar\u00eda General de Seguridad P\u00fablica de Tlalnepantla y entreg\u00f3 80 patrullas y uniformes para la polic\u00eda local.<\/p><\/div>\n<p>&nbsp;<\/p>\n<p><strong>Tlalnepantla, Estado de M\u00e9xico<\/strong>.- El gobernador Eruviel \u00c1vila Villegas entreg\u00f3 las instalaciones del Centro de Mando Municipal, que est\u00e1 conectado al C5 de Toluca y Ecatepec, que concentran la informaci\u00f3n de 10 mil c\u00e1maras de videovigilancia; asimismo, inaugur\u00f3 la Comisar\u00eda General de Seguridad P\u00fablica de Tlalnepantla, y entreg\u00f3 80 patrullas y uniformes para la Polic\u00eda local.<\/p>\n<p>En esta gira de trabajo, el mandatario mexiquense recorri\u00f3, junto con vecinos, calles del centro de la localidad, y tambi\u00e9n coloc\u00f3 la primera luminaria en este municipio, que forma parte de 200 mil que se instalar\u00e1n en toda la entidad, en especial en zonas con mayores \u00edndices delictivos.<\/p>\n<p>\u201cPara prevenir y combatir a los delincuentes se requiere un trabajo en equipo serio, se requiere de inversi\u00f3n, de creatividad, de estrategia, de tecnolog\u00edas de la informaci\u00f3n, y Tlalnepantla es un ejemplo a seguir. Yo estoy cierto que la estrategia que Tlalnepantla, desde el \u00e1mbito municipal en coordinaci\u00f3n con las instancia estatal y federal, habremos de seguir superando, primero conteniendo, despu\u00e9s disminuyendo, la incidencia delictiva\u201d, expres\u00f3.<\/p>\n<p>En este sentido, Eruviel \u00c1vila manifest\u00f3 que es necesario que los ayuntamientos brinden las herramientas necesarias a sus cuerpos policiacos, como es el caso de la Comisar\u00eda de Tlalnepantla, que cuenta con \u00e1rea de tiro virtual, salas de capacitaci\u00f3n para la formaci\u00f3n policial, armer\u00eda, entre otros.<\/p>\n<p>Adem\u00e1s indic\u00f3 que para combatir a la delincuencia, en el Estado de M\u00e9xico se apuesta tambi\u00e9n a acciones como la instalaci\u00f3n de luminarias, as\u00ed como la recuperaci\u00f3n de espacios p\u00fablicos y, en especial, con el impulso a la cultura y la educaci\u00f3n.<\/p>\n<p>Por ejemplo, dijo, en Tlalnepantla se construye un plantel de la Universidad Aut\u00f3noma del Estado de M\u00e9xico y un parque recreativo.<\/p>\n<p>Durante esta gira, el gobernador tambi\u00e9n entreg\u00f3 reconocimientos a elementos destacados, que han puesto en riesgo su vida por cuidar la integridad de los mexiquenses.<\/p>\n<p><strong>###<br \/>\n<\/strong><\/p>\n<p><strong>Eruviel \u00c1vila Villegas coloc\u00f3<\/strong> la primera luminaria en este municipio, que forma parte de 200 mil que se instalar\u00e1n en toda la entidad.<\/p>\n","protected":false},"excerpt":{"rendered":"<p><span style=\"color: #005497;\">Jos\u00e9 Luis Monta\u00f1ez<\/span><br \/>\n<br \/>\nEl gobernador Eruviel \u00c1vila Villegas entreg\u00f3 las instalaciones del Centro de Mando Municipal, que est\u00e1 conectado al C5 de Toluca y Ecatepec, que concentran la informaci\u00f3n de 10 mil c\u00e1maras de videovigilancia; asimismo, inaugur\u00f3 la Comisar\u00eda General de Seguridad P\u00fablica de Tlalnepantla, y entreg\u00f3 80 patrullas y uniformes para la Polic\u00eda local.<\/p>\n","protected":false},"author":5,"featured_media":301188,"comment_status":"open","ping_status":"open","sticky":false,"template":"","format":"standard","meta":{"_monsterinsights_skip_tracking":false,"_monsterinsights_sitenote_active":false,"_monsterinsights_sitenote_note":"","_monsterinsights_sitenote_category":0,"footnotes":""},"categories":[5],"tags":[43675,169],"class_list":["post-301187","post","type-post","status-publish","format-standard","has-post-thumbnail","hentry","category-estado-de-mexico","tag-estado-de-mexico","tag-tlalnepantla"],"_links":{"self":[{"href":"https:\/\/www.diarioimagen.net\/index.php?rest_route=\/wp\/v2\/posts\/301187","targetHints":{"allow":["GET"]}}],"collection":[{"href":"https:\/\/www.diarioimagen.net\/index.php?rest_route=\/wp\/v2\/posts"}],"about":[{"href":"https:\/\/www.diarioimagen.net\/index.php?rest_route=\/wp\/v2\/types\/post"}],"author":[{"embeddable":true,"href":"https:\/\/www.diarioimagen.net\/index.php?rest_route=\/wp\/v2\/users\/5"}],"replies":[{"embeddable":true,"href":"https:\/\/www.diarioimagen.net\/index.php?rest_route=%2Fwp%2Fv2%2Fcomments&post=301187"}],"version-history":[{"count":0,"href":"https:\/\/www.diarioimagen.net\/index.php?rest_route=\/wp\/v2\/posts\/301187\/revisions"}],"wp:featuredmedia":[{"embeddable":true,"href":"https:\/\/www.diarioimagen.net\/index.php?rest_route=\/wp\/v2\/media\/301188"}],"wp:attachment":[{"href":"https:\/\/www.diarioimagen.net\/index.php?rest_route=%2Fwp%2Fv2%2Fmedia&parent=301187"}],"wp:term":[{"taxonomy":"category","embeddable":true,"href":"https:\/\/www.diarioimagen.net\/index.php?rest_route=%2Fwp%2Fv2%2Fcategories&post=301187"},{"taxonomy":"post_tag","embeddable":true,"href":"https:\/\/www.diarioimagen.net\/index.php?rest_route=%2Fwp%2Fv2%2Ftags&post=301187"}],"curies":[{"name":"wp","href":"https:\/\/api.w.org\/{rel}","templated":true}]}}