{"id":301192,"date":"2016-11-30T16:00:46","date_gmt":"2016-11-30T22:00:46","guid":{"rendered":"http:\/\/www.diarioimagen.net\/?p=301192"},"modified":"2016-12-02T02:40:55","modified_gmt":"2016-12-02T08:40:55","slug":"enfrenta-edomex-delincuencia-con-inteligencia-y-tecnologia","status":"publish","type":"post","link":"https:\/\/www.diarioimagen.net\/?p=301192","title":{"rendered":"Enfrenta Edomex delincuencia con inteligencia y tecnolog\u00eda"},"content":{"rendered":"<ul>\n<li><em><strong>Manzur encabeza sesi\u00f3n del Consejo Ciudadano de Seguridad P\u00fablica<\/strong><\/em><\/li>\n<\/ul>\n<p>&nbsp;<\/p>\n<div id=\"attachment_301193\" style=\"width: 470px\" class=\"wp-caption aligncenter\"><a href=\"http:\/\/www.diarioimagen.net\/?attachment_id=301193\" rel=\"attachment wp-att-301193\"><img loading=\"lazy\" decoding=\"async\" aria-describedby=\"caption-attachment-301193\" class=\"size-large wp-image-301193\" src=\"http:\/\/www.diarioimagen.net\/wp-content\/uploads\/2016\/11\/MANZUR1-portal-460x268.jpg\" alt=\"El secretario General de Gobierno, Jos\u00e9 Manzur Quiroga, encabez\u00f3 en Ecatepec la primera sesi\u00f3n ordinaria del Consejo Ciudadano de Seguridad P\u00fablica.\" width=\"460\" height=\"268\" srcset=\"https:\/\/www.diarioimagen.net\/wp-content\/uploads\/2016\/11\/MANZUR1-portal-460x268.jpg 460w, https:\/\/www.diarioimagen.net\/wp-content\/uploads\/2016\/11\/MANZUR1-portal-240x140.jpg 240w, https:\/\/www.diarioimagen.net\/wp-content\/uploads\/2016\/11\/MANZUR1-portal.jpg 480w\" sizes=\"auto, (max-width: 460px) 100vw, 460px\" \/><\/a><p id=\"caption-attachment-301193\" class=\"wp-caption-text\">El secretario General de Gobierno, Jos\u00e9 Manzur Quiroga, encabez\u00f3 en Ecatepec la primera sesi\u00f3n ordinaria del Consejo Ciudadano de Seguridad P\u00fablica.<\/p><\/div>\n<p>&nbsp;<\/p>\n<p><strong>Ecatepec, Estado de M\u00e9xico<\/strong>.- Al encabezar la primera sesi\u00f3n ordinaria del Consejo Ciudadano de Seguridad P\u00fablica, el secretario General de Gobierno, Jos\u00e9 Manzur Quiroga, afirm\u00f3 que el gobierno estatal atiende el fen\u00f3meno de la delincuencia a trav\u00e9s de diversas estrategias de inteligencia y tecnolog\u00eda, adem\u00e1s de acciones coordinadas en las que participan tanto fuerzas federales como instancias estatales y municipales para fortalecer a los ayuntamientos en esta materia.<\/p>\n<p>Agreg\u00f3 que derivado de la estrategia nacional para dar seguimiento a las acciones que se efect\u00faan en los 50 municipios del pa\u00eds que concentran el 42 por ciento de los homicidios dolosos, y de los cuales 8 son del Estado de M\u00e9xico, es necesaria la participaci\u00f3n de la sociedad civil organizada para rendir cuentas a la ciudadan\u00eda e informar sobre los avances en cada demarcaci\u00f3n.<\/p>\n<p>\u00abUsamos las m\u00e1s avanzadas tecnolog\u00edas para estar un paso adelante de los criminales, pero tambi\u00e9n queremos coordinarnos con ustedes, la sociedad civil organizada, para lograr un frente com\u00fan\u00bb, sostuvo en este espacio donde representantes del consejo ciudadano tambi\u00e9n dieron a conocer que se integrar\u00e1n a los trabajos de los Gabinetes Regionales, a fin de revisar los programas que se llevan a cabo en los 125 municipios mexiquenses.<\/p>\n<p>Acompa\u00f1ado del comisionado estatal de Seguridad Ciudadana, Eduardo Valiente Hern\u00e1ndez; del procurador de Justicia mexiquense, Alejandro G\u00f3mez S\u00e1nchez, y del secretario ejecutivo del Sistema Estatal de Seguridad, Mart\u00edn V\u00e1zquez P\u00e9rez, Jos\u00e9 Manzur inform\u00f3 que a la fecha se han capacitado a m\u00e1s de 34 mil polic\u00edas para el desarrollo de habilidades de quienes hacen cumplir la ley como parte del plan estrat\u00e9gico nacional, adem\u00e1s de que se ha implementado el Mando \u00danico en 119 de los 125 municipios del Estado de M\u00e9xico.<\/p>\n","protected":false},"excerpt":{"rendered":"<p>Al encabezar la primera sesi\u00f3n ordinaria del Consejo Ciudadano de Seguridad P\u00fablica, el secretario General de Gobierno, Jos\u00e9 Manzur Quiroga, afirm\u00f3 que el gobierno estatal atiende el fen\u00f3meno de la delincuencia a trav\u00e9s de diversas estrategias de inteligencia y tecnolog\u00eda, adem\u00e1s de acciones coordinadas en las que participan tanto fuerzas federales como instancias estatales y municipales para fortalecer a los ayuntamientos en esta materia.<\/p>\n","protected":false},"author":5,"featured_media":301193,"comment_status":"open","ping_status":"open","sticky":false,"template":"","format":"standard","meta":{"_monsterinsights_skip_tracking":false,"_monsterinsights_sitenote_active":false,"_monsterinsights_sitenote_note":"","_monsterinsights_sitenote_category":0,"footnotes":""},"categories":[35155],"tags":[8654,55280,54321,20786,4149],"class_list":["post-301192","post","type-post","status-publish","format-standard","has-post-thumbnail","hentry","category-estado-de-mexico-estado-de-mexico","tag-delincuencia","tag-eduardo-valiente-hernandez","tag-jose-manzur","tag-seguridad-ciudadana","tag-tecnologia"],"_links":{"self":[{"href":"https:\/\/www.diarioimagen.net\/index.php?rest_route=\/wp\/v2\/posts\/301192","targetHints":{"allow":["GET"]}}],"collection":[{"href":"https:\/\/www.diarioimagen.net\/index.php?rest_route=\/wp\/v2\/posts"}],"about":[{"href":"https:\/\/www.diarioimagen.net\/index.php?rest_route=\/wp\/v2\/types\/post"}],"author":[{"embeddable":true,"href":"https:\/\/www.diarioimagen.net\/index.php?rest_route=\/wp\/v2\/users\/5"}],"replies":[{"embeddable":true,"href":"https:\/\/www.diarioimagen.net\/index.php?rest_route=%2Fwp%2Fv2%2Fcomments&post=301192"}],"version-history":[{"count":0,"href":"https:\/\/www.diarioimagen.net\/index.php?rest_route=\/wp\/v2\/posts\/301192\/revisions"}],"wp:featuredmedia":[{"embeddable":true,"href":"https:\/\/www.diarioimagen.net\/index.php?rest_route=\/wp\/v2\/media\/301193"}],"wp:attachment":[{"href":"https:\/\/www.diarioimagen.net\/index.php?rest_route=%2Fwp%2Fv2%2Fmedia&parent=301192"}],"wp:term":[{"taxonomy":"category","embeddable":true,"href":"https:\/\/www.diarioimagen.net\/index.php?rest_route=%2Fwp%2Fv2%2Fcategories&post=301192"},{"taxonomy":"post_tag","embeddable":true,"href":"https:\/\/www.diarioimagen.net\/index.php?rest_route=%2Fwp%2Fv2%2Ftags&post=301192"}],"curies":[{"name":"wp","href":"https:\/\/api.w.org\/{rel}","templated":true}]}}