{"id":301245,"date":"2016-12-01T00:02:02","date_gmt":"2016-12-01T06:02:02","guid":{"rendered":"http:\/\/www.diarioimagen.net\/?p=301245"},"modified":"2016-12-01T05:15:58","modified_gmt":"2016-12-01T11:15:58","slug":"inauguran-lecheria-en-el-quemado-en-tultepec","status":"publish","type":"post","link":"https:\/\/www.diarioimagen.net\/?p=301245","title":{"rendered":"Inauguran lecher\u00eda en El Quemado, en Tultepec"},"content":{"rendered":"<div id=\"attachment_301340\" style=\"width: 470px\" class=\"wp-caption aligncenter\"><a href=\"http:\/\/www.diarioimagen.net\/?attachment_id=301340\" rel=\"attachment wp-att-301340\"><img loading=\"lazy\" decoding=\"async\" aria-describedby=\"caption-attachment-301340\" class=\"size-large wp-image-301340\" src=\"http:\/\/www.diarioimagen.net\/wp-content\/uploads\/2016\/12\/TULTEPEC-3009-460x259.jpg\" alt=\"El alcalde, David L\u00f3pez C\u00e1rdenas, inaugur\u00f3 calles repavimentadas en las comunidades de San Sebasti\u00e1n, San Salvador Tizatalli, la colonia Agr\u00edcola Bellavista y el fraccionamiento Casa Blanca.\" width=\"460\" height=\"259\" srcset=\"https:\/\/www.diarioimagen.net\/wp-content\/uploads\/2016\/12\/TULTEPEC-3009-460x259.jpg 460w, https:\/\/www.diarioimagen.net\/wp-content\/uploads\/2016\/12\/TULTEPEC-3009-240x135.jpg 240w, https:\/\/www.diarioimagen.net\/wp-content\/uploads\/2016\/12\/TULTEPEC-3009-235x132.jpg 235w, https:\/\/www.diarioimagen.net\/wp-content\/uploads\/2016\/12\/TULTEPEC-3009-202x114.jpg 202w, https:\/\/www.diarioimagen.net\/wp-content\/uploads\/2016\/12\/TULTEPEC-3009-350x196.jpg 350w, https:\/\/www.diarioimagen.net\/wp-content\/uploads\/2016\/12\/TULTEPEC-3009-220x123.jpg 220w, https:\/\/www.diarioimagen.net\/wp-content\/uploads\/2016\/12\/TULTEPEC-3009-237x132.jpg 237w, https:\/\/www.diarioimagen.net\/wp-content\/uploads\/2016\/12\/TULTEPEC-3009.jpg 480w\" sizes=\"auto, (max-width: 460px) 100vw, 460px\" \/><\/a><p id=\"caption-attachment-301340\" class=\"wp-caption-text\">El alcalde, David L\u00f3pez C\u00e1rdenas, inaugur\u00f3 calles repavimentadas en las comunidades de San Sebasti\u00e1n, San Salvador Tizatalli, la colonia Agr\u00edcola Bellavista y el fraccionamiento Casa Blanca.<\/p><\/div>\n<p>&nbsp;<\/p>\n<p><strong>Tultepec, Estado de M\u00e9xico.-<\/strong>El alcalde Armando Portuguez Fuentes, acompa\u00f1ado por Felipe Javier Serrano Llerena, director general de Enlace con entidades federativas de la Oficina de la Presidencia de la Rep\u00fablica, inaugur\u00f3 una nueva lecher\u00eda en la colonia El Quemado, con la que se garantiza la dotaci\u00f3n de este alimento b\u00e1sico de bajo costo para m\u00e1s de 1,000 familias de esta zona, y para m\u00e1s de 21,000 en 12 lecher\u00edas de todo el municipio.<\/p>\n<p>En presencia de Jos\u00e9 Luis Flores G\u00f3mez, subsecretario de Desarrollo Regional en el Valle de M\u00e9xico, en representaci\u00f3n del gobernador Eruviel \u00c1vila Villegas, el presidente municipal reconoci\u00f3 el impulso que ha brindado el gobierno federal al tema de abasto de alimentos b\u00e1sicos, \u201csobre todo el lugares donde m\u00e1s lo requiere la ciudadan\u00eda\u201d.<\/p>\n","protected":false},"excerpt":{"rendered":"<p>El alcalde Armando Portuguez Fuentes, acompa\u00f1ado por Felipe Javier Serrano Llerena, director general de Enlace con entidades federativas de la Oficina de la Presidencia de la Rep\u00fablica, inaugur\u00f3 una nueva lecher\u00eda en la colonia El Quemado, con la que se garantiza la dotaci\u00f3n de este alimento b\u00e1sico de bajo costo para m\u00e1s de 1,000 familias de esta zona, y para m\u00e1s de 21,000 en 12 lecher\u00edas de todo el municipio.<\/p>\n","protected":false},"author":3,"featured_media":301340,"comment_status":"open","ping_status":"open","sticky":false,"template":"","format":"standard","meta":{"_monsterinsights_skip_tracking":false,"_monsterinsights_sitenote_active":false,"_monsterinsights_sitenote_note":"","_monsterinsights_sitenote_category":0,"footnotes":""},"categories":[35155],"tags":[50574,43675,3802],"class_list":["post-301245","post","type-post","status-publish","format-standard","has-post-thumbnail","hentry","category-estado-de-mexico-estado-de-mexico","tag-armando-portuguez-fuentes","tag-estado-de-mexico","tag-tultepec"],"_links":{"self":[{"href":"https:\/\/www.diarioimagen.net\/index.php?rest_route=\/wp\/v2\/posts\/301245","targetHints":{"allow":["GET"]}}],"collection":[{"href":"https:\/\/www.diarioimagen.net\/index.php?rest_route=\/wp\/v2\/posts"}],"about":[{"href":"https:\/\/www.diarioimagen.net\/index.php?rest_route=\/wp\/v2\/types\/post"}],"author":[{"embeddable":true,"href":"https:\/\/www.diarioimagen.net\/index.php?rest_route=\/wp\/v2\/users\/3"}],"replies":[{"embeddable":true,"href":"https:\/\/www.diarioimagen.net\/index.php?rest_route=%2Fwp%2Fv2%2Fcomments&post=301245"}],"version-history":[{"count":0,"href":"https:\/\/www.diarioimagen.net\/index.php?rest_route=\/wp\/v2\/posts\/301245\/revisions"}],"wp:featuredmedia":[{"embeddable":true,"href":"https:\/\/www.diarioimagen.net\/index.php?rest_route=\/wp\/v2\/media\/301340"}],"wp:attachment":[{"href":"https:\/\/www.diarioimagen.net\/index.php?rest_route=%2Fwp%2Fv2%2Fmedia&parent=301245"}],"wp:term":[{"taxonomy":"category","embeddable":true,"href":"https:\/\/www.diarioimagen.net\/index.php?rest_route=%2Fwp%2Fv2%2Fcategories&post=301245"},{"taxonomy":"post_tag","embeddable":true,"href":"https:\/\/www.diarioimagen.net\/index.php?rest_route=%2Fwp%2Fv2%2Ftags&post=301245"}],"curies":[{"name":"wp","href":"https:\/\/api.w.org\/{rel}","templated":true}]}}