{"id":301309,"date":"2016-12-01T00:02:26","date_gmt":"2016-12-01T06:02:26","guid":{"rendered":"http:\/\/www.diarioimagen.net\/?p=301309"},"modified":"2016-12-01T04:59:59","modified_gmt":"2016-12-01T10:59:59","slug":"mas-investigaciones","status":"publish","type":"post","link":"https:\/\/www.diarioimagen.net\/?p=301309","title":{"rendered":"M\u00e1s investigaciones"},"content":{"rendered":"<h2>Folclor urbano<\/h2>\n<h5>Salvador Estrada<\/h5>\n<p>&nbsp;<\/p>\n<p>Tres gobiernos estatales tienen elecciones para el a\u00f1o pr\u00f3ximo y antes de que se conozcan los candidatos se debe investigar a los que se van y a los que vienen, para evitar recompensas millonarias a quien d\u00e9 a conocer el paradero de los salientes que se llevan todo el dinero que pueden transar.<\/p>\n<p>Gabino Cu\u00e9, gobernador saliente, prometi\u00f3 mucho y \u00bfcu\u00e1nto cumpli\u00f3?. El gobernador entrante, que es del PRI, Alejandro Murat, tendr\u00e1 que investigarlo porque no es miembro de su partido y no podr\u00e1 protegerlo, como se acostumbra entre pri\u00edstas.<\/p>\n<p>Y seguramente saldr\u00e1n mal las cuentas y Cu\u00e9 tendr\u00e1 que responder ante las posibles acusaciones de desv\u00edo de fondos, obras inconclusas y de peculado.<\/p>\n<p>Sin embargo, tambi\u00e9n el nuevo gobernador debe ser investigado por la Procuradur\u00eda, si es correcta su declaraci\u00f3n 3 de\u00a0 3 porque algunos pol\u00edticos\u00a0no dicen la neta del planeta.<\/p>\n<p>Y en Veracruz llega a gobernar Miguel \u00c1ngel Yunes, a quien C\u00e9sar Duarte, el que se fue, denunci\u00f3 por transa, pero que no fue investigado\u00a0 y menos ahora porque ya tiene fuero.<\/p>\n<p>El ex gobernador, ahora\u00a0buscado por diversos delitos cometidos durante su gesti\u00f3n, y por quien se ofrece una recompensa millonaria para poder capturarlo, utiliz\u00f3 prestanombres para sus transas, pero la Procuradur\u00eda, localiz\u00f3 las razones sociales que usaron para desviar el dinero y recuper\u00f3 421 millones de pesos que ser\u00e1n regresados al erario veracruzano.<\/p>\n<p>Sin embargo, esa lana recuperada \u201ces poquita\u201d\u00a0si se toma en cuenta\u00a0 que todos los fondos que desvi\u00f3\u00a0son de miles de millones de pesos y ante la pobreza que deja en Veracruz, los trabajadores de su administraci\u00f3n piden al cielo que lo capturen pronto porque no han cobrado su salario desde hace dos meses.<\/p>\n<p>Los proveedores en la administraci\u00f3n de Duarte reclaman\u00a0tambi\u00e9n su dinero porque tienen m\u00e1s de un a\u00f1o que no les pagan los trabajos realizados.<\/p>\n<p>En\u00a02018 habr\u00e1 elecciones para gobernadores en el Estado de M\u00e9xico, Coahuila y Nayarit y quienes sean los candidatos deben ser investigados una vez postulados por los partidos y a la vez los que salen tambi\u00e9n deben rendir cuentas.<\/p>\n<p>El gobernador del Estado de M\u00e9xico, Eruviel \u00c1vila, ni suda ni se acongoja, por su salida del cargo y por el nombre de qui\u00e9n ser\u00e1 su sucesor.<\/p>\n<p>Eruviel, muy tranquilo, despu\u00e9s del Consejo Nacional PRI, donde se exhort\u00f3 a denunciar a los corruptos, se fue caminando a San Cosme para echarse unos tacos de bistec, acompa\u00f1ado de su secretario. En un video, subido a las redes, se ve al g\u00f3ber saboreando sus tacos en El Califa. El que nada debe nada teme.<\/p>\n<p><em><a href=\"mailto:chavasec@yahoo.com.mx\" target=\"_blank\">chavasec@yahoo.com.mx<\/a><\/em><\/p>\n","protected":false},"excerpt":{"rendered":"<p><span style=\"color: #005497;\"><strong>Salvador Estrada<\/strong><\/span><\/p>\n","protected":false},"author":3,"featured_media":0,"comment_status":"open","ping_status":"open","sticky":false,"template":"","format":"standard","meta":{"_monsterinsights_skip_tracking":false,"_monsterinsights_sitenote_active":false,"_monsterinsights_sitenote_note":"","_monsterinsights_sitenote_category":0,"footnotes":""},"categories":[41601],"tags":[41599,43674,41600],"class_list":["post-301309","post","type-post","status-publish","format-standard","hentry","category-salvador-estrada-opinion","tag-folclor-urbano","tag-opinion","tag-salvador-estrada"],"_links":{"self":[{"href":"https:\/\/www.diarioimagen.net\/index.php?rest_route=\/wp\/v2\/posts\/301309","targetHints":{"allow":["GET"]}}],"collection":[{"href":"https:\/\/www.diarioimagen.net\/index.php?rest_route=\/wp\/v2\/posts"}],"about":[{"href":"https:\/\/www.diarioimagen.net\/index.php?rest_route=\/wp\/v2\/types\/post"}],"author":[{"embeddable":true,"href":"https:\/\/www.diarioimagen.net\/index.php?rest_route=\/wp\/v2\/users\/3"}],"replies":[{"embeddable":true,"href":"https:\/\/www.diarioimagen.net\/index.php?rest_route=%2Fwp%2Fv2%2Fcomments&post=301309"}],"version-history":[{"count":0,"href":"https:\/\/www.diarioimagen.net\/index.php?rest_route=\/wp\/v2\/posts\/301309\/revisions"}],"wp:attachment":[{"href":"https:\/\/www.diarioimagen.net\/index.php?rest_route=%2Fwp%2Fv2%2Fmedia&parent=301309"}],"wp:term":[{"taxonomy":"category","embeddable":true,"href":"https:\/\/www.diarioimagen.net\/index.php?rest_route=%2Fwp%2Fv2%2Fcategories&post=301309"},{"taxonomy":"post_tag","embeddable":true,"href":"https:\/\/www.diarioimagen.net\/index.php?rest_route=%2Fwp%2Fv2%2Ftags&post=301309"}],"curies":[{"name":"wp","href":"https:\/\/api.w.org\/{rel}","templated":true}]}}