{"id":301478,"date":"2016-12-02T00:06:10","date_gmt":"2016-12-02T06:06:10","guid":{"rendered":"http:\/\/www.diarioimagen.net\/?p=301478"},"modified":"2016-12-02T05:09:56","modified_gmt":"2016-12-02T11:09:56","slug":"ofrecen-en-tlalnepantla-opciones-a-becarios-del-programa-prospera","status":"publish","type":"post","link":"https:\/\/www.diarioimagen.net\/?p=301478","title":{"rendered":"Ofrecen en Tlalnepantla opciones a becarios del programa Prospera"},"content":{"rendered":"<ul>\n<li><strong><em>2\u00aa Feria \u00a1Vas! a Mover a M\u00e9xico<\/em><\/strong><\/li>\n<\/ul>\n<p>&nbsp;<\/p>\n<div id=\"attachment_301573\" style=\"width: 470px\" class=\"wp-caption aligncenter\"><a href=\"http:\/\/www.diarioimagen.net\/?attachment_id=301573\" rel=\"attachment wp-att-301573\"><img loading=\"lazy\" decoding=\"async\" aria-describedby=\"caption-attachment-301573\" class=\"size-large wp-image-301573\" src=\"http:\/\/www.diarioimagen.net\/wp-content\/uploads\/2016\/12\/TLALNEPANTLA-3010-460x345.jpg\" alt=\"La alcaldesa Denisse Ugalde Alegr\u00eda asegur\u00f3 que hoy m\u00e1s que nunca se necesitan j\u00f3venes que quieran superarse para ser mejores.\" width=\"460\" height=\"345\" srcset=\"https:\/\/www.diarioimagen.net\/wp-content\/uploads\/2016\/12\/TLALNEPANTLA-3010-460x345.jpg 460w, https:\/\/www.diarioimagen.net\/wp-content\/uploads\/2016\/12\/TLALNEPANTLA-3010-240x180.jpg 240w, https:\/\/www.diarioimagen.net\/wp-content\/uploads\/2016\/12\/TLALNEPANTLA-3010.jpg 700w\" sizes=\"auto, (max-width: 460px) 100vw, 460px\" \/><\/a><p id=\"caption-attachment-301573\" class=\"wp-caption-text\">La alcaldesa Denisse Ugalde Alegr\u00eda asegur\u00f3 que hoy m\u00e1s que nunca se necesitan j\u00f3venes que quieran superarse para ser mejores.<\/p><\/div>\n<p>&nbsp;<\/p>\n<p><strong>Tlalnepantla, Estado de M\u00e9xico<\/strong>.- Este municipio fue sede de la 2\u00aa Feria \u00a1Vas! a Mover a M\u00e9xico, en la que se ofreci\u00f3 a los becarios del programa Prospera que estudian la preparatoria, opciones de planteles escolares para que contin\u00faen con sus estudios de nivel superior.<\/p>\n<p>En el evento realizado en el Centro de Convenciones, la presidenta municipal, Denisse Ugalde Alegr\u00eda, asegur\u00f3 que hoy m\u00e1s que nunca se necesitan j\u00f3venes que quieran superarse para ser mejores y aportar algo a su comunidad y al pa\u00eds.<\/p>\n<p>Ante Alejandro Castro Hern\u00e1ndez, delegado federal de Prospera en el Estado de M\u00e9xico, la alcaldesa exhort\u00f3 a los m\u00e1s de mil 500 becarios que estudian su \u00faltimo a\u00f1o de educaci\u00f3n media superior, para que aprovechen la oportunidad que se les brinda y se empe\u00f1en en lograr sus metas.<\/p>\n<p>Reconoci\u00f3 el alcance de este programa federal, ya que considera muchos aspectos, uno de ellos, el m\u00e1s importante, la educaci\u00f3n como una oportunidad para el desarrollo integral de los j\u00f3venes.<\/p>\n<p>Por su parte, Alejandro Castro Hern\u00e1ndez explic\u00f3 que uno de los compromisos de esta estrategia es impulsar la educaci\u00f3n, por lo que invit\u00f3 a los alumnos a conocer las diversas opciones que hay a su alcance.<\/p>\n<p>Reiter\u00f3 que estas ferias est\u00e1n dirigidas a los j\u00f3venes que se encuentran en su \u00faltimo a\u00f1o del nivel medio superior, con la finalidad de ampliar sus alternativas de desarrollo para favorecer la continuidad de sus estudios en el nivel superior.<\/p>\n<p>A\u00f1adi\u00f3 que en estas ferias se les presenta la oferta educativa de las instituciones y a quienes est\u00e9n interesados se les capacita para un empleo o para emprender un proyecto productivo, pero sin abandonar la escuela.<\/p>\n<p>En esta segunda feria a la que asistieron becarios de Tlalnepantla, Tultitl\u00e1n y Cuautitl\u00e1n Izcalli, participaron el Tecnol\u00f3gico de Estudios Superiores de Cuautitl\u00e1n; Grupo Educativo Palma; Escuela Normal de Naucalpan; la Universidad Polit\u00e9cnica de Tec\u00e1mac y el Instituto Universitario del Centro de M\u00e9xico.<\/p>\n<p>&nbsp;<\/p>\n","protected":false},"excerpt":{"rendered":"<p>Este municipio fue sede de la 2\u00aa Feria \u00a1Vas! a Mover a M\u00e9xico, en la que se ofreci\u00f3 a los becarios del programa Prospera que estudian la preparatoria, opciones de planteles escolares para que contin\u00faen con sus estudios de nivel superior.<\/p>\n","protected":false},"author":3,"featured_media":301573,"comment_status":"open","ping_status":"open","sticky":false,"template":"","format":"standard","meta":{"_monsterinsights_skip_tracking":false,"_monsterinsights_sitenote_active":false,"_monsterinsights_sitenote_note":"","_monsterinsights_sitenote_category":0,"footnotes":""},"categories":[35155],"tags":[43675,35812,169],"class_list":["post-301478","post","type-post","status-publish","format-standard","has-post-thumbnail","hentry","category-estado-de-mexico-estado-de-mexico","tag-estado-de-mexico","tag-prospera","tag-tlalnepantla"],"_links":{"self":[{"href":"https:\/\/www.diarioimagen.net\/index.php?rest_route=\/wp\/v2\/posts\/301478","targetHints":{"allow":["GET"]}}],"collection":[{"href":"https:\/\/www.diarioimagen.net\/index.php?rest_route=\/wp\/v2\/posts"}],"about":[{"href":"https:\/\/www.diarioimagen.net\/index.php?rest_route=\/wp\/v2\/types\/post"}],"author":[{"embeddable":true,"href":"https:\/\/www.diarioimagen.net\/index.php?rest_route=\/wp\/v2\/users\/3"}],"replies":[{"embeddable":true,"href":"https:\/\/www.diarioimagen.net\/index.php?rest_route=%2Fwp%2Fv2%2Fcomments&post=301478"}],"version-history":[{"count":0,"href":"https:\/\/www.diarioimagen.net\/index.php?rest_route=\/wp\/v2\/posts\/301478\/revisions"}],"wp:featuredmedia":[{"embeddable":true,"href":"https:\/\/www.diarioimagen.net\/index.php?rest_route=\/wp\/v2\/media\/301573"}],"wp:attachment":[{"href":"https:\/\/www.diarioimagen.net\/index.php?rest_route=%2Fwp%2Fv2%2Fmedia&parent=301478"}],"wp:term":[{"taxonomy":"category","embeddable":true,"href":"https:\/\/www.diarioimagen.net\/index.php?rest_route=%2Fwp%2Fv2%2Fcategories&post=301478"},{"taxonomy":"post_tag","embeddable":true,"href":"https:\/\/www.diarioimagen.net\/index.php?rest_route=%2Fwp%2Fv2%2Ftags&post=301478"}],"curies":[{"name":"wp","href":"https:\/\/api.w.org\/{rel}","templated":true}]}}