{"id":301560,"date":"2016-12-01T23:59:13","date_gmt":"2016-12-02T05:59:13","guid":{"rendered":"http:\/\/www.diarioimagen.net\/?p=301560"},"modified":"2016-12-02T04:44:56","modified_gmt":"2016-12-02T10:44:56","slug":"enfermedad-mundial","status":"publish","type":"post","link":"https:\/\/www.diarioimagen.net\/?p=301560","title":{"rendered":"\u00a1Enfermedad mundial!"},"content":{"rendered":"<h2>Municiones<\/h2>\n<h5>Mauro Benites G.<\/h5>\n<p>&nbsp;<\/p>\n<p>Cada d\u00eda nuestro pa\u00eds se hunde m\u00e1s y m\u00e1s en la corrupci\u00f3n, m\u00e1s que peligroso resulta comprometido y comprometedor escribir sobre la corrupci\u00f3n en M\u00e9xico. Pero toda enfermedad grave requiere de lo que ciertos m\u00e9dicos llaman \u201ctratamiento radical\u201d, y la corrupci\u00f3n se ha convertido en una enfermedad de tal modo cr\u00edtica y cr\u00f3nica, que es urgente estudiar sus or\u00edgenes, expresar sus peculiaridades, describir, con detalles que incluyan nombres, casos concretos y, no estando en mis manos de aplicar la curaci\u00f3n, por lo menos proporcionar el tratamiento.<\/p>\n<p>Porque el mal, siendo tan antiguo, tan extenso que parece epidemia, tiene soluci\u00f3n, \u00a1pobre de M\u00e9xico si no lo tuviera! Aunque el mal, la enfermedad, viene de lejos, de muy lejos, desde antes de que Cort\u00e9s y su heroico racimo de horca conquistara a los ind\u00edgenas.<\/p>\n<p>No fue vencer a los indios, no, la mayor de las haza\u00f1as de estos hombres fue la imposici\u00f3n de un mito religioso que les permiti\u00f3 la sumisi\u00f3n para el saqueo y la corrupci\u00f3n durante siglos, y que por desgracia no s\u00f3lo sigue arraigada en nuestras vidas: sigue constante y creciente, agreg\u00e1ndole la impunidad y el cinismo. Toda la infinidad en teor\u00eda jur\u00eddica no se aplica, confirmando m\u00e1s en nuestro pa\u00eds que estas leyes se acatan, pero no se cumplen.<\/p>\n<p>S\u00ed se\u00f1ores pol\u00edticos, no es exclusiva de M\u00e9xico la corrupci\u00f3n, es un mal end\u00e9mico del mundo, pero eso no es un argumento v\u00e1lido para justificar en el desprestigio que ha ca\u00eddo toda su casta, por lo anterior veamos: \u201cPena de muerte para cr\u00edmenes comprobados: Ninguna sociedad honesta y trabajadora merece vivir con tanto miedo.<\/p>\n<p>La eliminaci\u00f3n de criminales peligrosos atemoriza al resto de delincuentes. Crecer\u00e1 la seguridad p\u00fablica y su gasto se reducir\u00e1 dr\u00e1sticamente. A futuro, se reflejar\u00e1 en cultura y comportamiento de las personas.<\/p>\n<p>Severo Castigo para pol\u00edticos corruptos: Ustedes no los castigan, principalmente a los del r\u00e9gimen de turno, que diezman las arcas p\u00fablicas. En China: pena de muerte y devoluci\u00f3n.<\/p>\n<p>Quintuplicar inversi\u00f3n en educaci\u00f3n: Un pa\u00eds que quiere crecer debe producir los mejores profesionales del mundo.<\/p>\n<p>Reducci\u00f3n dr\u00e1stica de carga tributaria y reforma fiscal inmediata: El gobierno no debe perseguir a industrias y empresas. Sus cargas fiscales son exageradas, confiscatorias, injustas y desordenadas.<\/p>\n<p>Reducir 80% salario y gasto de los pol\u00edticos: Ustedes tienen la pol\u00edtica m\u00e1s cara del mundo. El pol\u00edtico debe entender que es un funcionario p\u00fablico obligado a entregar su trabajo y conocimientos en beneficio de su pa\u00eds y no un \u201crey\u201d.<\/p>\n<p>Invertir cambiando la cultura del pueblo: El pueblo ya no cree en su gobierno ni en su pol\u00edtica; no respeta las instituciones, no cree en sus leyes ni en su propia cultura. Se acostumbr\u00f3 al desorden gubernamental y pas\u00f3 a ver como normal la corrupci\u00f3n, violencia y deterioro de los servicios p\u00fablicos.<\/p>\n<p>Reducci\u00f3n de edad laboral a 16 A\u00f1os (El mundo est\u00e1 envejeciendo\u2026): Sus pa\u00edses acostumbran tratar a los adolescentes de 15 a 18 a\u00f1os como ni\u00f1os que no se hacen responsables de sus actos y les proh\u00edben trabajar.<\/p>\n<p>Error fatal, necesit\u00e1ndose mano de obra renovada. Esta contradicci\u00f3n hip\u00f3crita de la ley s\u00f3lo sirve para crear peligrosos delincuentes, que, al cumplir 18 a\u00f1os, est\u00e1n formados para el delito. Un pueblo complaciente que s\u00f3lo mira c\u00f3mo los corruptos hurtan el dinero, cohonestando a los de cuello blanco, est\u00e1 llamado al retraso.<\/p>\n<p>Si este mensaje se enviara a cada uno de sus contactos, s\u00e9 que har\u00edamos gran labor y m\u00e1s de uno se pondr\u00eda a pensar en qu\u00e9 se podr\u00eda hacer para que esto se hiciera realidad.<\/p>\n<p>A alguien, algo se le puede ocurrir; pero no podemos permitir que el pa\u00eds tan maravilloso en donde vivimos, se siga desmoronando por culpa de una clase pol\u00edtica tan corrupta y unas leyes que no sirven para nada.<\/p>\n<p>Nuestra clase pol\u00edtica corrupta nos sigue robando y no pasa nada, nos atropella y no pasa nada, nos pisotea y no pasa nada, nos saca los pocos centavos que honestamente ganamos y no pasa nada y sin embargo seguimos como borregos para el matadero y no pasa nada\u2026 Ya mucha gente est\u00e1 pidiendo que es hora de reaccionar\u2026. Hagamos algo, ya es hora de no dejarnos joder m\u00e1s.<\/p>\n<p>El amable lector pensar\u00e1 que este diagn\u00f3stico es de cualquier mexicano, pero es una sorpresa que el primer ministro chino Wen Jiabao retrat\u00f3 a M\u00e9xico as\u00ed ante los pa\u00edses emergentes, de verdad como mexicano me siento apenado ante tal realidad.<\/p>\n<p><a href=\"mailto:%20%20mauben625@yahoo.com.mx\" target=\"_blank\"><em>mauben625@yahoo.com.mx<\/em><\/a><\/p>\n","protected":false},"excerpt":{"rendered":"<p><span><span style=\"color: #005497;\"><strong>Mauro Benites G.<\/strong><\/span><\/span><\/p>\n","protected":false},"author":3,"featured_media":0,"comment_status":"open","ping_status":"open","sticky":false,"template":"","format":"standard","meta":{"_monsterinsights_skip_tracking":false,"_monsterinsights_sitenote_active":false,"_monsterinsights_sitenote_note":"","_monsterinsights_sitenote_category":0,"footnotes":""},"categories":[8466],"tags":[43674],"class_list":["post-301560","post","type-post","status-publish","format-standard","hentry","category-mauro-benites-g","tag-opinion"],"_links":{"self":[{"href":"https:\/\/www.diarioimagen.net\/index.php?rest_route=\/wp\/v2\/posts\/301560","targetHints":{"allow":["GET"]}}],"collection":[{"href":"https:\/\/www.diarioimagen.net\/index.php?rest_route=\/wp\/v2\/posts"}],"about":[{"href":"https:\/\/www.diarioimagen.net\/index.php?rest_route=\/wp\/v2\/types\/post"}],"author":[{"embeddable":true,"href":"https:\/\/www.diarioimagen.net\/index.php?rest_route=\/wp\/v2\/users\/3"}],"replies":[{"embeddable":true,"href":"https:\/\/www.diarioimagen.net\/index.php?rest_route=%2Fwp%2Fv2%2Fcomments&post=301560"}],"version-history":[{"count":0,"href":"https:\/\/www.diarioimagen.net\/index.php?rest_route=\/wp\/v2\/posts\/301560\/revisions"}],"wp:attachment":[{"href":"https:\/\/www.diarioimagen.net\/index.php?rest_route=%2Fwp%2Fv2%2Fmedia&parent=301560"}],"wp:term":[{"taxonomy":"category","embeddable":true,"href":"https:\/\/www.diarioimagen.net\/index.php?rest_route=%2Fwp%2Fv2%2Fcategories&post=301560"},{"taxonomy":"post_tag","embeddable":true,"href":"https:\/\/www.diarioimagen.net\/index.php?rest_route=%2Fwp%2Fv2%2Ftags&post=301560"}],"curies":[{"name":"wp","href":"https:\/\/api.w.org\/{rel}","templated":true}]}}