{"id":301624,"date":"2016-12-05T00:03:24","date_gmt":"2016-12-05T06:03:24","guid":{"rendered":"http:\/\/www.diarioimagen.net\/?p=301624"},"modified":"2016-12-04T23:46:30","modified_gmt":"2016-12-05T05:46:30","slug":"alexander-schulz-cruza-reforma-a-mas-de-200-metros-de-altura","status":"publish","type":"post","link":"https:\/\/www.diarioimagen.net\/?p=301624","title":{"rendered":"Alexander Schulz cruza Reforma a m\u00e1s de 200 m de altura"},"content":{"rendered":"<ul>\n<li><strong><em>Impone dos r\u00e9cords mundiales de highline urbano<\/em><\/strong><\/li>\n<\/ul>\n<p>&nbsp;<\/p>\n<div id=\"attachment_301625\" style=\"width: 470px\" class=\"wp-caption aligncenter\"><a href=\"http:\/\/www.diarioimagen.net\/?attachment_id=301625\" rel=\"attachment wp-att-301625\"><img loading=\"lazy\" decoding=\"async\" aria-describedby=\"caption-attachment-301625\" class=\"size-large wp-image-301625\" src=\"http:\/\/www.diarioimagen.net\/wp-content\/uploads\/2016\/12\/CUERDA5-portal-460x268.jpg\" alt=\"Alexander Schulz cruz\u00f3 la avenida Reforma en la \u201ccuerda floja\u201d m\u00e1s de 230 metros de altura, del edificio Torre Bancomer al edificio Torre Reforma.\" width=\"460\" height=\"268\" srcset=\"https:\/\/www.diarioimagen.net\/wp-content\/uploads\/2016\/12\/CUERDA5-portal-460x268.jpg 460w, https:\/\/www.diarioimagen.net\/wp-content\/uploads\/2016\/12\/CUERDA5-portal-240x140.jpg 240w, https:\/\/www.diarioimagen.net\/wp-content\/uploads\/2016\/12\/CUERDA5-portal.jpg 480w\" sizes=\"auto, (max-width: 460px) 100vw, 460px\" \/><\/a><p id=\"caption-attachment-301625\" class=\"wp-caption-text\">Alexander Schulz cruz\u00f3 la avenida Reforma en la \u201ccuerda floja\u201d m\u00e1s de 230 metros de altura, del edificio Torre Bancomer al edificio Torre Reforma.<\/p><\/div>\n<p>&nbsp;<br \/>\nEl alem\u00e1n Alexander Schulz cruz\u00f3 sobre una \u201ccuerda floja\u201d, a m\u00e1s de 230 metros de altura, del edificio Torre Bancomer al edificio Torre Reforma, ubicados en Paseo de la Reforma, en la Ciudad de M\u00e9xico.<\/p>\n<p>Su primera salida la realiz\u00f3 aproximadamente a las 11:06 horas, cuando descalzo y vestido con unos shorts negros y una playera azul se subi\u00f3 al cable que lo conducir\u00eda a su meta, la Torre Reforma, en el deporte conocido como highline urbano.<\/p>\n<p>Al iniciar este intr\u00e9pido recorrido sobre la l\u00ednea de 217 metros de longitud tuvo problemas con la tensi\u00f3n de la cuerda y cay\u00f3 de la misma, por lo que qued\u00f3 sujeto del arn\u00e9s y el cable que lo sujeta a esa l\u00ednea.<\/p>\n<p>Tras regresar al punto de origen y luego de esperar a que aflojaran la l\u00ednea, volvi\u00f3 a atravesar, y luego de otros intentos consigui\u00f3 su objetivo: atravesar sobre Paseo de la Reforma a 240 metros de altura sin caerse a trav\u00e9s de los 217 metros que separan los edificios Torre Bancomer y Torre Reforma para conseguir con esto otro r\u00e9cord mundial.<\/p>\n<p>En conferencia de prensa, posterior a este logro, su m\u00e1nager y director del equipo \u201cone inch dreams\u201d, Clemens Augustin, record\u00f3 que el r\u00e9cord anterior lo pose\u00edan dos de sus connacionales, amigos tambi\u00e9n de Alexander, y era de una distancia de 170 metros.<\/p>\n<p>As\u00ed, Alexander Schulz, de 25 a\u00f1os de edad, camin\u00f3 descalz\u00f3 sobre este cable apoyado s\u00f3lo del balanceo de sus brazos para poder cruzar, haciendo gala del equilibrio y luchando contra el viento que soplaba en las alturas del Paseo de la Reforma, mientras que por debajo, los capitalinos desarrollaban su vida cotidiana.<\/p>\n<p>Clemens Augustin record\u00f3 que previo a este esfuerzo, el atleta tuvo que sortear tambi\u00e9n la lucha contra la altura de la Ciudad de M\u00e9xico a la que no se encuentran acostumbrados, pues es distinta a la de Alemania.<\/p>\n<p>\u201cAl principio fue mucha presi\u00f3n. Estar en el centro de la ciudad, muchas c\u00e1maras\u201d adem\u00e1s la necesidad de sobreponerse al vuelo en el que llegaron a M\u00e9xico dos d\u00edas atr\u00e1s, son algunas de las circunstancias a las que Alexander Schulz hizo frente para obtener este logro\u201d, se\u00f1al\u00f3.<\/p>\n<p>Agreg\u00f3 que normalmente cuenta con m\u00e1s tiempo para prepararse y \u201csentir la l\u00ednea\u201d, aunque ahora lo tuvo que hacer en el tiempo destinado, por lo que fue necesario reducir la tensi\u00f3n de la \u201ccuerda floja\u201d para llegar con \u00e9xito a la Torre Reforma.<\/p>\n<p>Alexander Schulz tambi\u00e9n posee el r\u00e9cord mundial en \u201clong line\u201d (absoluto) de 610 metros de longitud en China. Su primer r\u00e9cord lo realiz\u00f3 al caminar la l\u00ednea m\u00e1s larga de Europa en mayo de 2011.<\/p>\n<p>Luego de haber cruzado con \u00e9xito a su destino en Torre Reforma, Alexander Schulz, originario de Rosenheim, Alemania, resalt\u00f3 la concentraci\u00f3n necesaria que aplic\u00f3 para lograr este objetivo, as\u00ed como la seguridad y protecci\u00f3n con la que cont\u00f3 durante el recorrido.<\/p>\n<p>Por otra parte, la gerente del proyecto arquitect\u00f3nico Torre Reforma, Julieta Boy, detall\u00f3 que este edificio, que alberga una vivienda catalogada como \u201cambiental\u201d por el Instituto Nacional de Bellas Artes (INBA) , cuenta con 246 metros de altura y 57 pisos.<\/p>\n<p><strong>\u00a0<\/strong><\/p>\n<p><strong>Alexander Schulz<\/strong> cruz\u00f3 la avenida Reforma en la \u201ccuerda floja\u201d a 240 metros de altura, del edificio Torre Bancomer a la Torre Reforma.<\/p>\n<p>&nbsp;<\/p>\n<p>&nbsp;<\/p>\n","protected":false},"excerpt":{"rendered":"<p>El alem\u00e1n Alexander Schulz cruz\u00f3 sobre una \u201ccuerda floja\u201d, a m\u00e1s de 230 metros de altura, del edificio Torre Bancomer al edificio Torre Reforma, ubicados en Paseo de la Reforma, en la Ciudad de M\u00e9xico.<\/p>\n","protected":false},"author":5,"featured_media":301625,"comment_status":"open","ping_status":"open","sticky":false,"template":"","format":"standard","meta":{"_monsterinsights_skip_tracking":false,"_monsterinsights_sitenote_active":false,"_monsterinsights_sitenote_note":"","_monsterinsights_sitenote_category":0,"footnotes":""},"categories":[10],"tags":[43680,1246],"class_list":["post-301624","post","type-post","status-publish","format-standard","has-post-thumbnail","hentry","category-deportes","tag-deportes","tag-reforma"],"_links":{"self":[{"href":"https:\/\/www.diarioimagen.net\/index.php?rest_route=\/wp\/v2\/posts\/301624","targetHints":{"allow":["GET"]}}],"collection":[{"href":"https:\/\/www.diarioimagen.net\/index.php?rest_route=\/wp\/v2\/posts"}],"about":[{"href":"https:\/\/www.diarioimagen.net\/index.php?rest_route=\/wp\/v2\/types\/post"}],"author":[{"embeddable":true,"href":"https:\/\/www.diarioimagen.net\/index.php?rest_route=\/wp\/v2\/users\/5"}],"replies":[{"embeddable":true,"href":"https:\/\/www.diarioimagen.net\/index.php?rest_route=%2Fwp%2Fv2%2Fcomments&post=301624"}],"version-history":[{"count":0,"href":"https:\/\/www.diarioimagen.net\/index.php?rest_route=\/wp\/v2\/posts\/301624\/revisions"}],"wp:featuredmedia":[{"embeddable":true,"href":"https:\/\/www.diarioimagen.net\/index.php?rest_route=\/wp\/v2\/media\/301625"}],"wp:attachment":[{"href":"https:\/\/www.diarioimagen.net\/index.php?rest_route=%2Fwp%2Fv2%2Fmedia&parent=301624"}],"wp:term":[{"taxonomy":"category","embeddable":true,"href":"https:\/\/www.diarioimagen.net\/index.php?rest_route=%2Fwp%2Fv2%2Fcategories&post=301624"},{"taxonomy":"post_tag","embeddable":true,"href":"https:\/\/www.diarioimagen.net\/index.php?rest_route=%2Fwp%2Fv2%2Ftags&post=301624"}],"curies":[{"name":"wp","href":"https:\/\/api.w.org\/{rel}","templated":true}]}}