{"id":301680,"date":"2016-12-05T00:09:28","date_gmt":"2016-12-05T06:09:28","guid":{"rendered":"http:\/\/www.diarioimagen.net\/?p=301680"},"modified":"2016-12-05T03:15:45","modified_gmt":"2016-12-05T09:15:45","slug":"apuesta-a-la-prevencion-del-delito","status":"publish","type":"post","link":"https:\/\/www.diarioimagen.net\/?p=301680","title":{"rendered":"Apuesta a la prevenci\u00f3n del delito"},"content":{"rendered":"<h2>Arco Norte<\/h2>\n<h5>Jos\u00e9 Luis Monta\u00f1ez Aguilar<\/h5>\n<p>&nbsp;<\/p>\n<p>En el Estado de M\u00e9xico se han impulsado acciones como el Sistema de Videovigilancia, el Plan Tres (Transporte Estatal Seguro), el mando \u00fanico y las Bases de Operaci\u00f3n Mixta (BOM), entre otras, con las que se ha logrado la reducci\u00f3n en los \u00edndices de robo con violencia y robo a transporte p\u00fablico, inform\u00f3 el gobernador Eruviel \u00c1vila Villegas.<\/p>\n<p>En el caso del homicidio doloso, el gobernador mexiquense afirm\u00f3 que de acuerdo con la tasa por cada 100 mil habitantes, el Edomex est\u00e1 por debajo de la media nacional, no obstante, el trabajo en la materia es permanente y se redoblar\u00e1n esfuerzos.<\/p>\n<p>\u201cEl homicidio doloso y no es ning\u00fan consuelo- seg\u00fan la tasa de homicidios por cada 100 mil habitantes, se encuentra por debajo de la media nacional con una tasa de 10.08. Insisto, no es consuelo, un solo caso nos debe lastimar y nos debe poner a trabajar todav\u00eda m\u00e1s fuerte, pero hay voces que con fines no tan sanos revelan que es donde m\u00e1s homicidios hay\u201d.<\/p>\n<p>\u00c1vila Villegas detall\u00f3 que las acciones aplicadas en el Estado de M\u00e9xico se realizan tomando en cuenta recomendaciones de organizaciones como la Oficina de las Naciones Unidas contra la Droga y el Delito.<\/p>\n<p style=\"text-align: center;\"><strong>Gobernabilidad, producto de trabajo en equipo: Manzur Quiroga<\/strong><\/p>\n<p>&nbsp;<\/p>\n<p><a href=\"http:\/\/www.diarioimagen.net\/?attachment_id=301776\" rel=\"attachment wp-att-301776\"><img loading=\"lazy\" decoding=\"async\" class=\"aligncenter size-large wp-image-301776\" src=\"http:\/\/www.diarioimagen.net\/wp-content\/uploads\/2016\/12\/manzur-quiroga-3011-460x259.jpg\" alt=\"manzur-quiroga-3011\" width=\"460\" height=\"259\" srcset=\"https:\/\/www.diarioimagen.net\/wp-content\/uploads\/2016\/12\/manzur-quiroga-3011-460x259.jpg 460w, https:\/\/www.diarioimagen.net\/wp-content\/uploads\/2016\/12\/manzur-quiroga-3011-240x135.jpg 240w, https:\/\/www.diarioimagen.net\/wp-content\/uploads\/2016\/12\/manzur-quiroga-3011-235x132.jpg 235w, https:\/\/www.diarioimagen.net\/wp-content\/uploads\/2016\/12\/manzur-quiroga-3011-202x114.jpg 202w, https:\/\/www.diarioimagen.net\/wp-content\/uploads\/2016\/12\/manzur-quiroga-3011-350x196.jpg 350w, https:\/\/www.diarioimagen.net\/wp-content\/uploads\/2016\/12\/manzur-quiroga-3011-220x123.jpg 220w, https:\/\/www.diarioimagen.net\/wp-content\/uploads\/2016\/12\/manzur-quiroga-3011-237x132.jpg 237w, https:\/\/www.diarioimagen.net\/wp-content\/uploads\/2016\/12\/manzur-quiroga-3011.jpg 480w\" sizes=\"auto, (max-width: 460px) 100vw, 460px\" \/><\/a><\/p>\n<p>&nbsp;<\/p>\n<p>El secretario general de Gobierno, Jos\u00e9 Manzur Quiroga, acudi\u00f3 al primer informe de labores del alcalde de Nezahualc\u00f3yotl, Juan Hugo de la Rosa Garc\u00eda, donde asegur\u00f3 que la administraci\u00f3n de Eruviel \u00c1vila Villegas reafirma el compromiso de un gobierno abierto a la evaluaci\u00f3n y al desarrollo comunitario de todos los sectores sociales, y que es una aliada para seguir impulsando proyectos y acciones municipales que potencialicen el desarrollo de los mexiquenses sin distinci\u00f3n de colores ni de partidos pol\u00edticos.<\/p>\n<p>\u201cEn el estado de M\u00e9xico los retos son de todos, porque as\u00ed lo deciden los ciudadanos; es un privilegio decir que todas las fuerzas pol\u00edticas de la entidad somos gobierno, el ambiente de estabilidad y gobernabilidad que impera en la entidad es producto de la coordinaci\u00f3n y trabajo en equipo\u201d, expuso ante integrantes del Cabildo, diputados y senadores, a quienes invit\u00f3 a construir la seguridad y el orden p\u00fablico a partir de la inclusi\u00f3n y la tolerancia.<\/p>\n<p>&nbsp;<\/p>\n<p><a href=\"mailto:montanezaguilar@gmail.com\" target=\"_blank\"><em><strong>montanezaguilar@gmail.com<\/strong><\/em><\/a><\/p>\n","protected":false},"excerpt":{"rendered":"<p><span style=\"color: #005497;\">Jos\u00e9 Luis Monta\u00f1ez Aguilar<\/span><br \/>\n<br \/>\nEn el Estado de M\u00e9xico se han impulsado acciones como el Sistema de Videovigilancia, el Plan Tres (Transporte Estatal Seguro), el mando \u00fanico y las Bases de Operaci\u00f3n Mixta (BOM), entre otras, con las que se ha logrado la reducci\u00f3n en los \u00edndices de robo con violencia y robo a transporte p\u00fablico, inform\u00f3 el gobernador Eruviel \u00c1vila Villegas.<\/p>\n","protected":false},"author":3,"featured_media":301776,"comment_status":"open","ping_status":"open","sticky":false,"template":"","format":"standard","meta":{"_monsterinsights_skip_tracking":false,"_monsterinsights_sitenote_active":false,"_monsterinsights_sitenote_note":"","_monsterinsights_sitenote_category":0,"footnotes":""},"categories":[5],"tags":[13284,43704,43674],"class_list":["post-301680","post","type-post","status-publish","format-standard","has-post-thumbnail","hentry","category-estado-de-mexico","tag-arco-norte","tag-jose-luis-montanez-aguilar","tag-opinion"],"_links":{"self":[{"href":"https:\/\/www.diarioimagen.net\/index.php?rest_route=\/wp\/v2\/posts\/301680","targetHints":{"allow":["GET"]}}],"collection":[{"href":"https:\/\/www.diarioimagen.net\/index.php?rest_route=\/wp\/v2\/posts"}],"about":[{"href":"https:\/\/www.diarioimagen.net\/index.php?rest_route=\/wp\/v2\/types\/post"}],"author":[{"embeddable":true,"href":"https:\/\/www.diarioimagen.net\/index.php?rest_route=\/wp\/v2\/users\/3"}],"replies":[{"embeddable":true,"href":"https:\/\/www.diarioimagen.net\/index.php?rest_route=%2Fwp%2Fv2%2Fcomments&post=301680"}],"version-history":[{"count":0,"href":"https:\/\/www.diarioimagen.net\/index.php?rest_route=\/wp\/v2\/posts\/301680\/revisions"}],"wp:featuredmedia":[{"embeddable":true,"href":"https:\/\/www.diarioimagen.net\/index.php?rest_route=\/wp\/v2\/media\/301776"}],"wp:attachment":[{"href":"https:\/\/www.diarioimagen.net\/index.php?rest_route=%2Fwp%2Fv2%2Fmedia&parent=301680"}],"wp:term":[{"taxonomy":"category","embeddable":true,"href":"https:\/\/www.diarioimagen.net\/index.php?rest_route=%2Fwp%2Fv2%2Fcategories&post=301680"},{"taxonomy":"post_tag","embeddable":true,"href":"https:\/\/www.diarioimagen.net\/index.php?rest_route=%2Fwp%2Fv2%2Ftags&post=301680"}],"curies":[{"name":"wp","href":"https:\/\/api.w.org\/{rel}","templated":true}]}}