{"id":301684,"date":"2016-12-05T00:10:34","date_gmt":"2016-12-05T06:10:34","guid":{"rendered":"http:\/\/www.diarioimagen.net\/?p=301684"},"modified":"2016-12-05T03:17:01","modified_gmt":"2016-12-05T09:17:01","slug":"preve-ait-incremento-del-5-de-pasajeros","status":"publish","type":"post","link":"https:\/\/www.diarioimagen.net\/?p=301684","title":{"rendered":"Prev\u00e9 AIT incremento del 5% de pasajeros"},"content":{"rendered":"<ul>\n<li><strong><em>En temporada vacacional decembrina<\/em><\/strong><\/li>\n<\/ul>\n<p>&nbsp;<\/p>\n<div id=\"attachment_301779\" style=\"width: 470px\" class=\"wp-caption aligncenter\"><a href=\"http:\/\/www.diarioimagen.net\/?attachment_id=301779\" rel=\"attachment wp-att-301779\"><img loading=\"lazy\" decoding=\"async\" aria-describedby=\"caption-attachment-301779\" class=\"size-large wp-image-301779\" src=\"http:\/\/www.diarioimagen.net\/wp-content\/uploads\/2016\/12\/AEROPUERTO-3011-460x259.jpg\" alt=\"El Aeropuerto Internacional de Toluca prev\u00e9 un incremento de 5 por ciento de pasajeros en esta temporada vacacional.\" width=\"460\" height=\"259\" srcset=\"https:\/\/www.diarioimagen.net\/wp-content\/uploads\/2016\/12\/AEROPUERTO-3011-460x259.jpg 460w, https:\/\/www.diarioimagen.net\/wp-content\/uploads\/2016\/12\/AEROPUERTO-3011-240x135.jpg 240w, https:\/\/www.diarioimagen.net\/wp-content\/uploads\/2016\/12\/AEROPUERTO-3011-235x132.jpg 235w, https:\/\/www.diarioimagen.net\/wp-content\/uploads\/2016\/12\/AEROPUERTO-3011-202x114.jpg 202w, https:\/\/www.diarioimagen.net\/wp-content\/uploads\/2016\/12\/AEROPUERTO-3011-350x196.jpg 350w, https:\/\/www.diarioimagen.net\/wp-content\/uploads\/2016\/12\/AEROPUERTO-3011-220x123.jpg 220w, https:\/\/www.diarioimagen.net\/wp-content\/uploads\/2016\/12\/AEROPUERTO-3011-237x132.jpg 237w, https:\/\/www.diarioimagen.net\/wp-content\/uploads\/2016\/12\/AEROPUERTO-3011.jpg 480w\" sizes=\"auto, (max-width: 460px) 100vw, 460px\" \/><\/a><p id=\"caption-attachment-301779\" class=\"wp-caption-text\">El Aeropuerto Internacional de Toluca prev\u00e9 un incremento de 5 por ciento de pasajeros en esta temporada vacacional.<\/p><\/div>\n<p>&nbsp;<\/p>\n<p><strong>Toluca, Estado de M\u00e9xico<\/strong>.- Para esta temporada vacacional, y producto de nuevas rutas desde esta terminal, el Aeropuerto Internacional de Toluca prev\u00e9 un incremento de 5 por ciento de pasajeros, respecto al mismo periodo del a\u00f1o anterior, inform\u00f3 H\u00e9ctor H. Espinosa, director general y administrador el Aeropuerto Internacional de Toluca (AIT).<\/p>\n<p>\u201cTenemos programado que vamos a tener un incremento del 5 por ciento respecto a los pasajeros que se movieron en esta terminal el a\u00f1o anterior; desde luego con vuelo que acabamos de inaugurar, de la ruta Toluca-Tijuana de Volaris va a ayudar a incrementar much\u00edsimo el nivel de operaciones y el nivel de pasajeros\u201d, indic\u00f3 el director de la terminal mexiquense.<\/p>\n<p>Resalt\u00f3 que esta nueva ruta representa, tan s\u00f3lo para la aerol\u00ednea, un 35 por ciento m\u00e1s de pasajeros en el mes de diciembre, lo que implicar\u00eda que Volaris, desde el Aeropuerto de Toluca, estar\u00eda movilizando m\u00e1s de 16 mil pasajeros en el mes de diciembre.<\/p>\n<p>H\u00e9ctor H. Espinosa indic\u00f3 que gracias a la apertura de nuevas rutas desde el Aeropuerto de Toluca, se ha podido incrementar el n\u00famero de pasajeros, y reiter\u00f3 que las aerol\u00edneas est\u00e1n apostando a la terminal de Toluca para ampliar su oferta de vuelos.<\/p>\n<p>\u201cSe han implementado nuevas rutas, nos solo de Volaris, tambi\u00e9n tenemos una de Acapulco que se acaba de activar por parte de Transporte A\u00e9reos Regionales (TAR), Interjet, tambi\u00e9n de temporada acaba de instrumentar la nueva ruta a Acapulco, y esto desde nuevo va a redundar en un mayor nivel de operaciones y de pasajeros\u201d, concluy\u00f3.<\/p>\n<p>&nbsp;<\/p>\n","protected":false},"excerpt":{"rendered":"<p>Para esta temporada vacacional, y producto de nuevas rutas desde esta terminal, el Aeropuerto Internacional de Toluca prev\u00e9 un incremento de 5 por ciento de pasajeros, respecto al mismo periodo del a\u00f1o anterior, inform\u00f3 H\u00e9ctor H. Espinosa, director general y administrador el Aeropuerto Internacional de Toluca (AIT).<\/p>\n","protected":false},"author":3,"featured_media":301779,"comment_status":"open","ping_status":"open","sticky":false,"template":"","format":"standard","meta":{"_monsterinsights_skip_tracking":false,"_monsterinsights_sitenote_active":false,"_monsterinsights_sitenote_note":"","_monsterinsights_sitenote_category":0,"footnotes":""},"categories":[5],"tags":[43675,14864,452],"class_list":["post-301684","post","type-post","status-publish","format-standard","has-post-thumbnail","hentry","category-estado-de-mexico","tag-estado-de-mexico","tag-incremento","tag-toluca"],"_links":{"self":[{"href":"https:\/\/www.diarioimagen.net\/index.php?rest_route=\/wp\/v2\/posts\/301684","targetHints":{"allow":["GET"]}}],"collection":[{"href":"https:\/\/www.diarioimagen.net\/index.php?rest_route=\/wp\/v2\/posts"}],"about":[{"href":"https:\/\/www.diarioimagen.net\/index.php?rest_route=\/wp\/v2\/types\/post"}],"author":[{"embeddable":true,"href":"https:\/\/www.diarioimagen.net\/index.php?rest_route=\/wp\/v2\/users\/3"}],"replies":[{"embeddable":true,"href":"https:\/\/www.diarioimagen.net\/index.php?rest_route=%2Fwp%2Fv2%2Fcomments&post=301684"}],"version-history":[{"count":0,"href":"https:\/\/www.diarioimagen.net\/index.php?rest_route=\/wp\/v2\/posts\/301684\/revisions"}],"wp:featuredmedia":[{"embeddable":true,"href":"https:\/\/www.diarioimagen.net\/index.php?rest_route=\/wp\/v2\/media\/301779"}],"wp:attachment":[{"href":"https:\/\/www.diarioimagen.net\/index.php?rest_route=%2Fwp%2Fv2%2Fmedia&parent=301684"}],"wp:term":[{"taxonomy":"category","embeddable":true,"href":"https:\/\/www.diarioimagen.net\/index.php?rest_route=%2Fwp%2Fv2%2Fcategories&post=301684"},{"taxonomy":"post_tag","embeddable":true,"href":"https:\/\/www.diarioimagen.net\/index.php?rest_route=%2Fwp%2Fv2%2Ftags&post=301684"}],"curies":[{"name":"wp","href":"https:\/\/api.w.org\/{rel}","templated":true}]}}