{"id":301686,"date":"2016-12-05T00:07:19","date_gmt":"2016-12-05T06:07:19","guid":{"rendered":"http:\/\/www.diarioimagen.net\/?p=301686"},"modified":"2016-12-05T03:17:59","modified_gmt":"2016-12-05T09:17:59","slug":"fomentan-en-huixquilucan-la-cultura-con-muestra-gratuita","status":"publish","type":"post","link":"https:\/\/www.diarioimagen.net\/?p=301686","title":{"rendered":"Fomentan en Huixquilucan la cultura con muestra gratuita"},"content":{"rendered":"<ul>\n<li><strong><em>Exposici\u00f3n sobre el origen de la humanidad<\/em><\/strong><\/li>\n<\/ul>\n<p>&nbsp;<\/p>\n<div id=\"attachment_301782\" style=\"width: 470px\" class=\"wp-caption aligncenter\"><a href=\"http:\/\/www.diarioimagen.net\/?attachment_id=301782\" rel=\"attachment wp-att-301782\"><img loading=\"lazy\" decoding=\"async\" aria-describedby=\"caption-attachment-301782\" class=\"size-large wp-image-301782\" src=\"http:\/\/www.diarioimagen.net\/wp-content\/uploads\/2016\/12\/HUIXQUILUCAN-3011-460x259.jpg\" alt=\"El presidente municipal, Enrique Vargas del Villar, reiter\u00f3 que el fomento a la cultura es fundamental.\" width=\"460\" height=\"259\" srcset=\"https:\/\/www.diarioimagen.net\/wp-content\/uploads\/2016\/12\/HUIXQUILUCAN-3011-460x259.jpg 460w, https:\/\/www.diarioimagen.net\/wp-content\/uploads\/2016\/12\/HUIXQUILUCAN-3011-240x135.jpg 240w, https:\/\/www.diarioimagen.net\/wp-content\/uploads\/2016\/12\/HUIXQUILUCAN-3011-235x132.jpg 235w, https:\/\/www.diarioimagen.net\/wp-content\/uploads\/2016\/12\/HUIXQUILUCAN-3011-202x114.jpg 202w, https:\/\/www.diarioimagen.net\/wp-content\/uploads\/2016\/12\/HUIXQUILUCAN-3011-350x196.jpg 350w, https:\/\/www.diarioimagen.net\/wp-content\/uploads\/2016\/12\/HUIXQUILUCAN-3011-220x123.jpg 220w, https:\/\/www.diarioimagen.net\/wp-content\/uploads\/2016\/12\/HUIXQUILUCAN-3011-237x132.jpg 237w, https:\/\/www.diarioimagen.net\/wp-content\/uploads\/2016\/12\/HUIXQUILUCAN-3011.jpg 480w\" sizes=\"auto, (max-width: 460px) 100vw, 460px\" \/><\/a><p id=\"caption-attachment-301782\" class=\"wp-caption-text\">El presidente municipal, Enrique Vargas del Villar, reiter\u00f3 que el fomento a la cultura es fundamental.<\/p><\/div>\n<p>&nbsp;<\/p>\n<p><strong>Huixquilucan, Estado de M\u00e9xico<\/strong>.- Durante la inauguraci\u00f3n de la exposici\u00f3n \u201cDel Papiro a la Computadora. La Biblia: m\u00e1s de 4000 mil a\u00f1os de historia\u201d, el presidente municipal, Enrique Vargas del Villar, reiter\u00f3 que el fomento a la cultura es fundamental para su gobierno.<\/p>\n<p>Acompa\u00f1ado de integrantes del Cabildo, l\u00edderes religiosos, autoridades auxiliares y vecinos, afirm\u00f3, que es un orgullo la presencia de esta exposici\u00f3n en Huixquilucan, ya que ayudar\u00e1 a los visitantes a entender el origen de la humanidad y por ende comprender el presente.<\/p>\n<p>Coment\u00f3, que la Biblia es el libro m\u00e1s vendido, le\u00eddo, traducido e impreso, en la historia de la humanidad, el cual tiene un claro mensaje de paz. En este sentido, Vargas del Villar, record\u00f3 que Huixquilucan es considerado el municipio m\u00e1s seguro del Estado de M\u00e9xico, lo anterior, dijo, \u201ctiene que ver con la paz social, porque hemos estado trabajando no solamente en seguridad p\u00fablica, sino tambi\u00e9n en cultura, deporte, DIF, ya que es una forma de lograr que una comunidad est\u00e9 tranquila, en paz y trabajando\u201d, puntualiz\u00f3.<\/p>\n<p>En su oportunidad, Alejandra Parra Flores, directora general de Desarrollo Social, asegur\u00f3 que esta exposici\u00f3n es para toda la comunidad, ya sea ni\u00f1os, j\u00f3venes o adultos. \u201cSe muestran biblias que han sido editadas y traducidas en varios idiomas como arameo, hebreo, griego y lat\u00edn, entre otros\u201d.<\/p>\n<p>Tras destacar que la presente administraci\u00f3n contribuye al fomento de la cultura, lectura y aprendizaje, ya que esto impulsa al desarrollo personal y permite tener un criterio m\u00e1s amplio como personas, Parra Flores inform\u00f3 que la exposici\u00f3n ha sido mostrada en m\u00e1s de 100 lugares, como en la afiliaci\u00f3n de la Biblia de Chicago, Costa Rica, universidades, museos y recintos culturales de M\u00e9xico.<\/p>\n<p>&nbsp;<\/p>\n","protected":false},"excerpt":{"rendered":"<p>Durante la inauguraci\u00f3n de la exposici\u00f3n \u201cDel Papiro a la Computadora. La Biblia: m\u00e1s de 4000 mil a\u00f1os de historia\u201d, el presidente municipal, Enrique Vargas del Villar, reiter\u00f3 que el fomento a la cultura es fundamental para su gobierno.<\/p>\n","protected":false},"author":3,"featured_media":301782,"comment_status":"open","ping_status":"open","sticky":false,"template":"","format":"standard","meta":{"_monsterinsights_skip_tracking":false,"_monsterinsights_sitenote_active":false,"_monsterinsights_sitenote_note":"","_monsterinsights_sitenote_category":0,"footnotes":""},"categories":[35155],"tags":[43685,43675,1097],"class_list":["post-301686","post","type-post","status-publish","format-standard","has-post-thumbnail","hentry","category-estado-de-mexico-estado-de-mexico","tag-cultura","tag-estado-de-mexico","tag-huixquilucan"],"_links":{"self":[{"href":"https:\/\/www.diarioimagen.net\/index.php?rest_route=\/wp\/v2\/posts\/301686","targetHints":{"allow":["GET"]}}],"collection":[{"href":"https:\/\/www.diarioimagen.net\/index.php?rest_route=\/wp\/v2\/posts"}],"about":[{"href":"https:\/\/www.diarioimagen.net\/index.php?rest_route=\/wp\/v2\/types\/post"}],"author":[{"embeddable":true,"href":"https:\/\/www.diarioimagen.net\/index.php?rest_route=\/wp\/v2\/users\/3"}],"replies":[{"embeddable":true,"href":"https:\/\/www.diarioimagen.net\/index.php?rest_route=%2Fwp%2Fv2%2Fcomments&post=301686"}],"version-history":[{"count":0,"href":"https:\/\/www.diarioimagen.net\/index.php?rest_route=\/wp\/v2\/posts\/301686\/revisions"}],"wp:featuredmedia":[{"embeddable":true,"href":"https:\/\/www.diarioimagen.net\/index.php?rest_route=\/wp\/v2\/media\/301782"}],"wp:attachment":[{"href":"https:\/\/www.diarioimagen.net\/index.php?rest_route=%2Fwp%2Fv2%2Fmedia&parent=301686"}],"wp:term":[{"taxonomy":"category","embeddable":true,"href":"https:\/\/www.diarioimagen.net\/index.php?rest_route=%2Fwp%2Fv2%2Fcategories&post=301686"},{"taxonomy":"post_tag","embeddable":true,"href":"https:\/\/www.diarioimagen.net\/index.php?rest_route=%2Fwp%2Fv2%2Ftags&post=301686"}],"curies":[{"name":"wp","href":"https:\/\/api.w.org\/{rel}","templated":true}]}}