{"id":301688,"date":"2016-12-05T00:06:36","date_gmt":"2016-12-05T06:06:36","guid":{"rendered":"http:\/\/www.diarioimagen.net\/?p=301688"},"modified":"2016-12-05T03:20:01","modified_gmt":"2016-12-05T09:20:01","slug":"reconocen-logros-de-gobierno-de-armando-portuguez-fuentes","status":"publish","type":"post","link":"https:\/\/www.diarioimagen.net\/?p=301688","title":{"rendered":"Reconocen logros de gobierno de Armando Portuguez Fuentes"},"content":{"rendered":"<ul>\n<li><strong><em>Primer Informe de Gobierno<\/em><\/strong><\/li>\n<\/ul>\n<p>&nbsp;<\/p>\n<div id=\"attachment_301785\" style=\"width: 470px\" class=\"wp-caption aligncenter\"><a href=\"http:\/\/www.diarioimagen.net\/?attachment_id=301785\" rel=\"attachment wp-att-301785\"><img loading=\"lazy\" decoding=\"async\" aria-describedby=\"caption-attachment-301785\" class=\"size-large wp-image-301785\" src=\"http:\/\/www.diarioimagen.net\/wp-content\/uploads\/2016\/12\/TULTEPEC-3011-460x259.jpg\" alt=\"El alcalde, Armando Portuguez Fuentes, rindi\u00f3 su Primer Informe de Gobierno, presentado ante integrantes del Cabildo, directores y jefes de \u00e1rea.\" width=\"460\" height=\"259\" srcset=\"https:\/\/www.diarioimagen.net\/wp-content\/uploads\/2016\/12\/TULTEPEC-3011-460x259.jpg 460w, https:\/\/www.diarioimagen.net\/wp-content\/uploads\/2016\/12\/TULTEPEC-3011-240x135.jpg 240w, https:\/\/www.diarioimagen.net\/wp-content\/uploads\/2016\/12\/TULTEPEC-3011-235x132.jpg 235w, https:\/\/www.diarioimagen.net\/wp-content\/uploads\/2016\/12\/TULTEPEC-3011-202x114.jpg 202w, https:\/\/www.diarioimagen.net\/wp-content\/uploads\/2016\/12\/TULTEPEC-3011-350x196.jpg 350w, https:\/\/www.diarioimagen.net\/wp-content\/uploads\/2016\/12\/TULTEPEC-3011-220x123.jpg 220w, https:\/\/www.diarioimagen.net\/wp-content\/uploads\/2016\/12\/TULTEPEC-3011-237x132.jpg 237w, https:\/\/www.diarioimagen.net\/wp-content\/uploads\/2016\/12\/TULTEPEC-3011.jpg 480w\" sizes=\"auto, (max-width: 460px) 100vw, 460px\" \/><\/a><p id=\"caption-attachment-301785\" class=\"wp-caption-text\">El alcalde, Armando Portuguez Fuentes, rindi\u00f3 su Primer Informe de Gobierno, presentado ante integrantes del Cabildo, directores y jefes de \u00e1rea.<\/p><\/div>\n<p>&nbsp;<\/p>\n<p><strong>Tultepec, Estado de M\u00e9xico<\/strong>.- Jos\u00e9 Luis Cruz Flores G\u00f3mez, subsecretario de Desarrollo Regional en el Valle de M\u00e9xico, representante personal del gobernador Eruviel \u00c1vila Villegas, reconoci\u00f3 p\u00fablicamente al alcalde Armando Portuguez Fuentes, durante su Primer Informe de Gobierno, presentado ante integrantes del Cabildo, directores y jefes de \u00e1rea, de la administraci\u00f3n 2016-2018.<\/p>\n<p>Dijo que aunque el 2016 ha sido un a\u00f1o dif\u00edcil en materia econ\u00f3mica para el pa\u00eds, la experiencia, imaginaci\u00f3n y el esp\u00edritu de servicio de Armando Portuguez Fuentes, permitieron importantes logros y pol\u00edticas innovadoras que redundan en beneficios directos en favor de los tultepequenses.<\/p>\n<p>\u201cEn materia de salud Tultepec es un municipio referente en la regi\u00f3n y merece una menci\u00f3n especial y destacada por los servicios de excelente calidad que otorga en las cl\u00ednicas del Sistema Municipal DIF, por lo que hago extensivo este reconocimiento a Mar\u00eda F\u00e9lix Espinosa Hern\u00e1ndez, titular del organismo\u201d.<\/p>\n<p>El funcionario estatal se dijo sorprendido porque Tultepec estableci\u00f3 como uno de los retos de este gobierno ser garante y tutelar los derechos de los ciudadanos, tanto en el \u00e1mbito de la salud, como en temas de car\u00e1cter social, atendiendo las desigualdades sobre todo de grupos vulnerables, \u201cgarantizando su acceso pleno de los derechos constitucionales al bienestar\u201d.<\/p>\n<p>Jos\u00e9 Luis Cruz Flores G\u00f3mez reconoci\u00f3 que gracias a las gestiones de Armando Portuguez Fuentes ante instancias estatales y federales a trav\u00e9s de los diputados, Tultepec se ver\u00e1 beneficiado con mayores recursos que se est\u00e1n traduciendo en mejores obras y servicios para sus ciudadanos, \u201cpor lo que lo mejor para Tultepec est\u00e1 por venir\u201d.<\/p>\n<p>A nombre de Eruviel \u00c1vila Villegas, garantiz\u00f3 el apoyo del gobierno estatal para Tultepec, as\u00ed como la culminaci\u00f3n en tiempo y forma de las obras en proceso como la segunda etapa de la Escuela de Bellas Artes y de la Plaza Estado de M\u00e9xico en la unidad CTM y la instalaci\u00f3n completa de luminarias comprometidas con el municipio.<\/p>\n<p>&nbsp;<\/p>\n","protected":false},"excerpt":{"rendered":"<p>Jos\u00e9 Luis Cruz Flores G\u00f3mez, subsecretario de Desarrollo Regional en el Valle de M\u00e9xico, representante personal del gobernador Eruviel \u00c1vila Villegas, reconoci\u00f3 p\u00fablicamente al alcalde Armando Portuguez Fuentes, durante su Primer Informe de Gobierno, presentado ante integrantes del Cabildo, directores y jefes de \u00e1rea, de la administraci\u00f3n 2016-2018.  <\/p>\n","protected":false},"author":3,"featured_media":301785,"comment_status":"open","ping_status":"open","sticky":false,"template":"","format":"standard","meta":{"_monsterinsights_skip_tracking":false,"_monsterinsights_sitenote_active":false,"_monsterinsights_sitenote_note":"","_monsterinsights_sitenote_category":0,"footnotes":""},"categories":[35155],"tags":[50574,43675,15021,3802],"class_list":["post-301688","post","type-post","status-publish","format-standard","has-post-thumbnail","hentry","category-estado-de-mexico-estado-de-mexico","tag-armando-portuguez-fuentes","tag-estado-de-mexico","tag-logros","tag-tultepec"],"_links":{"self":[{"href":"https:\/\/www.diarioimagen.net\/index.php?rest_route=\/wp\/v2\/posts\/301688","targetHints":{"allow":["GET"]}}],"collection":[{"href":"https:\/\/www.diarioimagen.net\/index.php?rest_route=\/wp\/v2\/posts"}],"about":[{"href":"https:\/\/www.diarioimagen.net\/index.php?rest_route=\/wp\/v2\/types\/post"}],"author":[{"embeddable":true,"href":"https:\/\/www.diarioimagen.net\/index.php?rest_route=\/wp\/v2\/users\/3"}],"replies":[{"embeddable":true,"href":"https:\/\/www.diarioimagen.net\/index.php?rest_route=%2Fwp%2Fv2%2Fcomments&post=301688"}],"version-history":[{"count":0,"href":"https:\/\/www.diarioimagen.net\/index.php?rest_route=\/wp\/v2\/posts\/301688\/revisions"}],"wp:featuredmedia":[{"embeddable":true,"href":"https:\/\/www.diarioimagen.net\/index.php?rest_route=\/wp\/v2\/media\/301785"}],"wp:attachment":[{"href":"https:\/\/www.diarioimagen.net\/index.php?rest_route=%2Fwp%2Fv2%2Fmedia&parent=301688"}],"wp:term":[{"taxonomy":"category","embeddable":true,"href":"https:\/\/www.diarioimagen.net\/index.php?rest_route=%2Fwp%2Fv2%2Fcategories&post=301688"},{"taxonomy":"post_tag","embeddable":true,"href":"https:\/\/www.diarioimagen.net\/index.php?rest_route=%2Fwp%2Fv2%2Ftags&post=301688"}],"curies":[{"name":"wp","href":"https:\/\/api.w.org\/{rel}","templated":true}]}}