{"id":301690,"date":"2016-12-05T00:05:16","date_gmt":"2016-12-05T06:05:16","guid":{"rendered":"http:\/\/www.diarioimagen.net\/?p=301690"},"modified":"2016-12-05T03:22:07","modified_gmt":"2016-12-05T09:22:07","slug":"reunion-de-cabildo-de-nicolas-romero-con-el-ieem-e-ine","status":"publish","type":"post","link":"https:\/\/www.diarioimagen.net\/?p=301690","title":{"rendered":"Reuni\u00f3n de cabildo de Nicol\u00e1s Romero con el IEEM e INE"},"content":{"rendered":"<p><a href=\"http:\/\/www.diarioimagen.net\/?attachment_id=301789\" rel=\"attachment wp-att-301789\"><img loading=\"lazy\" decoding=\"async\" class=\"aligncenter size-large wp-image-301789\" src=\"http:\/\/www.diarioimagen.net\/wp-content\/uploads\/2016\/12\/nicolas-romero-3011-460x259.jpg\" alt=\"nicolas-romero-3011\" width=\"460\" height=\"259\" srcset=\"https:\/\/www.diarioimagen.net\/wp-content\/uploads\/2016\/12\/nicolas-romero-3011-460x259.jpg 460w, https:\/\/www.diarioimagen.net\/wp-content\/uploads\/2016\/12\/nicolas-romero-3011-240x135.jpg 240w, https:\/\/www.diarioimagen.net\/wp-content\/uploads\/2016\/12\/nicolas-romero-3011-235x132.jpg 235w, https:\/\/www.diarioimagen.net\/wp-content\/uploads\/2016\/12\/nicolas-romero-3011-202x114.jpg 202w, https:\/\/www.diarioimagen.net\/wp-content\/uploads\/2016\/12\/nicolas-romero-3011-350x196.jpg 350w, https:\/\/www.diarioimagen.net\/wp-content\/uploads\/2016\/12\/nicolas-romero-3011-220x123.jpg 220w, https:\/\/www.diarioimagen.net\/wp-content\/uploads\/2016\/12\/nicolas-romero-3011-237x132.jpg 237w, https:\/\/www.diarioimagen.net\/wp-content\/uploads\/2016\/12\/nicolas-romero-3011.jpg 480w\" sizes=\"auto, (max-width: 460px) 100vw, 460px\" \/><\/a><\/p>\n<p>&nbsp;<\/p>\n<p><strong>Nicol\u00e1s Romero, Estado de M\u00e9xico.- <\/strong>La presidenta municipal de esta demarcaci\u00f3n, Angelina Carre\u00f1o Mijares, al continuar con sus actividades, y en compa\u00f1\u00eda de miembros del cabildo local, convivi\u00f3 con integrantes de los consejos del IEEM e INE, con el objetivo de consolidar las alianzas en beneficio de la ciudadan\u00eda nicolasromerense.<\/p>\n<p>Tambi\u00e9n, la alcaldesa salud\u00f3 a los integrantes de la Asociaci\u00f3n\u00a0 de Charros y los amigos\u00a0 de caballo.<\/p>\n","protected":false},"excerpt":{"rendered":"<p> La presidenta municipal de esta demarcaci\u00f3n, Angelina Carre\u00f1o Mijares, al continuar con sus actividades, y en compa\u00f1\u00eda de miembros del cabildo local, convivi\u00f3 con integrantes de los consejos del IEEM e INE, con el objetivo de consolidar las alianzas en beneficio de la ciudadan\u00eda nicolasromerense.<\/p>\n","protected":false},"author":3,"featured_media":301789,"comment_status":"open","ping_status":"open","sticky":false,"template":"","format":"standard","meta":{"_monsterinsights_skip_tracking":false,"_monsterinsights_sitenote_active":false,"_monsterinsights_sitenote_note":"","_monsterinsights_sitenote_category":0,"footnotes":""},"categories":[35155],"tags":[43675,694,29347,752],"class_list":["post-301690","post","type-post","status-publish","format-standard","has-post-thumbnail","hentry","category-estado-de-mexico-estado-de-mexico","tag-estado-de-mexico","tag-ieem","tag-ine","tag-nicolas-romero"],"_links":{"self":[{"href":"https:\/\/www.diarioimagen.net\/index.php?rest_route=\/wp\/v2\/posts\/301690","targetHints":{"allow":["GET"]}}],"collection":[{"href":"https:\/\/www.diarioimagen.net\/index.php?rest_route=\/wp\/v2\/posts"}],"about":[{"href":"https:\/\/www.diarioimagen.net\/index.php?rest_route=\/wp\/v2\/types\/post"}],"author":[{"embeddable":true,"href":"https:\/\/www.diarioimagen.net\/index.php?rest_route=\/wp\/v2\/users\/3"}],"replies":[{"embeddable":true,"href":"https:\/\/www.diarioimagen.net\/index.php?rest_route=%2Fwp%2Fv2%2Fcomments&post=301690"}],"version-history":[{"count":0,"href":"https:\/\/www.diarioimagen.net\/index.php?rest_route=\/wp\/v2\/posts\/301690\/revisions"}],"wp:featuredmedia":[{"embeddable":true,"href":"https:\/\/www.diarioimagen.net\/index.php?rest_route=\/wp\/v2\/media\/301789"}],"wp:attachment":[{"href":"https:\/\/www.diarioimagen.net\/index.php?rest_route=%2Fwp%2Fv2%2Fmedia&parent=301690"}],"wp:term":[{"taxonomy":"category","embeddable":true,"href":"https:\/\/www.diarioimagen.net\/index.php?rest_route=%2Fwp%2Fv2%2Fcategories&post=301690"},{"taxonomy":"post_tag","embeddable":true,"href":"https:\/\/www.diarioimagen.net\/index.php?rest_route=%2Fwp%2Fv2%2Ftags&post=301690"}],"curies":[{"name":"wp","href":"https:\/\/api.w.org\/{rel}","templated":true}]}}