{"id":301750,"date":"2016-12-05T00:04:41","date_gmt":"2016-12-05T06:04:41","guid":{"rendered":"http:\/\/www.diarioimagen.net\/?p=301750"},"modified":"2016-12-05T00:27:28","modified_gmt":"2016-12-05T06:27:28","slug":"sesos-y-huevos","status":"publish","type":"post","link":"https:\/\/www.diarioimagen.net\/?p=301750","title":{"rendered":"Sesos y huevos"},"content":{"rendered":"<h2>Desde el portal<\/h2>\n<h5>\u00c1ngel Soriano<\/h5>\n<p>&nbsp;<\/p>\n<p>En los desayunaderos pol\u00edticos de la capital oaxaque\u00f1a se ha incluido en la gastronom\u00eda un nuevo platillo: sesos con huevos, en clara alusi\u00f3n a la audacia del joven gobernador Alejandro Murat que, sin usar el garrote ni disparar un solo tiro, desarm\u00f3 y puso en rid\u00edculo a la secci\u00f3n XXII de la CNTE que ya, con la cola entre las patas, llegar\u00e1 a un di\u00e1logo este mi\u00e9rcoles con el flamante mandatario que dar\u00e1 respuesta a su pliego de peticiones.<\/p>\n<p>S\u00f3lo talento, de sobra en el nuevo l\u00edder oaxaque\u00f1o, requiri\u00f3 para evadir el c\u00edrculo de intolerancia del magisterio oaxaque\u00f1o; no fue necesario desplazar\u00a0 aviones de lujo ni helic\u00f3pteros artillados a polic\u00edas federales al mando de incompetentes oficiales para desplazar a los rijosos, ni abultar la larga lista de presos pol\u00edticos ni desaparecidos, tampoco heridos o golpeados: Murat Hinojosa se ajust\u00f3 a la Ley y traslad\u00f3 el recinto oficial del Congreso Local a otra sede y en horas de descanso de los maestros para asumir el poder.<\/p>\n<p>Temor, incapacidad, indolencia caracterizaron a los dos \u00faltimos gobernadores de Oaxaca, Ulises Ruiz y Gabino Cu\u00e9, que literalmente hu\u00edan (y eran perseguidos) por los maestros; no pod\u00edan entrar a Palacio de Gobierno y, al igual que algunos secretarios de Estado, les daba miedo enfrentar a los profes.<\/p>\n<p>Hubo un titular de la SEP que lleg\u00f3 en helic\u00f3ptero a Ciudad Administrativa, estuvo unos minutos, y regres\u00f3 espantado a la ciudad de M\u00e9xico; con ese miedo no se gobierna.<\/p>\n<p>Alejandro Murat, al contrario, no s\u00f3lo desaf\u00ed\u00f3 sino que domin\u00f3 (con talento) a los disidentes a quienes ahora buscar\u00e1 se conviertan en sus aliados y juntos se construya un Oaxaca mejor. Los maestros, como los tres millones de oaxaque\u00f1os, han dicho al gobernante, se convencer\u00e1n con hechos, con transparencia y con resultados.<\/p>\n<p>Es lo que necesita Oaxaca: un l\u00edder capaz de guiar sus destinos con talento y audacia, lo que en tiempos revolucionarios se dec\u00eda: sesos y huevos.<\/p>\n<p style=\"text-align: center;\"><strong>TURBULENCIA<br \/>\nUnidad ante la incertidumbre<\/strong><\/p>\n<p>En momentos de incertidumbre como los actuales, es necesario mantener la unidad, se\u00f1al\u00f3 el titular de la SEP, Aurelio Nu\u00f1o, durante la entrega de becas a ganadores de la Olimpiada del Conocimiento acompa\u00f1ado del gobernador Eruviel \u00c1vila y la titular de Educaci\u00f3n en el estado, Ana Lilia Herrera Anzaldo, a quien reconoci\u00f3 su trabajo a favor de la educaci\u00f3n.<\/p>\n<p>Desunidos hemos perdido la mitad de nuestro territorio, record\u00f3 Nu\u00f1o, quien elogi\u00f3 tambi\u00e9n la trayectoria acad\u00e9mica de Eruviel \u201cque le permiti\u00f3 llegar a gobernador\u201d\u2026El alcalde de Cuautitl\u00e1n Izcalli, V\u00edctor Estrada Garibay, entregar\u00e1 hoy su Primer Informe de Gobierno al cabildo en ceremonia que se realizar\u00e1 por la ma\u00f1ana\u2026Celestino Alonso \u00c1lvarez fue designado por el gobernador Alejandro Murat coordinador del Comit\u00e9 de Planeaci\u00f3n para el Desarrollo de Oaxaca; antes hab\u00eda sido coordinador de la campa\u00f1a del hoy gobernador constitucional del estado\u2026No obstante que Agust\u00edn Carstens ha aclarado que todav\u00eda permanecer\u00e1 siete meses como gobernador del Banco de M\u00e9xico, los \u201canalistas\u201d le atribuyen todo tipo de turbulencias en la econom\u00eda mexicana.<\/p>\n<p>El experimentado financiero sigue al frente de Banxico y ha se\u00f1alado que espera que cuande deje la instituci\u00f3n ya habr\u00e1 pasado la incertidumbre, en tanto Donald Trump no s\u00f3lo sacude a M\u00e9xico, sino al mundo entero con sus ocurrencias\u2026<\/p>\n<p><em><a href=\"http:\/\/www.revista-brecha.com\/\" target=\"_blank\">www.revista-brecha.com<br \/>\n<\/a><a href=\"mailto:asorianodesdelportalo@hotmail.com\" target=\"_blank\">asorianodesdelportalo@hotmail.com<\/a><\/em><\/p>\n","protected":false},"excerpt":{"rendered":"<p><span style=\"color: #005497;\"><strong>\u00c1ngel Soriano<\/strong><\/span><\/p>\n","protected":false},"author":3,"featured_media":0,"comment_status":"open","ping_status":"open","sticky":false,"template":"","format":"standard","meta":{"_monsterinsights_skip_tracking":false,"_monsterinsights_sitenote_active":false,"_monsterinsights_sitenote_note":"","_monsterinsights_sitenote_category":0,"footnotes":""},"categories":[135],"tags":[85,86,43674],"class_list":["post-301750","post","type-post","status-publish","format-standard","hentry","category-angel-soriano-opinion","tag-angel-soriano","tag-desde-el-portal","tag-opinion"],"_links":{"self":[{"href":"https:\/\/www.diarioimagen.net\/index.php?rest_route=\/wp\/v2\/posts\/301750","targetHints":{"allow":["GET"]}}],"collection":[{"href":"https:\/\/www.diarioimagen.net\/index.php?rest_route=\/wp\/v2\/posts"}],"about":[{"href":"https:\/\/www.diarioimagen.net\/index.php?rest_route=\/wp\/v2\/types\/post"}],"author":[{"embeddable":true,"href":"https:\/\/www.diarioimagen.net\/index.php?rest_route=\/wp\/v2\/users\/3"}],"replies":[{"embeddable":true,"href":"https:\/\/www.diarioimagen.net\/index.php?rest_route=%2Fwp%2Fv2%2Fcomments&post=301750"}],"version-history":[{"count":0,"href":"https:\/\/www.diarioimagen.net\/index.php?rest_route=\/wp\/v2\/posts\/301750\/revisions"}],"wp:attachment":[{"href":"https:\/\/www.diarioimagen.net\/index.php?rest_route=%2Fwp%2Fv2%2Fmedia&parent=301750"}],"wp:term":[{"taxonomy":"category","embeddable":true,"href":"https:\/\/www.diarioimagen.net\/index.php?rest_route=%2Fwp%2Fv2%2Fcategories&post=301750"},{"taxonomy":"post_tag","embeddable":true,"href":"https:\/\/www.diarioimagen.net\/index.php?rest_route=%2Fwp%2Fv2%2Ftags&post=301750"}],"curies":[{"name":"wp","href":"https:\/\/api.w.org\/{rel}","templated":true}]}}