{"id":301859,"date":"2016-12-06T00:06:38","date_gmt":"2016-12-06T06:06:38","guid":{"rendered":"http:\/\/www.diarioimagen.net\/?p=301859"},"modified":"2016-12-07T00:31:42","modified_gmt":"2016-12-07T06:31:42","slug":"hermanan-eruviel-avila-y-alec-monopoly-a-mexico-y-eu","status":"publish","type":"post","link":"https:\/\/www.diarioimagen.net\/?p=301859","title":{"rendered":"Hermanan Eruviel \u00c1vila y Alec Monopoly a M\u00e9xico y EU"},"content":{"rendered":"<ul>\n<li><strong><em>La estaci\u00f3n 1 Santa Clara ser\u00e1 punto de referencia y atractivo tur\u00edstico<\/em><\/strong><\/li>\n<\/ul>\n<p>&nbsp;<\/p>\n<div id=\"attachment_301860\" style=\"width: 470px\" class=\"wp-caption aligncenter\"><a href=\"http:\/\/www.diarioimagen.net\/?attachment_id=301860\" rel=\"attachment wp-att-301860\"><img loading=\"lazy\" decoding=\"async\" aria-describedby=\"caption-attachment-301860\" class=\"wp-image-301860 size-large\" src=\"http:\/\/www.diarioimagen.net\/wp-content\/uploads\/2016\/12\/FRIDA6-portal-460x268.jpg\" alt=\"El mural de Alec Monopoly mide 6 metros de altura por 4.8 de ancho, y est\u00e1 plasmado en la fachada de la estaci\u00f3n 1 del Mexicable.\" width=\"460\" height=\"268\" srcset=\"https:\/\/www.diarioimagen.net\/wp-content\/uploads\/2016\/12\/FRIDA6-portal-460x268.jpg 460w, https:\/\/www.diarioimagen.net\/wp-content\/uploads\/2016\/12\/FRIDA6-portal-240x140.jpg 240w, https:\/\/www.diarioimagen.net\/wp-content\/uploads\/2016\/12\/FRIDA6-portal.jpg 480w\" sizes=\"auto, (max-width: 460px) 100vw, 460px\" \/><\/a><p id=\"caption-attachment-301860\" class=\"wp-caption-text\">El mural de Alec Monopoly mide 6 metros de altura por 4.8 de ancho y est\u00e1 plasmado en la fachada de la estaci\u00f3n 1 Santa Clara del Mexicable.<\/p><\/div>\n<p>&nbsp;<\/p>\n<p><strong>Ecatepec, Estado de M\u00e9xico<\/strong>.- Al dar los \u00faltimos trazos de la obra \u201cLa Frida de Ecatepec\u201d, del artista neoyorkino Alec Monopoly, el gobernador Eruviel \u00c1vila Villegas, afirm\u00f3 que este mural sobre la estaci\u00f3n 1 del Mexicable es un mensaje de unidad y hermanamiento entre M\u00e9xico y Estados Unidos.<\/p>\n<p>\u201cHoy m\u00e1s que nunca los gobiernos mexicano y de Estados Unidos debemos estar m\u00e1s hermanados, debemos de ser m\u00e1s unidos, debemos construir los puentes que sean necesarios, para que sigamos tan hermanados y nuestros proyectos culturales, comerciales sigan adelante, sigan como lo queremos tanto en Am\u00e9rica del Norte\u00a0 como en M\u00e9xico.<\/p>\n<p>\u201cY yo estoy cierto, Alec, que esta gran obra que t\u00fa nos estas legando, as\u00ed lo vemos, es un gesto de generosidad para la cultura mexicana, para el Estado de M\u00e9xico\u201d, expres\u00f3.<\/p>\n<p>Junto con la representante de Asuntos Culturales de la Embajada de Estados Unidos en M\u00e9xico, Ivonne Puga Fern\u00e1ndez, el gobernador subi\u00f3 a la gr\u00faa donde, junto con el reconocido artista internacional del <em>graffiti<\/em>, aplic\u00f3 los \u00faltimos toques de pintura al multicolor rostro de Frida Kahlo, que se suma a los 50 murales del proyecto #LaCalleEsTuya, que acompa\u00f1an la ruta de casi 5 kil\u00f3metros del Mexicable, primer telef\u00e9rico utilizado para transporte p\u00fablico en el pa\u00eds.<\/p>\n<p>En la estaci\u00f3n 1 Santa Clara, acompa\u00f1ado por su hija Montserrat, Eruviel \u00c1vila dijo que esta pintura de Frida Kahlo, de 6 metros de altura y 4.8 de ancho, ser\u00e1 de ahora en adelante un punto de referencia y atractivo tur\u00edstico en la zona, porque seguramente miles de personas acudir\u00e1n a tomarse una selfie ante la imagen de esta artista internacional.<\/p>\n<p>Alec Monopoly, quien realiz\u00f3 la obra durante este fin de semana, dijo que \u00e9sta ha sido una experiencia muy gratificante y consider\u00f3 que el arte es amor, por lo que para su obra de Frida Kahlo es una expresi\u00f3n de amor hacia los mexiquenses.<\/p>\n<p>Por su parte, Ivonne Puga Fern\u00e1ndez, asistente de Asuntos Culturales de la Embajada de los Estados Unidos en M\u00e9xico, agradeci\u00f3 la invitaci\u00f3n del gobierno del Estado de M\u00e9xico para que Alec Monopoly viniera a plasmar su talento en el Mexicable.<\/p>\n<p>Agreg\u00f3 que las artes son una forma crucial de expresi\u00f3n que provee alternativas seguras y saludables contra la violencia y crea ambientes visuales que llenan de energ\u00eda positiva.<\/p>\n","protected":false},"excerpt":{"rendered":"<p>Al dar los \u00faltimos trazos de la obra \u201cLa Frida de Ecatepec\u201d, del artista neoyorkino Alec Monopoly, el gobernador Eruviel \u00c1vila Villegas, afirm\u00f3 que este mural sobre la estaci\u00f3n 1 del Mexicable es un mensaje de unidad y hermanamiento entre M\u00e9xico y Estados Unidos.https:\/\/codex.wordpress.org\/es:Extracto<\/p>\n","protected":false},"author":5,"featured_media":301860,"comment_status":"open","ping_status":"open","sticky":false,"template":"","format":"standard","meta":{"_monsterinsights_skip_tracking":false,"_monsterinsights_sitenote_active":false,"_monsterinsights_sitenote_note":"","_monsterinsights_sitenote_category":0,"footnotes":""},"categories":[5],"tags":[454,5828,43675],"class_list":["post-301859","post","type-post","status-publish","format-standard","has-post-thumbnail","hentry","category-estado-de-mexico","tag-ecatepec","tag-eruviel-avila-villegas","tag-estado-de-mexico"],"_links":{"self":[{"href":"https:\/\/www.diarioimagen.net\/index.php?rest_route=\/wp\/v2\/posts\/301859","targetHints":{"allow":["GET"]}}],"collection":[{"href":"https:\/\/www.diarioimagen.net\/index.php?rest_route=\/wp\/v2\/posts"}],"about":[{"href":"https:\/\/www.diarioimagen.net\/index.php?rest_route=\/wp\/v2\/types\/post"}],"author":[{"embeddable":true,"href":"https:\/\/www.diarioimagen.net\/index.php?rest_route=\/wp\/v2\/users\/5"}],"replies":[{"embeddable":true,"href":"https:\/\/www.diarioimagen.net\/index.php?rest_route=%2Fwp%2Fv2%2Fcomments&post=301859"}],"version-history":[{"count":0,"href":"https:\/\/www.diarioimagen.net\/index.php?rest_route=\/wp\/v2\/posts\/301859\/revisions"}],"wp:featuredmedia":[{"embeddable":true,"href":"https:\/\/www.diarioimagen.net\/index.php?rest_route=\/wp\/v2\/media\/301860"}],"wp:attachment":[{"href":"https:\/\/www.diarioimagen.net\/index.php?rest_route=%2Fwp%2Fv2%2Fmedia&parent=301859"}],"wp:term":[{"taxonomy":"category","embeddable":true,"href":"https:\/\/www.diarioimagen.net\/index.php?rest_route=%2Fwp%2Fv2%2Fcategories&post=301859"},{"taxonomy":"post_tag","embeddable":true,"href":"https:\/\/www.diarioimagen.net\/index.php?rest_route=%2Fwp%2Fv2%2Ftags&post=301859"}],"curies":[{"name":"wp","href":"https:\/\/api.w.org\/{rel}","templated":true}]}}