{"id":301903,"date":"2016-12-06T00:06:02","date_gmt":"2016-12-06T06:06:02","guid":{"rendered":"http:\/\/www.diarioimagen.net\/?p=301903"},"modified":"2016-12-06T02:03:32","modified_gmt":"2016-12-06T08:03:32","slug":"resalta-potencial-economico-de-metepec-en-zona-metropolitana","status":"publish","type":"post","link":"https:\/\/www.diarioimagen.net\/?p=301903","title":{"rendered":"Resalta potencial econ\u00f3mico de Metepec en zona metropolitana"},"content":{"rendered":"<ul>\n<li><strong><em>Creaci\u00f3n de fuentes de empleo<\/em><\/strong><\/li>\n<\/ul>\n<p>&nbsp;<\/p>\n<div id=\"attachment_301976\" style=\"width: 470px\" class=\"wp-caption aligncenter\"><a href=\"http:\/\/www.diarioimagen.net\/?attachment_id=301976\" rel=\"attachment wp-att-301976\"><img loading=\"lazy\" decoding=\"async\" aria-describedby=\"caption-attachment-301976\" class=\"size-large wp-image-301976\" src=\"http:\/\/www.diarioimagen.net\/wp-content\/uploads\/2016\/12\/METEPEC-3012-460x259.jpg\" alt=\"Eficiencia en otorgamiento de licencias comerciales y apoyo a emprendedores son algunos de los factores que lleva a cabo Metepec para impulsar la econom\u00eda municipal.\" width=\"460\" height=\"259\" srcset=\"https:\/\/www.diarioimagen.net\/wp-content\/uploads\/2016\/12\/METEPEC-3012-460x259.jpg 460w, https:\/\/www.diarioimagen.net\/wp-content\/uploads\/2016\/12\/METEPEC-3012-240x135.jpg 240w, https:\/\/www.diarioimagen.net\/wp-content\/uploads\/2016\/12\/METEPEC-3012-235x132.jpg 235w, https:\/\/www.diarioimagen.net\/wp-content\/uploads\/2016\/12\/METEPEC-3012-202x114.jpg 202w, https:\/\/www.diarioimagen.net\/wp-content\/uploads\/2016\/12\/METEPEC-3012-350x196.jpg 350w, https:\/\/www.diarioimagen.net\/wp-content\/uploads\/2016\/12\/METEPEC-3012-220x123.jpg 220w, https:\/\/www.diarioimagen.net\/wp-content\/uploads\/2016\/12\/METEPEC-3012-237x132.jpg 237w, https:\/\/www.diarioimagen.net\/wp-content\/uploads\/2016\/12\/METEPEC-3012.jpg 480w\" sizes=\"auto, (max-width: 460px) 100vw, 460px\" \/><\/a><p id=\"caption-attachment-301976\" class=\"wp-caption-text\">Eficiencia en otorgamiento de licencias comerciales y apoyo a emprendedores son algunos de los factores que lleva a cabo Metepec para impulsar la econom\u00eda municipal.<\/p><\/div>\n<p>&nbsp;<\/p>\n<p><strong>Metepec, Estado de M\u00e9xico<\/strong>.-\u00a0La pol\u00edtica financiera de Metepec, es referente en la quinta zona metropolitana m\u00e1s importante del pa\u00eds, por el dise\u00f1o de la estrategia implementada por el gobierno municipal y del Estado de M\u00e9xico, al consolidar, entre otras acciones, vinculaci\u00f3n laboral, aplicaci\u00f3n de mejora regulatoria, eficiencia en el otorgamiento de\u00a0\u00a0licencias comerciales y apoyo a emprendedores, entre otras.<\/p>\n<p>La administraci\u00f3n del alcalde David L\u00f3pez C\u00e1rdenas, ha creado las alianzas necesarias para estimular el crecimiento econ\u00f3mico de Metepec, con orden y disciplina, proyectado con visi\u00f3n, certidumbre y confianza entre los inversionistas.<\/p>\n<p>En este a\u00f1o, con equipo inform\u00e1tico actualizado del Centro Municipal de Atenci\u00f3n Empresarial y la p\u00e1gina del Sistema de Apertura R\u00e1pida de Empresas (SARE), se otorgaron licencias de funcionamiento comercial para giros de bajo impacto en l\u00ednea, en menos de 72 horas.<\/p>\n<p>En total, en l\u00ednea y f\u00edsicamente, se renovaron cuatro mil 235 licencias de funcionamiento comercial, industrial y de prestaci\u00f3n de servicios, adem\u00e1s de que se autorizaron 555 nuevas unidades econ\u00f3micas de diversos giros, con las que se generaron dos mil 332 empleos.<\/p>\n<p>Otro aspecto sobresaliente en la econom\u00eda metepequense, es el apoyo a emprendedores, quienes reciben impulso por ideas innovadoras. Durante el a\u00f1o, 210 personas participaron en siete cursos y talleres, en coordinaci\u00f3n con el Instituto Nacional del Emprendedor (INADEM), la Universidad Aut\u00f3noma del Estado de M\u00e9xico (UAEM), Nacional Financiera (NAFINSA) y la C\u00e1mara Nacional de Comercio (CANACO SERVITUR).<\/p>\n<p>&nbsp;<\/p>\n","protected":false},"excerpt":{"rendered":"<p>La pol\u00edtica financiera de Metepec, es referente en la quinta zona metropolitana m\u00e1s importante del pa\u00eds, por el dise\u00f1o de la estrategia implementada por el gobierno municipal y del Estado de M\u00e9xico, al consolidar, entre otras acciones, vinculaci\u00f3n laboral, aplicaci\u00f3n de mejora regulatoria, eficiencia en el otorgamiento de  licencias comerciales y apoyo a emprendedores, entre otras.<\/p>\n","protected":false},"author":3,"featured_media":301976,"comment_status":"open","ping_status":"open","sticky":false,"template":"","format":"standard","meta":{"_monsterinsights_skip_tracking":false,"_monsterinsights_sitenote_active":false,"_monsterinsights_sitenote_note":"","_monsterinsights_sitenote_category":0,"footnotes":""},"categories":[35155],"tags":[43675,876],"class_list":["post-301903","post","type-post","status-publish","format-standard","has-post-thumbnail","hentry","category-estado-de-mexico-estado-de-mexico","tag-estado-de-mexico","tag-metepec"],"_links":{"self":[{"href":"https:\/\/www.diarioimagen.net\/index.php?rest_route=\/wp\/v2\/posts\/301903","targetHints":{"allow":["GET"]}}],"collection":[{"href":"https:\/\/www.diarioimagen.net\/index.php?rest_route=\/wp\/v2\/posts"}],"about":[{"href":"https:\/\/www.diarioimagen.net\/index.php?rest_route=\/wp\/v2\/types\/post"}],"author":[{"embeddable":true,"href":"https:\/\/www.diarioimagen.net\/index.php?rest_route=\/wp\/v2\/users\/3"}],"replies":[{"embeddable":true,"href":"https:\/\/www.diarioimagen.net\/index.php?rest_route=%2Fwp%2Fv2%2Fcomments&post=301903"}],"version-history":[{"count":0,"href":"https:\/\/www.diarioimagen.net\/index.php?rest_route=\/wp\/v2\/posts\/301903\/revisions"}],"wp:featuredmedia":[{"embeddable":true,"href":"https:\/\/www.diarioimagen.net\/index.php?rest_route=\/wp\/v2\/media\/301976"}],"wp:attachment":[{"href":"https:\/\/www.diarioimagen.net\/index.php?rest_route=%2Fwp%2Fv2%2Fmedia&parent=301903"}],"wp:term":[{"taxonomy":"category","embeddable":true,"href":"https:\/\/www.diarioimagen.net\/index.php?rest_route=%2Fwp%2Fv2%2Fcategories&post=301903"},{"taxonomy":"post_tag","embeddable":true,"href":"https:\/\/www.diarioimagen.net\/index.php?rest_route=%2Fwp%2Fv2%2Ftags&post=301903"}],"curies":[{"name":"wp","href":"https:\/\/api.w.org\/{rel}","templated":true}]}}