{"id":301905,"date":"2016-12-06T00:05:13","date_gmt":"2016-12-06T06:05:13","guid":{"rendered":"http:\/\/www.diarioimagen.net\/?p=301905"},"modified":"2016-12-06T02:27:37","modified_gmt":"2016-12-06T08:27:37","slug":"en-tultepec-dan-reconocimiento-al-tesorero-municipal","status":"publish","type":"post","link":"https:\/\/www.diarioimagen.net\/?p=301905","title":{"rendered":"En Tultepec dan reconocimiento al Tesorero Municipal"},"content":{"rendered":"<p><strong><a href=\"http:\/\/www.diarioimagen.net\/?attachment_id=302032\" rel=\"attachment wp-att-302032\"><img loading=\"lazy\" decoding=\"async\" class=\"alignleft size-medium wp-image-302032\" src=\"http:\/\/www.diarioimagen.net\/wp-content\/uploads\/2016\/12\/TULTEPEC-3012-240x196.jpg\" alt=\"tultepec-3012\" width=\"240\" height=\"196\" srcset=\"https:\/\/www.diarioimagen.net\/wp-content\/uploads\/2016\/12\/TULTEPEC-3012-240x196.jpg 240w, https:\/\/www.diarioimagen.net\/wp-content\/uploads\/2016\/12\/TULTEPEC-3012-460x375.jpg 460w, https:\/\/www.diarioimagen.net\/wp-content\/uploads\/2016\/12\/TULTEPEC-3012.jpg 600w\" sizes=\"auto, (max-width: 240px) 100vw, 240px\" \/><\/a>Tultepec, Estado de M\u00e9xico.- <\/strong>Juan Carlos Ch\u00e1vez Tapia, tesorero municipal del H. Ayuntamiento de Tultepec, recibe reconocimiento por su destacada aportaci\u00f3n al sistema estatal de coordinaci\u00f3n hacendaria como vocal representante de la regi\u00f3n Valle de M\u00e9xico, ante la comisi\u00f3n permanente durante el ejercicio 2016.<\/p>\n<p>El reconocimiento lo otorgaron Joaqu\u00edn Carrillo Torres, secretario de Finanzas del gobierno del Estado de M\u00e9xico y presidente del consejo directivo, as\u00ed como Roberto Galv\u00e1n Pe\u00f1a, vocal ejecutivo de HAEM y secretario del\u00a0 Consejo Directivo. Ch\u00e1vez Tapia nuevamente destaca el dar certidumbre al buen manejo de las finanzas locales, comentaron.<\/p>\n","protected":false},"excerpt":{"rendered":"<p>Juan Carlos Ch\u00e1vez Tapia, tesorero municipal del H. Ayuntamiento de Tultepec, recibe reconocimiento por su destacada aportaci\u00f3n al sistema estatal de coordinaci\u00f3n hacendaria como vocal representante de la regi\u00f3n Valle de M\u00e9xico, ante la comisi\u00f3n permanente durante el ejercicio 2016.<\/p>\n","protected":false},"author":3,"featured_media":302032,"comment_status":"open","ping_status":"open","sticky":false,"template":"","format":"standard","meta":{"_monsterinsights_skip_tracking":false,"_monsterinsights_sitenote_active":false,"_monsterinsights_sitenote_note":"","_monsterinsights_sitenote_category":0,"footnotes":""},"categories":[35155],"tags":[43675,12862,3802],"class_list":["post-301905","post","type-post","status-publish","format-standard","has-post-thumbnail","hentry","category-estado-de-mexico-estado-de-mexico","tag-estado-de-mexico","tag-reconocimiento","tag-tultepec"],"_links":{"self":[{"href":"https:\/\/www.diarioimagen.net\/index.php?rest_route=\/wp\/v2\/posts\/301905","targetHints":{"allow":["GET"]}}],"collection":[{"href":"https:\/\/www.diarioimagen.net\/index.php?rest_route=\/wp\/v2\/posts"}],"about":[{"href":"https:\/\/www.diarioimagen.net\/index.php?rest_route=\/wp\/v2\/types\/post"}],"author":[{"embeddable":true,"href":"https:\/\/www.diarioimagen.net\/index.php?rest_route=\/wp\/v2\/users\/3"}],"replies":[{"embeddable":true,"href":"https:\/\/www.diarioimagen.net\/index.php?rest_route=%2Fwp%2Fv2%2Fcomments&post=301905"}],"version-history":[{"count":0,"href":"https:\/\/www.diarioimagen.net\/index.php?rest_route=\/wp\/v2\/posts\/301905\/revisions"}],"wp:featuredmedia":[{"embeddable":true,"href":"https:\/\/www.diarioimagen.net\/index.php?rest_route=\/wp\/v2\/media\/302032"}],"wp:attachment":[{"href":"https:\/\/www.diarioimagen.net\/index.php?rest_route=%2Fwp%2Fv2%2Fmedia&parent=301905"}],"wp:term":[{"taxonomy":"category","embeddable":true,"href":"https:\/\/www.diarioimagen.net\/index.php?rest_route=%2Fwp%2Fv2%2Fcategories&post=301905"},{"taxonomy":"post_tag","embeddable":true,"href":"https:\/\/www.diarioimagen.net\/index.php?rest_route=%2Fwp%2Fv2%2Ftags&post=301905"}],"curies":[{"name":"wp","href":"https:\/\/api.w.org\/{rel}","templated":true}]}}