{"id":301930,"date":"2016-12-06T00:04:35","date_gmt":"2016-12-06T06:04:35","guid":{"rendered":"http:\/\/www.diarioimagen.net\/?p=301930"},"modified":"2016-12-06T02:28:33","modified_gmt":"2016-12-06T08:28:33","slug":"bachillerato-preponderante-en-el-desarrollo-de-nuevas-mentalidades-jorge-olvera","status":"publish","type":"post","link":"https:\/\/www.diarioimagen.net\/?p=301930","title":{"rendered":"Bachillerato, preponderante en el desarrollo de nuevas mentalidades: Jorge Olvera"},"content":{"rendered":"<p><a href=\"http:\/\/www.diarioimagen.net\/?attachment_id=302035\" rel=\"attachment wp-att-302035\"><img loading=\"lazy\" decoding=\"async\" class=\"aligncenter size-large wp-image-302035\" src=\"http:\/\/www.diarioimagen.net\/wp-content\/uploads\/2016\/12\/UAEM-3012-460x307.jpg\" alt=\"uaem-3012\" width=\"460\" height=\"307\" srcset=\"https:\/\/www.diarioimagen.net\/wp-content\/uploads\/2016\/12\/UAEM-3012-460x307.jpg 460w, https:\/\/www.diarioimagen.net\/wp-content\/uploads\/2016\/12\/UAEM-3012-240x160.jpg 240w, https:\/\/www.diarioimagen.net\/wp-content\/uploads\/2016\/12\/UAEM-3012.jpg 700w\" sizes=\"auto, (max-width: 460px) 100vw, 460px\" \/><\/a><\/p>\n<p>&nbsp;<\/p>\n<p>El rector de la Universidad Aut\u00f3noma del Estado de M\u00e9xico, Jorge Olvera Garc\u00eda, acompa\u00f1ado del secretario general de Gobierno del Estado de M\u00e9xico, Jos\u00e9 Manzur Quiroga, coloc\u00f3 la primera piedra de la biblioteca y el consultorio m\u00e9dico e inaugur\u00f3 la ampliaci\u00f3n del Edificio \u201cI\u201d para laboratorio de usos m\u00faltiples del plantel \u201cCuauht\u00e9moc\u201d de la escuela preparatoria de la instituci\u00f3n, cuya inversi\u00f3n es de 18.5 millones de pesos.<\/p>\n<p>&nbsp;<\/p>\n","protected":false},"excerpt":{"rendered":"<p>El rector de la Universidad Aut\u00f3noma del Estado de M\u00e9xico, Jorge Olvera Garc\u00eda, acompa\u00f1ado del secretario general de Gobierno del Estado de M\u00e9xico, Jos\u00e9 Manzur Quiroga, coloc\u00f3 la primera piedra de la biblioteca y el consultorio m\u00e9dico e inaugur\u00f3 la ampliaci\u00f3n del Edificio \u201cI\u201d para laboratorio de usos m\u00faltiples del plantel \u201cCuauht\u00e9moc\u201d de la escuela preparatoria de la instituci\u00f3n, cuya inversi\u00f3n es de 18.5 millones de pesos.<\/p>\n","protected":false},"author":3,"featured_media":302035,"comment_status":"open","ping_status":"open","sticky":false,"template":"","format":"standard","meta":{"_monsterinsights_skip_tracking":false,"_monsterinsights_sitenote_active":false,"_monsterinsights_sitenote_note":"","_monsterinsights_sitenote_category":0,"footnotes":""},"categories":[35155],"tags":[43675,27015,1490],"class_list":["post-301930","post","type-post","status-publish","format-standard","has-post-thumbnail","hentry","category-estado-de-mexico-estado-de-mexico","tag-estado-de-mexico","tag-jorge-olvera-garcia","tag-universidad-autonoma-del-estado-de-mexico"],"_links":{"self":[{"href":"https:\/\/www.diarioimagen.net\/index.php?rest_route=\/wp\/v2\/posts\/301930","targetHints":{"allow":["GET"]}}],"collection":[{"href":"https:\/\/www.diarioimagen.net\/index.php?rest_route=\/wp\/v2\/posts"}],"about":[{"href":"https:\/\/www.diarioimagen.net\/index.php?rest_route=\/wp\/v2\/types\/post"}],"author":[{"embeddable":true,"href":"https:\/\/www.diarioimagen.net\/index.php?rest_route=\/wp\/v2\/users\/3"}],"replies":[{"embeddable":true,"href":"https:\/\/www.diarioimagen.net\/index.php?rest_route=%2Fwp%2Fv2%2Fcomments&post=301930"}],"version-history":[{"count":0,"href":"https:\/\/www.diarioimagen.net\/index.php?rest_route=\/wp\/v2\/posts\/301930\/revisions"}],"wp:featuredmedia":[{"embeddable":true,"href":"https:\/\/www.diarioimagen.net\/index.php?rest_route=\/wp\/v2\/media\/302035"}],"wp:attachment":[{"href":"https:\/\/www.diarioimagen.net\/index.php?rest_route=%2Fwp%2Fv2%2Fmedia&parent=301930"}],"wp:term":[{"taxonomy":"category","embeddable":true,"href":"https:\/\/www.diarioimagen.net\/index.php?rest_route=%2Fwp%2Fv2%2Fcategories&post=301930"},{"taxonomy":"post_tag","embeddable":true,"href":"https:\/\/www.diarioimagen.net\/index.php?rest_route=%2Fwp%2Fv2%2Ftags&post=301930"}],"curies":[{"name":"wp","href":"https:\/\/api.w.org\/{rel}","templated":true}]}}