{"id":301974,"date":"2016-12-06T00:08:47","date_gmt":"2016-12-06T06:08:47","guid":{"rendered":"http:\/\/www.diarioimagen.net\/?p=301974"},"modified":"2016-12-07T00:07:11","modified_gmt":"2016-12-07T06:07:11","slug":"los-que-faltan-%e2%80%a2-i","status":"publish","type":"post","link":"https:\/\/www.diarioimagen.net\/?p=301974","title":{"rendered":"Los que faltan \u2022 I"},"content":{"rendered":"<h2>De frente y de perfil<\/h2>\n<h5>Ram\u00f3n Zurita Sahag\u00fan<\/h5>\n<p>&nbsp;<\/p>\n<div id=\"attachment_302039\" style=\"width: 470px\" class=\"wp-caption aligncenter\"><a href=\"http:\/\/www.diarioimagen.net\/?attachment_id=302039\" rel=\"attachment wp-att-302039\"><img loading=\"lazy\" decoding=\"async\" aria-describedby=\"caption-attachment-302039\" class=\"size-large wp-image-302039\" src=\"http:\/\/www.diarioimagen.net\/wp-content\/uploads\/2016\/12\/ZURITA-3012-460x259.jpg\" alt=\"Rafael Moreno Valle solamente espera el t\u00e9rmino de su gesti\u00f3n, para meter el acelerador y desplazar a sus adversarios internos, en busca de la nominaci\u00f3n presidencial.\" width=\"460\" height=\"259\" srcset=\"https:\/\/www.diarioimagen.net\/wp-content\/uploads\/2016\/12\/ZURITA-3012-460x259.jpg 460w, https:\/\/www.diarioimagen.net\/wp-content\/uploads\/2016\/12\/ZURITA-3012-240x135.jpg 240w, https:\/\/www.diarioimagen.net\/wp-content\/uploads\/2016\/12\/ZURITA-3012-235x132.jpg 235w, https:\/\/www.diarioimagen.net\/wp-content\/uploads\/2016\/12\/ZURITA-3012-202x114.jpg 202w, https:\/\/www.diarioimagen.net\/wp-content\/uploads\/2016\/12\/ZURITA-3012-350x196.jpg 350w, https:\/\/www.diarioimagen.net\/wp-content\/uploads\/2016\/12\/ZURITA-3012-220x123.jpg 220w, https:\/\/www.diarioimagen.net\/wp-content\/uploads\/2016\/12\/ZURITA-3012-237x132.jpg 237w, https:\/\/www.diarioimagen.net\/wp-content\/uploads\/2016\/12\/ZURITA-3012.jpg 480w\" sizes=\"auto, (max-width: 460px) 100vw, 460px\" \/><\/a><p id=\"caption-attachment-302039\" class=\"wp-caption-text\">Rafael Moreno Valle solamente espera el t\u00e9rmino de su gesti\u00f3n, para meter el acelerador y desplazar a sus adversarios internos, en busca de la nominaci\u00f3n presidencial.<\/p><\/div>\n<p>&nbsp;<\/p>\n<p>De los doce estados que realizaron comicios el pasado cinco de junio, nueve de ellos ya estrenaron gobernantes y tres faltan por hacerlo, aunque ser\u00e1 ya en pleno 2017.<\/p>\n<p>De esas tres entidades, solamente una de ellas (Sinaloa) opt\u00f3 por la alternancia, mientras que las restantes dos (Puebla y Tlaxcala), refrendaron al partido gobernante.<\/p>\n<p>Lo hicieron porque los actuales gobiernos no han sido tan malos como en los otros estados, no porque las administraciones de Rafael Moreno Valle y Mariano Gonz\u00e1lez Zarur sean dignas de reconocimiento alguno, sino porque simplemente en el caso del segundo fue tan anodino que esperan les vaya mejor con el nuevo gobernador.<\/p>\n<p>En Puebla, Moreno Valle bas\u00f3 su gobierno en dos tiempos: el primero en embellecer la parte elegante de la capital y sus municipios aleda\u00f1os y el segundo en promoverse para su fin futuro, la candidatura presidencial de su partido.<\/p>\n<p>Y es que Moreno Valle solamente espera el t\u00e9rmino de su gesti\u00f3n, para meter el acelerador y desplazar a sus adversarios internos en busca de la nominaci\u00f3n presidencial.<\/p>\n<p>El todav\u00eda gobernador de Puebla quedar\u00e1 libre de su actual encomienda el primero de febrero, tomar\u00e1 unos d\u00edas de descanso y a recorrer el pa\u00eds, mediante una nueva estrategia, dise\u00f1ada por su secretario de Gobierno, Di\u00f3doro Carrasco Altamirano.<\/p>\n<p>Moreno Valle sabe que tiene todo a su favor, para desplazar a Margarita Zavala G\u00f3mez del Campo y Ricardo Anaya Cort\u00e9s de la candidatura de su partido y que solamente es cuesti\u00f3n de tiempo, para conseguirlo.<\/p>\n<p>Ambos, Margarita y Ricardo se han venido desdibujando en su prop\u00f3sito, mientras que Rafael saldr\u00e1 con un buen rendimiento de cuentas de su administraci\u00f3n.<\/p>\n<p>Por eso, eligi\u00f3 a Antonio (Tony) Gali Fayad como su sucesor, el que le cubrir\u00e1 las espaldas en los agujeros que puedan detectarse dentro del gobierno morenovallista.<\/p>\n<p>Gali fue su secretario de Obras y alcalde de la capital del estado y uno de los principales impulsores de la candidatura de Moreno Valle al gobierno estatal.<\/p>\n<p>La tarea futura de Rafael ser\u00e1 la de recorrer el pa\u00eds (lo ha venido haciendo) volverse una figura popular, aunque no lo necesita, por lo pronto, ya que dentro de su partido las reglas establecidas hacen saber que el candidato surgir\u00e1 de una elecci\u00f3n interna en la que participan solamente los militantes del partido.<\/p>\n<p>En ese rubro es donde se puede beneficiar el gobernador de Puebla, con todo y que es un panista qu\u00edmicamente puro.<\/p>\n<p>Rafael Moreno Valle es nieto de un ex gobernador de Puebla, militante del PRI, ex secretario de Salud y cercano al afecto del entonces Presidente Gustavo D\u00edaz Ordaz.<\/p>\n<p>Creci\u00f3 en el seno de una familia de prosapia pri\u00edsta y as\u00ed se form\u00f3, ya que \u00e9l mismo fue militante del tricolor y secretario estatal de Finanzas en Puebla, en la gesti\u00f3n de Melqu\u00edades Morales Flores y diputado federal en la LIX legislatura, donde se vincul\u00f3 en forma cercana a Elba Esther Gordillo, su primer coordinador en la C\u00e1mara de Diputados.<\/p>\n<p>Desde ah\u00ed busc\u00f3, con el apoyo del gobernador Morales Flores, ser el candidato del PRI y al no conseguirlo se aisl\u00f3 de su partido y dos a\u00f1os despu\u00e9s se convirti\u00f3 en candidato del PAN al Senado de la Rep\u00fablica.<\/p>\n<p>La permuta realizada por Moreno Valle le convino al PAN, ya que gan\u00f3 el Senado de mayor\u00eda como primero en la f\u00f3rmula, aunque provoc\u00f3 la fractura interna del partido en el estado.<\/p>\n<p>Cuatro a\u00f1os m\u00e1s tarde fue el abanderado de su partido al gobierno estatal y lo gan\u00f3 con amplitud, apoyado por la mala imagen del entonces gobernante Mario Mar\u00edn Torres.<\/p>\n<p>Lo primero que hizo como gobernante fue rodearse de consejeros que moldearan su figura y su programa de trabajo, por lo que se hizo de personajes de todas las filiaciones posibles.<\/p>\n<p>Di\u00f3doro Carrasco, ex gobernador de Oaxaca, ex secretario de Gobernaci\u00f3n, ex senador de la Rep\u00fablica; Luis Maldonado Venegas, ex subsecretario de Gobernaci\u00f3n, ex dirigente nacional de Movimiento Ciudadano, ex senador y actual diputado federal del PRD son parte esencial, de ese grupo de asesores, donde hay una gran maquinaria, en la que incluso estuvo el despacho del hoy subsecretario de Educaci\u00f3n P\u00fablica, Otto Granados Rold\u00e1n, asesorando en imagen y estrategia.<\/p>\n<p>Para Moreno Valle las cosas parecen acomodarse, toda vez que Margarita Zavala, simplemente no puede pasar la aduana interna de su partido, con todo y que una serie de encuestas (algunos las catalogan como hechas \u00a0a modo) le favorecen y por mucho en las preferencias ciudadanas, abiertas al electorado.<\/p>\n<p>Ricardo Anaya el otro aspirante panista de peso es sumamente cuestionado por la acumulaci\u00f3n de una inmensa fortuna surgida al amparo del poder p\u00fablico, aunque el intenta justificarla, sin conseguirlo.<\/p>\n<p>El dirigente nacional panista era una joven figura de su partido, catalogada con mucho futuro, con verborrea para el debate que hab\u00eda sorprendido dentro y fuera del partido, cuando s\u00fabitamente se desplom\u00f3, al saberse que cuenta con una fortuna personal (suya y de su esposa) cercana a los cien millones de pesos.<\/p>\n<p>Al saberse la noticia, Anaya Cort\u00e9s, trat\u00f3 de justificarla con un esquema financiero que no logra ser comprendido del todo y solamente consigui\u00f3 enredar m\u00e1s las cosas.<\/p>\n<p>Tampoco el por qu\u00e9 sus hijos fueron llevados a estudiar al extranjero, con todo y sus explicaciones de darle una mejor oportunidad, siendo que \u00e9l mismo quiere gobernar un pa\u00eds, en que la violencia y la inseguridad genera temor hasta en los pol\u00edticos de alto nivel.<\/p>\n<p>Ahora surgi\u00f3 el nombre de Ernesto Ruffo Appel, como otro contendiente a la nominaci\u00f3n presidencial, el que abordaremos ma\u00f1ana.<\/p>\n<p><em><a href=\"mailto:ramonzurita44@hotmail.com\" target=\"_blank\">ramonzurita44@hotmail.com<\/a><\/em><br \/>\n<a href=\"mailto:%20zurita_sahagun@hotmail.com\" target=\"_blank\"><em>zurita_sahagun@hotmail.com<\/em><\/a><\/p>\n<p>&nbsp;<\/p>\n","protected":false},"excerpt":{"rendered":"<p><span style=\"color: #005497;\"><strong>Ram\u00f3n Zurita Sahag\u00fan<\/strong><\/span><br \/>\n<br \/>\nDe los doce estados que realizaron comicios el pasado cinco de junio, nueve de ellos ya estrenaron gobernantes y tres faltan por hacerlo, aunque ser\u00e1 ya en pleno 2017.<\/p>\n","protected":false},"author":3,"featured_media":302039,"comment_status":"open","ping_status":"open","sticky":false,"template":"","format":"standard","meta":{"_monsterinsights_skip_tracking":false,"_monsterinsights_sitenote_active":false,"_monsterinsights_sitenote_note":"","_monsterinsights_sitenote_category":0,"footnotes":""},"categories":[234],"tags":[304,43674,43687],"class_list":["post-301974","post","type-post","status-publish","format-standard","has-post-thumbnail","hentry","category-ramon-zurita-sahagun","tag-de-frente-y-de-perfil","tag-opinion","tag-ramon-zurita-sahagun"],"_links":{"self":[{"href":"https:\/\/www.diarioimagen.net\/index.php?rest_route=\/wp\/v2\/posts\/301974","targetHints":{"allow":["GET"]}}],"collection":[{"href":"https:\/\/www.diarioimagen.net\/index.php?rest_route=\/wp\/v2\/posts"}],"about":[{"href":"https:\/\/www.diarioimagen.net\/index.php?rest_route=\/wp\/v2\/types\/post"}],"author":[{"embeddable":true,"href":"https:\/\/www.diarioimagen.net\/index.php?rest_route=\/wp\/v2\/users\/3"}],"replies":[{"embeddable":true,"href":"https:\/\/www.diarioimagen.net\/index.php?rest_route=%2Fwp%2Fv2%2Fcomments&post=301974"}],"version-history":[{"count":0,"href":"https:\/\/www.diarioimagen.net\/index.php?rest_route=\/wp\/v2\/posts\/301974\/revisions"}],"wp:featuredmedia":[{"embeddable":true,"href":"https:\/\/www.diarioimagen.net\/index.php?rest_route=\/wp\/v2\/media\/302039"}],"wp:attachment":[{"href":"https:\/\/www.diarioimagen.net\/index.php?rest_route=%2Fwp%2Fv2%2Fmedia&parent=301974"}],"wp:term":[{"taxonomy":"category","embeddable":true,"href":"https:\/\/www.diarioimagen.net\/index.php?rest_route=%2Fwp%2Fv2%2Fcategories&post=301974"},{"taxonomy":"post_tag","embeddable":true,"href":"https:\/\/www.diarioimagen.net\/index.php?rest_route=%2Fwp%2Fv2%2Ftags&post=301974"}],"curies":[{"name":"wp","href":"https:\/\/api.w.org\/{rel}","templated":true}]}}