{"id":302080,"date":"2016-12-06T23:50:59","date_gmt":"2016-12-07T05:50:59","guid":{"rendered":"http:\/\/www.diarioimagen.net\/?p=302080"},"modified":"2016-12-07T00:44:33","modified_gmt":"2016-12-07T06:44:33","slug":"nelson-granados-recibe-luminaria-de-oro","status":"publish","type":"post","link":"https:\/\/www.diarioimagen.net\/?p=302080","title":{"rendered":"Nelson Granados recibe Luminaria de Oro"},"content":{"rendered":"<ul>\n<li><em><strong>Incursiona en la m\u00fasica regional mexicana con su nueva producci\u00f3n titulada \u00abSunguirirungui\u00bb, que ha logrado el \u00e9xito en varios estados<\/strong><\/em><\/li>\n<\/ul>\n<p>&nbsp;<\/p>\n<div id=\"attachment_302081\" style=\"width: 430px\" class=\"wp-caption aligncenter\"><a href=\"http:\/\/www.diarioimagen.net\/?attachment_id=302081\" rel=\"attachment wp-att-302081\"><img loading=\"lazy\" decoding=\"async\" aria-describedby=\"caption-attachment-302081\" class=\"wp-image-302081\" src=\"http:\/\/www.diarioimagen.net\/wp-content\/uploads\/2016\/12\/nelson-granados-POORTAL-368x460.jpg\" alt=\"Nelson Granados se distingue por su versatilidad musical, arreglista y cantautor, ya que toca todos los instrumentos en sus propias grabaciones.\" width=\"420\" height=\"525\" srcset=\"https:\/\/www.diarioimagen.net\/wp-content\/uploads\/2016\/12\/nelson-granados-POORTAL-368x460.jpg 368w, https:\/\/www.diarioimagen.net\/wp-content\/uploads\/2016\/12\/nelson-granados-POORTAL-192x240.jpg 192w, https:\/\/www.diarioimagen.net\/wp-content\/uploads\/2016\/12\/nelson-granados-POORTAL.jpg 700w\" sizes=\"auto, (max-width: 420px) 100vw, 420px\" \/><\/a><p id=\"caption-attachment-302081\" class=\"wp-caption-text\">Nelson Granados se distingue por su versatilidad musical, arreglista y cantautor, ya que toca todos los instrumentos en sus propias grabaciones.<\/p><\/div>\n<p>&nbsp;<\/p>\n<p>Nelson Granados recibi\u00f3 Luminaria de Oro en Galer\u00edas Plaza de las Estrellas por su exitoso CD titulado \u201cMi objetivo\u201d, donde se desprende el \u00e9xito \u201cSunguirirungui\u201d siendo su padrino en la Ciudad de M\u00e9xico, el reconocido conductor, periodista y director general de Galer\u00edas Plaza de las Estrellas, Edoardo Narv\u00e1ez, que actuar\u00e1 en el pr\u00f3ximo video del cantautor Nelson Granado en el tema musical \u201cC\u00f3mo no voy a quererte\u201d y la actriz Ileana Oseguera Pardo, que se grabar\u00e1 en Guadalajara, Jalisco.<\/p>\n<p>Nelson Granados es un joven cantautor\u00a0nacido el 4 de octubre de 1994 en el centroamericano pa\u00eds de El Salvador, actualmente nacionalizado mexicano y residente\u00a0en Guadalajara, Jalisco. La m\u00fasica y el canto, herencia recibida por su se\u00f1or padre, fueron elementos claves en su vida desde muy ni\u00f1o, Nelson Granados le canta al amor, al desamor y a la vida, as\u00ed como a los recursos naturales.<\/p>\n<p>Disfrut\u00f3 su ni\u00f1ez cantando en restaurantes escuelas , eventos en su pa\u00eds en la cual le llev\u00f3 a participar en el <em>show <\/em>S\u00e1bado Gigante con \u201cDon Francisco\u201d, ganando el primer lugar y sus primeros mil d\u00f3lares en el concurso Mr. Chiquillo, a pesar que s\u00f3lo era un ni\u00f1o muy peque\u00f1o el talento pronto lo hizo notar present\u00e1ndose en eventos muy importantes en su pa\u00eds, Ecuador y en Guatemala, compartiendo escenario en conciertos con grandes artistas como David Bisbal, Los Temerarios, Tatiana, Daniela Luj\u00e1n, lo mismo que en Los \u00c1ngeles, California, con Aniceto Molina y \u00c1lvaro Torres, lo cual en el aquel tiempo el alcalde Los \u00c1ngeles, California, Antonio Villaraigosa, le otorg\u00f3 el reconocimiento por ser un gran representante de su pa\u00eds en el extranjero, tambi\u00e9n particip\u00f3 varias veces en el Telet\u00f3n y ahora estar\u00e1 en Guadalajara. Con el paso del tiempo su talento fue creciendo a\u00fan m\u00e1s, aprendiendo a tocar varios instrumentos, tambi\u00e9n desarroll\u00f3 nuevas actitudes como la composici\u00f3n, m\u00e1s adelante dio a conocer el \u00e1lbum \u201cEl diario de un sue\u00f1o\u201d promocionando sus temas titulados \u201cMi coraz\u00f3n\u201d y \u201cAmor prohibido\u201d relanzando su primer gira en la Rep\u00fablica mexicana, el talento era nato y pose\u00eda un don, ya que con mucha facilidad pod\u00eda tocar los instrumentos, componer y cantar .<\/p>\n<p>En este 2016 ha incursionado en la m\u00fasica regional mexicana con su nueva producci\u00f3n titulada \u201cSunguirirungui\u201d que ha logrado el \u00e9xito en varios partes, como Guadalajara, Michoac\u00e1n, Sinaloa y gran parte de la Rep\u00fablica mexicana, as\u00ed como en la Uni\u00f3n Americana, donde muy pronto estar\u00e1 en un especial con su padrino \u201cDon Francisco\u201d en S\u00e1bado Gigante.<\/p>\n<p>Nelson Granados se distingue por su versatilidad musical, arreglista y cantautor, toca todos los instrumentos en sus propias grabaciones. Nelson Granados es un gran int\u00e9rprete de nuestra m\u00fasica.<\/p>\n","protected":false},"excerpt":{"rendered":"<p>Nelson Granados recibi\u00f3 Luminaria de Oro en Galer\u00edas Plaza de las Estrellas por su exitoso CD titulado \u201cMi objetivo\u201d, donde se desprende el \u00e9xito \u201cSunguirirungui\u201d siendo su padrino en la Ciudad de M\u00e9xico, el reconocido conductor, periodista y director general de Galer\u00edas Plaza de las Estrellas, Edoardo Narv\u00e1ez, que actuar\u00e1 en el pr\u00f3ximo video del cantautor Nelson Granado en el tema musical \u201cC\u00f3mo no voy a quererte\u201d y la actriz Ileana Oseguera Pardo, que se grabar\u00e1 en Guadalajara, Jalisco.<\/p>\n","protected":false},"author":5,"featured_media":302082,"comment_status":"open","ping_status":"open","sticky":false,"template":"","format":"standard","meta":{"_monsterinsights_skip_tracking":false,"_monsterinsights_sitenote_active":false,"_monsterinsights_sitenote_note":"","_monsterinsights_sitenote_category":0,"footnotes":""},"categories":[17,12],"tags":[33755,52117],"class_list":["post-302080","post","type-post","status-publish","format-standard","has-post-thumbnail","hentry","category-especiales","category-espectaculos","tag-galerias-plaza-de-las-estrellas","tag-luminaria-de-oro"],"_links":{"self":[{"href":"https:\/\/www.diarioimagen.net\/index.php?rest_route=\/wp\/v2\/posts\/302080","targetHints":{"allow":["GET"]}}],"collection":[{"href":"https:\/\/www.diarioimagen.net\/index.php?rest_route=\/wp\/v2\/posts"}],"about":[{"href":"https:\/\/www.diarioimagen.net\/index.php?rest_route=\/wp\/v2\/types\/post"}],"author":[{"embeddable":true,"href":"https:\/\/www.diarioimagen.net\/index.php?rest_route=\/wp\/v2\/users\/5"}],"replies":[{"embeddable":true,"href":"https:\/\/www.diarioimagen.net\/index.php?rest_route=%2Fwp%2Fv2%2Fcomments&post=302080"}],"version-history":[{"count":0,"href":"https:\/\/www.diarioimagen.net\/index.php?rest_route=\/wp\/v2\/posts\/302080\/revisions"}],"wp:featuredmedia":[{"embeddable":true,"href":"https:\/\/www.diarioimagen.net\/index.php?rest_route=\/wp\/v2\/media\/302082"}],"wp:attachment":[{"href":"https:\/\/www.diarioimagen.net\/index.php?rest_route=%2Fwp%2Fv2%2Fmedia&parent=302080"}],"wp:term":[{"taxonomy":"category","embeddable":true,"href":"https:\/\/www.diarioimagen.net\/index.php?rest_route=%2Fwp%2Fv2%2Fcategories&post=302080"},{"taxonomy":"post_tag","embeddable":true,"href":"https:\/\/www.diarioimagen.net\/index.php?rest_route=%2Fwp%2Fv2%2Ftags&post=302080"}],"curies":[{"name":"wp","href":"https:\/\/api.w.org\/{rel}","templated":true}]}}