{"id":302132,"date":"2016-12-07T00:01:08","date_gmt":"2016-12-07T06:01:08","guid":{"rendered":"http:\/\/www.diarioimagen.net\/?p=302132"},"modified":"2016-12-07T04:40:25","modified_gmt":"2016-12-07T10:40:25","slug":"por-segundo-ano-consecutivo-interjet-y-jack-daniels-se-unen-para-ofrecer-durante-diciembre-el-jacks-fest","status":"publish","type":"post","link":"https:\/\/www.diarioimagen.net\/?p=302132","title":{"rendered":"Por segundo a\u00f1o consecutivo, Interjet y Jack Daniel\u2019s se unen para ofrecer durante diciembre el \u2018Jack\u2019s Fest"},"content":{"rendered":"<h2>De cinco estrellas<\/h2>\n<h5>Victoria Gonz\u00e1lez Prado<\/h5>\n<p><strong>\u00a0<\/strong><\/p>\n<ul>\n<li><em><strong>Fernando Olivera Rocha, secretario de Turismo de Guanajuato, inaugur\u00f3 el Festival del Agave en el Parque Guanajuato Bicentenario<\/strong><\/em><\/li>\n<\/ul>\n<p>&nbsp;<\/p>\n<div id=\"attachment_302218\" style=\"width: 470px\" class=\"wp-caption aligncenter\"><a href=\"http:\/\/www.diarioimagen.net\/?attachment_id=302218\" rel=\"attachment wp-att-302218\"><img loading=\"lazy\" decoding=\"async\" aria-describedby=\"caption-attachment-302218\" class=\"size-large wp-image-302218\" src=\"http:\/\/www.diarioimagen.net\/wp-content\/uploads\/2016\/12\/turismo-3013-460x303.jpg\" alt=\"Ellos no tuvieron fr\u00edo, Carlos Romero, Francisco Arias y Miguel Carrillo. (Foto: Jaime Arroyo Ol\u00edn).\" width=\"460\" height=\"303\" srcset=\"https:\/\/www.diarioimagen.net\/wp-content\/uploads\/2016\/12\/turismo-3013-460x303.jpg 460w, https:\/\/www.diarioimagen.net\/wp-content\/uploads\/2016\/12\/turismo-3013-240x158.jpg 240w, https:\/\/www.diarioimagen.net\/wp-content\/uploads\/2016\/12\/turismo-3013-768x506.jpg 768w, https:\/\/www.diarioimagen.net\/wp-content\/uploads\/2016\/12\/turismo-3013.jpg 800w\" sizes=\"auto, (max-width: 460px) 100vw, 460px\" \/><\/a><p id=\"caption-attachment-302218\" class=\"wp-caption-text\">Ellos no tuvieron fr\u00edo, Carlos Romero, Francisco Arias y Miguel Carrillo. (Foto: Jaime Arroyo Ol\u00edn).<\/p><\/div>\n<p>&nbsp;<\/p>\n<p>Por segundo a\u00f1o consecutivo Interjet y\u00a0<em>Jack Daniel\u2019s<\/em>\u00a0se unen para ofrecer durante el mes de diciembre la edici\u00f3n del\u00a0<em>\u2018Jack\u2019s Fest\u2019<\/em>, ofreciendo degustaciones de algunas de sus m\u00e1s representativas expresiones a bordo de todos los vuelos nacionales e internacionales de la l\u00ednea a\u00e9rea.<\/p>\n<p>En conferencia de prensa, en un lugar que pareciera estar en el \u00c1rtico, con paredes de hielo, sillones estilo provenzal, barra, logotipos de las marcas Interjet,\u00a0<em>Jack Daniel\u2019s<\/em>\u00a0y\u00a0<em>Jack\u2019s Fest,<\/em>\u00a0nos reunimos en un igl\u00fa absolutamente de hielo, helado pero eso s\u00ed, con excelentes abrigos para no pasar fr\u00edo.<\/p>\n<p><strong>Francisco Arias<\/strong>, gerente de Servicios a Clientes de Interjet dijo: \u201cdiciembre es un mes en el que todos tenemos alg\u00fan motivo para celebrar, en el caso de nosotros, como aerol\u00ednea es representativo, pues cumplimos 11 a\u00f1os de esfuerzos, por lo que el\u00a0<em>Jack\u2019s Fest<\/em>\u00a0se suma de manera perfecta a nuestras celebraciones de aniversario. Agradecemos a\u00a0<em>Jack Daniel\u2019s<\/em>\u00a0por acompa\u00f1arnos en esta iniciativa, que estamos seguros complementar\u00e1 la mejor experiencia de viaje para nuestros usuarios. Los pasajeros de los m\u00e1s de 300 vuelos diarios de Interjet, podr\u00e1n disfrutar de\u00a0<em>Jack Daniel\u2019s Tennessee Whisky Old No 7, Gentleman Jack<\/em>\u00a0y\u00a0<em>Jack Daniel\u2019s<\/em>\u00a0<em>Tennessee Honey\u201d<\/em>.<\/p>\n<p><strong>Arias <\/strong>tambi\u00e9n indic\u00f3 que la compa\u00f1\u00eda a\u00e9rea es la aerol\u00ednea de M\u00e9xico \u201ctodo incluido\u201d que ofrece el mayor espacio entre asientos de la industria y la posibilidad de documentar hasta 50 kilos de equipaje sin cargo adicional o hasta 75 kilos en clase\u00a0<em>Priority\u00a0<\/em>en el que se puede incluir equipo deportivo o mascotas. Todos sus vuelos cuentan con servicio de\u00a0<em>snacks<\/em>\u00a0y bebidas de manera gratuita, as\u00ed como un ba\u00f1o exclusivo para mujeres y un descuento permanente para adultos mayores.<\/p>\n<p>Cuenta con una flota de 70 aeronaves y atiende 53 destinos, 37 de ellos en M\u00e9xico y 16 internacionales: En la Uni\u00f3n Americana, Dallas-Fort Worth, Houston, Las Vegas, Los \u00c1ngeles, Miami, Nueva York, San Antonio y Orlando-Sanford, En Cuba, La Habana, Santa Clara y Varadero. Bogot\u00e1, San Jos\u00e9 de Costa Rica, Guatemala y Lima, Per\u00fa.<\/p>\n<p>Por su parte, <strong>Carlos Romero<\/strong>,<em> Brands Sr. Manager<\/em>\u00a0 indic\u00f3,\u00a0 \u201cel\u00a0<em>Jack\u2019s Fest<\/em>\u00a0es la manera perfecta para cerrar un a\u00f1o de celebraciones. Dentro del marco del 150 aniversario de la destiler\u00eda\u00a0nos complace poder colaborar con la l\u00ednea a\u00e9rea ofrecer a los viajeros y amantes del\u00a0<em>whisky<\/em>\u00a0una experiencia muy al estilo de Mr. <strong>Jack<\/strong>. Creemos, que al igual de\u00a0<em>Jack Danie\u2019s,\u00a0<\/em>Interjet destaca por su calidad y por la b\u00fasqueda constante por hacer mejor las cosas cada d\u00eda. Es por eso que esta iniciativa representa lo mejor de ambas marcas.<\/p>\n<p><strong>Romero <\/strong>tambi\u00e9n explic\u00f3 que el ic\u00f3nico\u00a0<em>Jack Daniel`s Old No 7<\/em>\u00a0es suavizado gota a gota mediante tres metros de carb\u00f3n de maple y madurado en barricas previamente elaboradas le da su sabor y aroma caracter\u00edstico. <em>Gentleman Jack,<\/em> es \u00fanico whisky en el mundo con un doble suavizado por medio de tres metros de carb\u00f3n de maple proceso que le da mayor suavidad y notas excepcionales.<\/p>\n<p>Adem\u00e1s, dijo, se contar\u00e1 con el m\u00e1s reciente\u00a0<em>whisey<\/em>\u00a0de la familia,\u00a0<em>Jack Daniel`s Tennessee Honey<\/em>,\u00a0con un toque de miel.<\/p>\n<p>Y por \u00faltimo habr\u00e1 la opci\u00f3n de disfrutar de sus productos dentro de la categor\u00eda RTD`s (<em>Ready to Drink<\/em>), dos mezclas cl\u00e1sicas para tomarse en versiones enlatadas: J<em>ack &amp; Cola<\/em>\u00a0y\u00a0<em>Jack &amp; Ginger.<\/em><\/p>\n<p>\u2730\u2730\u2730\u2730\u2730 El cuarto Festival del Agave tuvo lugar los d\u00edas 3 y 4 de diciembre en el Parque Guanajuato Bicentenario. <strong>Fernando Olivera Rocha<\/strong>, secretario de Turismo, acompa\u00f1ado del subsecretario de Promoci\u00f3n Tur\u00edstica, <strong>Octavio Aguilar Mata,<\/strong> encabez\u00f3 el corte del list\u00f3n y recorri\u00f3 los stands donde participaron m\u00e1s de 27 productores de tequila y derivados del agave, ocho Cocineras Tradicionales y seis restaurantes.<\/p>\n<p>El Festival del Agave es gastron\u00f3mico y cultural organizado por la Secretar\u00eda de Turismo del estado de Guanajuato, que tiene por objetivo contribuir al desarrollo y la promoci\u00f3n de la cultura y tradiciones en torno al Agave y sus productos como fuente esencial para detonar experiencias tur\u00edsticas en algunos municipios de la entidad<\/p>\n<p>En esta edici\u00f3n se present\u00f3 un nuevo formato, adem\u00e1s de los productos tradicionales tequila, mezcal y destilados, participaron tambi\u00e9n otras bebidas elaboradas con agave como el pulque, cremas, licores y otros productos para consumo y salud.<\/p>\n<p>El programa de actividades incluy\u00f3 catas, barra de mixolog\u00eda denominada \u201chijos del agave\u201d, \u00e1rea de sensibilizaci\u00f3n, demostraci\u00f3n de proceso de jima y muestras de agave cocido a cargo de la destiler\u00eda de <strong>Mar\u00eda de la Paz<\/strong> y demostraci\u00f3n del proceso y las caracter\u00edsticas del pulque a cargo de Exhacienda Ca\u00f1ada de Ortega de Salamanca.<\/p>\n<p>Tambi\u00e9n, demostraci\u00f3n del proceso de destilaci\u00f3n a cargo de <strong>Juan Antonio Castellanos Cardona<\/strong> de Mezcal Cuanax, demostraci\u00f3n de mixolog\u00eda a cargo de <strong>Javier Alejandro<\/strong> del Mezcal Jaral de Berrios.<\/p>\n<p>La ambientaci\u00f3n musical estuvo a cargo del Mariachi Femenil Azucenas de Le\u00f3n, la Compa\u00f1\u00eda de Danza Folkl\u00f3rica de Silao y la Banda Salvaterrense, asimismo se presentaron grupos art\u00edstico culturales de la Casa de la Cultura Poeta Antonio Plaza del municipio de Apaseo el Grande y de la ciudad de Salamanca.<\/p>\n<p>En esta edici\u00f3n el mercado ofreci\u00f3 alimentos y bebidas, textiles, artesan\u00edas y productos alternativos provenientes de los municipios de San Miguel de Allende, Irapuato, Guanajuato, Le\u00f3n, entre otros.<\/p>\n<p>Es importante mencionar que a partir del 21 de diciembre al 1 de enero de 2017 los visitantes a Parque Guanajuato Bicentenario encontrar\u00e1n el Mercado Artesanal y Gastron\u00f3mico, que tiene como objetivo explotar el aporte cultural de la entidad e impulsar a los productores guanajuatenses mediante espacios donde puedan exponer el producto que elaboran.<\/p>\n<p>Los horarios de Parque Guanajuato Bicentenario en esta temporada ser\u00e1n de lunes a domingo de 10:00 am a 8:00 pm. Los d\u00edas 24 y 31 de diciembre el Parque permanecer\u00e1 cerrado.<\/p>\n<p>Los costos de entrada a Parque Guanajuato Bicentenario son: ni\u00f1os 10 pesos, adultos 25 pesos e INAPAM 10 pesos.<\/p>\n<p><em><a href=\"mailto:victoriagprado@gmail.com\" target=\"_blank\">victoriagprado@gmail.com<\/a><\/em><br \/>\n<em> Twitter: <a href=\"https:\/\/twitter.com\/victoriagprado\" target=\"_blank\">@victoriagprado<\/a><\/em><\/p>\n","protected":false},"excerpt":{"rendered":"<p>Por segundo a\u00f1o consecutivo Interjet y Jack Daniel\u2019s se unen para ofrecer durante el mes de diciembre la edici\u00f3n del \u2018Jack\u2019s Fest\u2019, ofreciendo degustaciones de algunas de sus m\u00e1s representativas expresiones a bordo de todos los vuelos nacionales e internacionales de la l\u00ednea a\u00e9rea.<\/p>\n","protected":false},"author":3,"featured_media":302218,"comment_status":"open","ping_status":"open","sticky":false,"template":"","format":"standard","meta":{"_monsterinsights_skip_tracking":false,"_monsterinsights_sitenote_active":false,"_monsterinsights_sitenote_note":"","_monsterinsights_sitenote_category":0,"footnotes":""},"categories":[11],"tags":[107,43674,43681,106],"class_list":["post-302132","post","type-post","status-publish","format-standard","has-post-thumbnail","hentry","category-turismo","tag-de-cinco-estrellas","tag-opinion","tag-turismo","tag-victoria-gonzalez-prado"],"_links":{"self":[{"href":"https:\/\/www.diarioimagen.net\/index.php?rest_route=\/wp\/v2\/posts\/302132","targetHints":{"allow":["GET"]}}],"collection":[{"href":"https:\/\/www.diarioimagen.net\/index.php?rest_route=\/wp\/v2\/posts"}],"about":[{"href":"https:\/\/www.diarioimagen.net\/index.php?rest_route=\/wp\/v2\/types\/post"}],"author":[{"embeddable":true,"href":"https:\/\/www.diarioimagen.net\/index.php?rest_route=\/wp\/v2\/users\/3"}],"replies":[{"embeddable":true,"href":"https:\/\/www.diarioimagen.net\/index.php?rest_route=%2Fwp%2Fv2%2Fcomments&post=302132"}],"version-history":[{"count":0,"href":"https:\/\/www.diarioimagen.net\/index.php?rest_route=\/wp\/v2\/posts\/302132\/revisions"}],"wp:featuredmedia":[{"embeddable":true,"href":"https:\/\/www.diarioimagen.net\/index.php?rest_route=\/wp\/v2\/media\/302218"}],"wp:attachment":[{"href":"https:\/\/www.diarioimagen.net\/index.php?rest_route=%2Fwp%2Fv2%2Fmedia&parent=302132"}],"wp:term":[{"taxonomy":"category","embeddable":true,"href":"https:\/\/www.diarioimagen.net\/index.php?rest_route=%2Fwp%2Fv2%2Fcategories&post=302132"},{"taxonomy":"post_tag","embeddable":true,"href":"https:\/\/www.diarioimagen.net\/index.php?rest_route=%2Fwp%2Fv2%2Ftags&post=302132"}],"curies":[{"name":"wp","href":"https:\/\/api.w.org\/{rel}","templated":true}]}}