{"id":302252,"date":"2016-12-07T17:00:59","date_gmt":"2016-12-07T23:00:59","guid":{"rendered":"http:\/\/www.diarioimagen.net\/?p=302252"},"modified":"2016-12-09T01:22:58","modified_gmt":"2016-12-09T07:22:58","slug":"mejoran-servicios-medicos-para-menores-con-discapacidad-en-edomex","status":"publish","type":"post","link":"https:\/\/www.diarioimagen.net\/?p=302252","title":{"rendered":"Mejoran servicios m\u00e9dicos para menores con discapacidad en Edomex"},"content":{"rendered":"<ul>\n<li><em><strong>Entrega Isis \u00c1vila Mu\u00f1oz Unidad B\u00e1sica de Rehabilitaci\u00f3n<\/strong><\/em><\/li>\n<\/ul>\n<p>&nbsp;<\/p>\n<div id=\"attachment_302253\" style=\"width: 470px\" class=\"wp-caption aligncenter\"><a href=\"http:\/\/www.diarioimagen.net\/?attachment_id=302253\" rel=\"attachment wp-att-302253\"><img loading=\"lazy\" decoding=\"async\" aria-describedby=\"caption-attachment-302253\" class=\"size-large wp-image-302253\" src=\"http:\/\/www.diarioimagen.net\/wp-content\/uploads\/2016\/12\/ISIS8-portal-460x268.jpg\" alt=\"La presidenta honoraria de este organismo, Isis \u00c1vila Mu\u00f1oz, entreg\u00f3 la Unidad B\u00e1sica de Rehabilitaci\u00f3n e Integraci\u00f3n Social.\" width=\"460\" height=\"268\" srcset=\"https:\/\/www.diarioimagen.net\/wp-content\/uploads\/2016\/12\/ISIS8-portal-460x268.jpg 460w, https:\/\/www.diarioimagen.net\/wp-content\/uploads\/2016\/12\/ISIS8-portal-240x140.jpg 240w, https:\/\/www.diarioimagen.net\/wp-content\/uploads\/2016\/12\/ISIS8-portal.jpg 480w\" sizes=\"auto, (max-width: 460px) 100vw, 460px\" \/><\/a><p id=\"caption-attachment-302253\" class=\"wp-caption-text\">La presidenta honoraria de este organismo, Isis \u00c1vila Mu\u00f1oz, entreg\u00f3 la Unidad B\u00e1sica de Rehabilitaci\u00f3n e Integraci\u00f3n Social.<\/p><\/div>\n<p>&nbsp;<\/p>\n<p><strong>Toluca, Estado de M\u00e9xico<\/strong>.- Para ampliar el servicio de medicina f\u00edsica y rehabilitaci\u00f3n que requieren ni\u00f1as, ni\u00f1os y adolescentes con discapacidad, bajo la tutela del DIF Estado de M\u00e9xico, la presidenta honoraria de este organismo, Isis \u00c1vila Mu\u00f1oz, entreg\u00f3 la Unidad B\u00e1sica de Rehabilitaci\u00f3n e Integraci\u00f3n Social (UBRIS), ubicada en el Centro de Asistencia a la Ni\u00f1ez, y tambi\u00e9n entreg\u00f3 equipo m\u00e9dico en beneficio de los 4 albergues que integran este centro.<\/p>\n<p>\u00c1vila Mu\u00f1oz, en compa\u00f1\u00eda de Imelda L\u00f3pez Mart\u00ednez y Adri\u00e1n Paz Vel\u00e1zquez, directores de servicios Jur\u00eddico Asistenciales y Atenci\u00f3n a la Discapacidad, respectivamente, explic\u00f3 que con una inversi\u00f3n de 2.5 millones de pesos, se habilit\u00f3 la UBRIS dentro del Centro Temporal de Rehabilitaci\u00f3n Infantil, para fortalecer las terapias de m\u00e1s de 30 infantes con discapacidad permanente, y que habitan en este lugar.<\/p>\n<p>Asimismo, detall\u00f3 que esta unidad brindar\u00e1 atenci\u00f3n a ni\u00f1os y adolescentes de los centros Temporal Infantil, Villa Hogar y Villa Juvenil, que requieran atenci\u00f3n a consecuencia de una discapacidad temporal, por lo que tambi\u00e9n otorg\u00f3 vales de equipo m\u00e9dico, consistente en un ox\u00edmetro, una cama de terapias, una b\u00e1scula profesional y un esterilizador.<\/p>\n<p>\u201cLa discapacidad no debe ser una barrera que nos impida alcanzar metas, y porque deseamos que nuestros peque\u00f1os tengan una mejor salud f\u00edsica y mental les acercamos estos servicios para que se sientan con mayor seguridad y comodidad al tomar sus terapias\u201d, expres\u00f3 la titular del DIFEM.<\/p>\n<p>Agreg\u00f3 que el Edom\u00e9x est\u00e1 a la vanguardia en atenci\u00f3n a la discapacidad, tanto en inversi\u00f3n de equipo m\u00e9dico, infraestructura y apoyos funcionales para las personas con discapacidad, como lo demuestran las m\u00e1s de 100 unidades y centros de rehabilitaci\u00f3n que operan en los 125 municipios de la entidad.<\/p>\n","protected":false},"excerpt":{"rendered":"<p>Para ampliar el servicio de medicina f\u00edsica y rehabilitaci\u00f3n que requieren ni\u00f1as, ni\u00f1os y adolescentes con discapacidad, bajo la tutela del DIF Estado de M\u00e9xico, la presidenta honoraria de este organismo, Isis \u00c1vila Mu\u00f1oz, entreg\u00f3 la Unidad B\u00e1sica de Rehabilitaci\u00f3n e Integraci\u00f3n Social (UBRIS), ubicada en el Centro de Asistencia a la Ni\u00f1ez, y tambi\u00e9n entreg\u00f3 equipo m\u00e9dico en beneficio de los 4 albergues que integran este centro.<\/p>\n","protected":false},"author":5,"featured_media":302253,"comment_status":"open","ping_status":"open","sticky":false,"template":"","format":"standard","meta":{"_monsterinsights_skip_tracking":false,"_monsterinsights_sitenote_active":false,"_monsterinsights_sitenote_note":"","_monsterinsights_sitenote_category":0,"footnotes":""},"categories":[35155],"tags":[24566,43675,28207,54413,452],"class_list":["post-302252","post","type-post","status-publish","format-standard","has-post-thumbnail","hentry","category-estado-de-mexico-estado-de-mexico","tag-discapacidad","tag-estado-de-mexico","tag-isis-avila-munoz","tag-servicios-medicos","tag-toluca"],"_links":{"self":[{"href":"https:\/\/www.diarioimagen.net\/index.php?rest_route=\/wp\/v2\/posts\/302252","targetHints":{"allow":["GET"]}}],"collection":[{"href":"https:\/\/www.diarioimagen.net\/index.php?rest_route=\/wp\/v2\/posts"}],"about":[{"href":"https:\/\/www.diarioimagen.net\/index.php?rest_route=\/wp\/v2\/types\/post"}],"author":[{"embeddable":true,"href":"https:\/\/www.diarioimagen.net\/index.php?rest_route=\/wp\/v2\/users\/5"}],"replies":[{"embeddable":true,"href":"https:\/\/www.diarioimagen.net\/index.php?rest_route=%2Fwp%2Fv2%2Fcomments&post=302252"}],"version-history":[{"count":0,"href":"https:\/\/www.diarioimagen.net\/index.php?rest_route=\/wp\/v2\/posts\/302252\/revisions"}],"wp:featuredmedia":[{"embeddable":true,"href":"https:\/\/www.diarioimagen.net\/index.php?rest_route=\/wp\/v2\/media\/302253"}],"wp:attachment":[{"href":"https:\/\/www.diarioimagen.net\/index.php?rest_route=%2Fwp%2Fv2%2Fmedia&parent=302252"}],"wp:term":[{"taxonomy":"category","embeddable":true,"href":"https:\/\/www.diarioimagen.net\/index.php?rest_route=%2Fwp%2Fv2%2Fcategories&post=302252"},{"taxonomy":"post_tag","embeddable":true,"href":"https:\/\/www.diarioimagen.net\/index.php?rest_route=%2Fwp%2Fv2%2Ftags&post=302252"}],"curies":[{"name":"wp","href":"https:\/\/api.w.org\/{rel}","templated":true}]}}