{"id":302258,"date":"2016-12-08T00:09:38","date_gmt":"2016-12-08T06:09:38","guid":{"rendered":"http:\/\/www.diarioimagen.net\/?p=302258"},"modified":"2016-12-08T03:08:52","modified_gmt":"2016-12-08T09:08:52","slug":"exhorta-jose-manzur-a-municipios-privilegiar-transparencia","status":"publish","type":"post","link":"https:\/\/www.diarioimagen.net\/?p=302258","title":{"rendered":"Exhorta Manzur a municipios privilegiar transparencia"},"content":{"rendered":"<ul>\n<li><strong><em>Rendici\u00f3n de cuentas a la sociedad<\/em><\/strong><\/li>\n<\/ul>\n<p>&nbsp;<\/p>\n<div id=\"attachment_302259\" style=\"width: 470px\" class=\"wp-caption aligncenter\"><a href=\"http:\/\/www.diarioimagen.net\/?attachment_id=302259\" rel=\"attachment wp-att-302259\"><img loading=\"lazy\" decoding=\"async\" aria-describedby=\"caption-attachment-302259\" class=\"size-large wp-image-302259\" src=\"http:\/\/www.diarioimagen.net\/wp-content\/uploads\/2016\/12\/MANZUR8-PORTAL-460x268.jpg\" alt=\"Jos\u00e9 Manzur Quiroga acudi\u00f3 con la representaci\u00f3n del gobernador Eruviel \u00c1vila, al primer informe de gobierno del alcalde de Ecatepec.\" width=\"460\" height=\"268\" srcset=\"https:\/\/www.diarioimagen.net\/wp-content\/uploads\/2016\/12\/MANZUR8-PORTAL-460x268.jpg 460w, https:\/\/www.diarioimagen.net\/wp-content\/uploads\/2016\/12\/MANZUR8-PORTAL-240x140.jpg 240w, https:\/\/www.diarioimagen.net\/wp-content\/uploads\/2016\/12\/MANZUR8-PORTAL.jpg 480w\" sizes=\"auto, (max-width: 460px) 100vw, 460px\" \/><\/a><p id=\"caption-attachment-302259\" class=\"wp-caption-text\">Jos\u00e9 Manzur Quiroga acudi\u00f3 con la representaci\u00f3n del gobernador Eruviel \u00c1vila, al primer informe de gobierno del alcalde de Ecatepec.<\/p><\/div>\n<p>&nbsp;<\/p>\n<p><strong>Ecatepec, Estado de M\u00e9xico<\/strong>.- El secretario general de Gobierno, Jos\u00e9 Manzur Quiroga, acudi\u00f3 con la representaci\u00f3n del gobernador Eruviel \u00c1vila Villegas, al primer informe de gobierno del alcalde de Ecatepec, Indalecio R\u00edos Vel\u00e1squez, donde exhort\u00f3 a los ayuntamientos mexiquenses a privilegiar la transparencia y la rendici\u00f3n de cuentas para generar un debate desde una perspectiva informada, critica y constructiva.<\/p>\n<p>\u201cEl Estado de M\u00e9xico est\u00e1 lleno de gente valiosa; somos m\u00e1s los que queremos vivir en una sociedad con armon\u00eda y tranquilidad, es momento de pasar de ser espectadores a ser actores de una nueva realidad\u201d, se\u00f1al\u00f3.<\/p>\n<p>Asimismo, indic\u00f3 que los informes de gobierno de los ayuntamientos son el instrumento democr\u00e1tico para difundir y legitimar sus acciones ante la sociedad.<\/p>\n<p>En Ecatepec, Jos\u00e9 Manzur destac\u00f3 que con programas de atenci\u00f3n comunitaria como \u201cEcatepec es nuestra casa\u201d, el ayuntamiento da un salto importante para colocar al ciudadano en el centro de la actividad municipal; mientras que para cuidar a las mujeres se ha intensificado las labores de patrullaje, vigilancia en el transporte p\u00fablico, la colocaci\u00f3n de c\u00e1maras o alumbrado, la recuperaci\u00f3n de espacios p\u00fablicos, entre otras.<\/p>\n","protected":false},"excerpt":{"rendered":"<p>El secretario general de Gobierno, Jos\u00e9 Manzur Quiroga, acudi\u00f3 con la representaci\u00f3n del gobernador Eruviel \u00c1vila Villegas, al primer informe de gobierno del alcalde de Ecatepec, Indalecio R\u00edos Vel\u00e1squez,<\/p>\n","protected":false},"author":5,"featured_media":302259,"comment_status":"open","ping_status":"open","sticky":false,"template":"","format":"standard","meta":{"_monsterinsights_skip_tracking":false,"_monsterinsights_sitenote_active":false,"_monsterinsights_sitenote_note":"","_monsterinsights_sitenote_category":0,"footnotes":""},"categories":[5],"tags":[454,5828,43675,54321],"class_list":["post-302258","post","type-post","status-publish","format-standard","has-post-thumbnail","hentry","category-estado-de-mexico","tag-ecatepec","tag-eruviel-avila-villegas","tag-estado-de-mexico","tag-jose-manzur"],"_links":{"self":[{"href":"https:\/\/www.diarioimagen.net\/index.php?rest_route=\/wp\/v2\/posts\/302258","targetHints":{"allow":["GET"]}}],"collection":[{"href":"https:\/\/www.diarioimagen.net\/index.php?rest_route=\/wp\/v2\/posts"}],"about":[{"href":"https:\/\/www.diarioimagen.net\/index.php?rest_route=\/wp\/v2\/types\/post"}],"author":[{"embeddable":true,"href":"https:\/\/www.diarioimagen.net\/index.php?rest_route=\/wp\/v2\/users\/5"}],"replies":[{"embeddable":true,"href":"https:\/\/www.diarioimagen.net\/index.php?rest_route=%2Fwp%2Fv2%2Fcomments&post=302258"}],"version-history":[{"count":0,"href":"https:\/\/www.diarioimagen.net\/index.php?rest_route=\/wp\/v2\/posts\/302258\/revisions"}],"wp:featuredmedia":[{"embeddable":true,"href":"https:\/\/www.diarioimagen.net\/index.php?rest_route=\/wp\/v2\/media\/302259"}],"wp:attachment":[{"href":"https:\/\/www.diarioimagen.net\/index.php?rest_route=%2Fwp%2Fv2%2Fmedia&parent=302258"}],"wp:term":[{"taxonomy":"category","embeddable":true,"href":"https:\/\/www.diarioimagen.net\/index.php?rest_route=%2Fwp%2Fv2%2Fcategories&post=302258"},{"taxonomy":"post_tag","embeddable":true,"href":"https:\/\/www.diarioimagen.net\/index.php?rest_route=%2Fwp%2Fv2%2Ftags&post=302258"}],"curies":[{"name":"wp","href":"https:\/\/api.w.org\/{rel}","templated":true}]}}