{"id":302266,"date":"2016-12-08T00:08:00","date_gmt":"2016-12-08T06:08:00","guid":{"rendered":"http:\/\/www.diarioimagen.net\/?p=302266"},"modified":"2016-12-08T03:13:44","modified_gmt":"2016-12-08T09:13:44","slug":"mas-ingresos-y-prestaciones-para-policias","status":"publish","type":"post","link":"https:\/\/www.diarioimagen.net\/?p=302266","title":{"rendered":"M\u00e1s ingresos y prestaciones para polic\u00edas"},"content":{"rendered":"<h2>Arco Norte<\/h2>\n<h5>Jos\u00e9 Luis Monta\u00f1ez Aguilar<\/h5>\n<p>&nbsp;<\/p>\n<p><a href=\"http:\/\/www.diarioimagen.net\/?attachment_id=302391\" rel=\"attachment wp-att-302391\"><img loading=\"lazy\" decoding=\"async\" class=\"aligncenter size-large wp-image-302391\" src=\"http:\/\/www.diarioimagen.net\/wp-content\/uploads\/2016\/12\/arco-3014-460x259.jpg\" alt=\"arco-3014\" width=\"460\" height=\"259\" srcset=\"https:\/\/www.diarioimagen.net\/wp-content\/uploads\/2016\/12\/arco-3014-460x259.jpg 460w, https:\/\/www.diarioimagen.net\/wp-content\/uploads\/2016\/12\/arco-3014-240x135.jpg 240w, https:\/\/www.diarioimagen.net\/wp-content\/uploads\/2016\/12\/arco-3014-235x132.jpg 235w, https:\/\/www.diarioimagen.net\/wp-content\/uploads\/2016\/12\/arco-3014-202x114.jpg 202w, https:\/\/www.diarioimagen.net\/wp-content\/uploads\/2016\/12\/arco-3014-350x196.jpg 350w, https:\/\/www.diarioimagen.net\/wp-content\/uploads\/2016\/12\/arco-3014-220x123.jpg 220w, https:\/\/www.diarioimagen.net\/wp-content\/uploads\/2016\/12\/arco-3014-237x132.jpg 237w, https:\/\/www.diarioimagen.net\/wp-content\/uploads\/2016\/12\/arco-3014.jpg 480w\" sizes=\"auto, (max-width: 460px) 100vw, 460px\" \/><\/a><\/p>\n<p>&nbsp;<\/p>\n<p>Para garantizar por ley los programas de mejorar las condiciones laborales y reconocer el desempe\u00f1o de los polic\u00edas mexiquenses, el gobernador Eruviel \u00c1vila Villegas propuso crear una comisi\u00f3n que analice dicha propuesta, como reconocimiento al trabajo que realizan para proteger y velar por la gente.<\/p>\n<p>Lo anterior al celebrar el primer D\u00eda del Polic\u00eda Mexiquense, instaurado por iniciativa del gobernador, donde un total de mil 66 polic\u00edas recibieron ascensos despu\u00e9s de aprobar sus evaluaciones m\u00e9dicas, f\u00edsicas y de conocimientos t\u00e9cnicos y profesionales, aplicados por la UAEM, lo cual representa mejores ingresos y prestaciones para estos elementos y en beneficio de sus familias.<\/p>\n<p>\u00c1vila Villegas detall\u00f3 que este tipo de promociones se realizar\u00e1n dos veces al a\u00f1o, para reconocer a los buenos elementos, y se har\u00e1 una revisi\u00f3n para ver las condiciones en las que viven las familias de elementos policiacos que fallecieron en cumplimiento de su deber y apoyarlas, as\u00ed que solicit\u00f3 que organizaciones civiles como Causa en Com\u00fan y Alto al Secuestro ayuden a auditar este tipo de acciones. Tambi\u00e9n invit\u00f3 a la sociedad mexiquense a reconocer la labor que realizan los buenos polic\u00edas, al ser h\u00e9roes con nombre y apellido que exponen su vida para apoyar a la ciudadan\u00eda.<\/p>\n<p style=\"text-align: center;\"><strong>Mejoran servicios m\u00e9dicos para menores con discapacida <\/strong><\/p>\n<p>Para ampliar el servicio de medicina f\u00edsica y rehabilitaci\u00f3n que requieren ni\u00f1as, ni\u00f1os y adolescentes con discapacidad, bajo la tutela del DIFEM, la presidenta honoraria de este organismo, Isis \u00c1vila Mu\u00f1oz, entreg\u00f3 la Unidad B\u00e1sica de Rehabilitaci\u00f3n e Integraci\u00f3n Social (UBRIS), ubicada en el Centro de Asistencia a la Ni\u00f1ez, y tambi\u00e9n entreg\u00f3 equipo m\u00e9dico en beneficio de los 4 albergues que integran este centro.<\/p>\n<p>Avila Mu\u00f1oz, en compa\u00f1\u00eda de Imelda L\u00f3pez Mart\u00ednez y Adri\u00e1n Paz Vel\u00e1zquez, directores de servicios Jur\u00eddico Asistenciales y Atenci\u00f3n a la Discapacidad, respectivamente, explic\u00f3 que con una inversi\u00f3n de 2.5 millones de pesos, se habilit\u00f3 la UBRIS dentro del Centro Temporal de Rehabilitaci\u00f3n Infantil, para fortalecer las terapias de m\u00e1s de 30 infantes con discapacidad permanente, y que habitan en este lugar.<\/p>\n<p><em><a href=\"mailto:montanezaguilar@gmail.com\" target=\"_blank\">montanezaguilar@gmail.com<\/a><\/em><\/p>\n","protected":false},"excerpt":{"rendered":"<p><span style=\"color: #005497;\">Jos\u00e9 Luis Monta\u00f1ez Aguilar<\/span><br \/>\n<br \/>\nPara garantizar por ley los programas de mejorar las condiciones laborales y reconocer el desempe\u00f1o de los polic\u00edas mexiquenses, el gobernador Eruviel \u00c1vila Villegas propuso crear una comisi\u00f3n que analice dicha propuesta, como reconocimiento al trabajo que realizan para proteger y velar por la gente.<\/p>\n","protected":false},"author":3,"featured_media":302391,"comment_status":"open","ping_status":"open","sticky":false,"template":"","format":"standard","meta":{"_monsterinsights_skip_tracking":false,"_monsterinsights_sitenote_active":false,"_monsterinsights_sitenote_note":"","_monsterinsights_sitenote_category":0,"footnotes":""},"categories":[5],"tags":[13284,43704,43674],"class_list":["post-302266","post","type-post","status-publish","format-standard","has-post-thumbnail","hentry","category-estado-de-mexico","tag-arco-norte","tag-jose-luis-montanez-aguilar","tag-opinion"],"_links":{"self":[{"href":"https:\/\/www.diarioimagen.net\/index.php?rest_route=\/wp\/v2\/posts\/302266","targetHints":{"allow":["GET"]}}],"collection":[{"href":"https:\/\/www.diarioimagen.net\/index.php?rest_route=\/wp\/v2\/posts"}],"about":[{"href":"https:\/\/www.diarioimagen.net\/index.php?rest_route=\/wp\/v2\/types\/post"}],"author":[{"embeddable":true,"href":"https:\/\/www.diarioimagen.net\/index.php?rest_route=\/wp\/v2\/users\/3"}],"replies":[{"embeddable":true,"href":"https:\/\/www.diarioimagen.net\/index.php?rest_route=%2Fwp%2Fv2%2Fcomments&post=302266"}],"version-history":[{"count":0,"href":"https:\/\/www.diarioimagen.net\/index.php?rest_route=\/wp\/v2\/posts\/302266\/revisions"}],"wp:featuredmedia":[{"embeddable":true,"href":"https:\/\/www.diarioimagen.net\/index.php?rest_route=\/wp\/v2\/media\/302391"}],"wp:attachment":[{"href":"https:\/\/www.diarioimagen.net\/index.php?rest_route=%2Fwp%2Fv2%2Fmedia&parent=302266"}],"wp:term":[{"taxonomy":"category","embeddable":true,"href":"https:\/\/www.diarioimagen.net\/index.php?rest_route=%2Fwp%2Fv2%2Fcategories&post=302266"},{"taxonomy":"post_tag","embeddable":true,"href":"https:\/\/www.diarioimagen.net\/index.php?rest_route=%2Fwp%2Fv2%2Ftags&post=302266"}],"curies":[{"name":"wp","href":"https:\/\/api.w.org\/{rel}","templated":true}]}}