{"id":302272,"date":"2016-12-08T00:08:53","date_gmt":"2016-12-08T06:08:53","guid":{"rendered":"http:\/\/www.diarioimagen.net\/?p=302272"},"modified":"2016-12-11T23:59:28","modified_gmt":"2016-12-12T05:59:28","slug":"tsjcdmx-vive-en-lo-presupuestal-entre-lo-otorgado-y-lo-realmente-necesitado-elias-azar","status":"publish","type":"post","link":"https:\/\/www.diarioimagen.net\/?p=302272","title":{"rendered":"TSJCDMX vive, en lo presupuestal, entre lo otorgado y lo realmente necesitado: El\u00edas Azar"},"content":{"rendered":"<ul>\n<li><em><strong>Con ello se corre el riesgo de caer en la demagogia de \u201chacer como si cumpli\u00e9ramos\u201d, alert\u00f3, al rendir su Informe de Labores 2016, y dijo que el Poder Judicial se niega a participar en esa farsa<\/strong><\/em><\/li>\n<li><em><strong> La justicia, destac\u00f3, muestra hoy un nuevo rostro, y puntualiz\u00f3 que el \u00f3rgano judicial se comienza a colocar como una de las instituciones jurisdiccionales m\u00e1s eficientes<\/strong><\/em><\/li>\n<\/ul>\n<h6>Gloria Carpio<br \/>\nFotos: Alfonso Mora<\/h6>\n<p>&nbsp;<\/p>\n<div id=\"attachment_302366\" style=\"width: 470px\" class=\"wp-caption aligncenter\"><a href=\"http:\/\/www.diarioimagen.net\/?attachment_id=302366\" rel=\"attachment wp-att-302366\"><img loading=\"lazy\" decoding=\"async\" aria-describedby=\"caption-attachment-302366\" class=\"size-large wp-image-302366\" src=\"http:\/\/www.diarioimagen.net\/wp-content\/uploads\/2016\/12\/TSJCDMX-1-3014-460x309.jpg\" alt=\"Durante su Informe de Labores, el presidente magistrado, Edgar El\u00edas Azar, inform\u00f3 que \u201cfue aprobada por la C\u00e1mara Revisora las Reformas al C\u00f3digo de Comercio propuestas por este Tribunal, dedicadas a la mejora de los juicios orales mercantiles, que terminar\u00e1 por concluir la implementaci\u00f3n de la oralidad en esa materia, que ocupa el 80 por ciento de nuestra judicatura civil\u201d.\" width=\"460\" height=\"309\" srcset=\"https:\/\/www.diarioimagen.net\/wp-content\/uploads\/2016\/12\/TSJCDMX-1-3014-460x309.jpg 460w, https:\/\/www.diarioimagen.net\/wp-content\/uploads\/2016\/12\/TSJCDMX-1-3014-240x161.jpg 240w, https:\/\/www.diarioimagen.net\/wp-content\/uploads\/2016\/12\/TSJCDMX-1-3014.jpg 700w\" sizes=\"auto, (max-width: 460px) 100vw, 460px\" \/><\/a><p id=\"caption-attachment-302366\" class=\"wp-caption-text\">Durante su Informe de Labores, el presidente magistrado, Edgar El\u00edas Azar, inform\u00f3 que \u201cfue aprobada por la C\u00e1mara Revisora las Reformas al C\u00f3digo de Comercio propuestas por este Tribunal, dedicadas a la mejora de los juicios orales mercantiles, que terminar\u00e1 por concluir la implementaci\u00f3n de la oralidad en esa materia, que ocupa el 80 por ciento de nuestra judicatura civil\u201d.<\/p><\/div>\n<p>&nbsp;<\/p>\n<p>El presidente del Tribunal Superior de Justicia de la Ciudad de M\u00e9xico (TSJCDMX), magistrado Edgar El\u00edas Azar, destac\u00f3 que la justicia muestra un nuevo rostro, con una movilidad y din\u00e1mica diferente en beneficio de la sociedad a la que se sirve, y, con cifras, subray\u00f3 que el \u00f3rgano judicial se comienza a colocar como una de las instituciones jurisdiccionales m\u00e1s eficientes, aunque en lo presupuestal vive entre lo otorgado y lo realmente necesitado, con lo que se corre el riesgo de caer en la demagogia de \u201chacer como si cumpli\u00e9ramos\u201d.<\/p>\n<p>Al rendir su Informe de Labores 2016, puntualiz\u00f3 que los principios defendidos por su administraci\u00f3n son la reducci\u00f3n del universo de procedimientos en juzgados y salas, disminuci\u00f3n de los tiempos procesales, mayor acceso a la justicia, mejores servicios a la ciudadan\u00eda, y advirti\u00f3 que en el TSJCDMX no hay expedientes judiciales en gaveta o caj\u00f3n en espera de ser atendidos por tiempo indefinido, porque todos se estudian y se llevan al d\u00eda. Destac\u00f3 que hoy se tiene en la instituci\u00f3n 16 por ciento menos trabajo que en el \u00faltimo lustro.<\/p>\n<p>&nbsp;<\/p>\n<div id=\"attachment_302368\" style=\"width: 470px\" class=\"wp-caption aligncenter\"><a href=\"http:\/\/www.diarioimagen.net\/?attachment_id=302368\" rel=\"attachment wp-att-302368\"><img loading=\"lazy\" decoding=\"async\" aria-describedby=\"caption-attachment-302368\" class=\"size-large wp-image-302368\" src=\"http:\/\/www.diarioimagen.net\/wp-content\/uploads\/2016\/12\/TSJCDMX-2-3014-460x304.jpg\" alt=\"Con la presencia del jefe de gobierno, Miguel \u00c1ngel Mancera Espinosa, y del presidente de la Comisi\u00f3n de Gobierno de la Asamblea Legislativa, Leonel Luna Estrada, consider\u00f3 que la justicia mexicana ha vivido momentos de apuro en el \u00faltimo lustro, que requieren de gobiernos de eficacia e inteligencia, ingenio y audacia.\" width=\"460\" height=\"304\" srcset=\"https:\/\/www.diarioimagen.net\/wp-content\/uploads\/2016\/12\/TSJCDMX-2-3014-460x304.jpg 460w, https:\/\/www.diarioimagen.net\/wp-content\/uploads\/2016\/12\/TSJCDMX-2-3014-240x159.jpg 240w, https:\/\/www.diarioimagen.net\/wp-content\/uploads\/2016\/12\/TSJCDMX-2-3014.jpg 700w\" sizes=\"auto, (max-width: 460px) 100vw, 460px\" \/><\/a><p id=\"caption-attachment-302368\" class=\"wp-caption-text\">Con la presencia del jefe de gobierno, Miguel \u00c1ngel Mancera Espinosa, y del presidente de la Comisi\u00f3n de Gobierno de la Asamblea Legislativa, Leonel Luna Estrada, consider\u00f3 que la justicia mexicana ha vivido momentos de apuro en el \u00faltimo lustro, que requieren de gobiernos de eficacia e inteligencia, ingenio y audacia.<\/p><\/div>\n<p>&nbsp;<\/p>\n<p>Con la presencia del jefe de gobierno, Miguel \u00c1ngel Mancera Espinosa, y del presidente de la Comisi\u00f3n de Gobierno de la Asamblea Legislativa, Leonel Luna Estrada, consider\u00f3 que la justicia mexicana ha vivido momentos de apuro en el \u00faltimo lustro, que requieren de gobiernos de eficacia e inteligencia, ingenio y audacia.<\/p>\n<p>No son momentos, enfatiz\u00f3, para timoratos ni para contener el aliento, y coment\u00f3 que el Poder Judicial de la Ciudad de M\u00e9xico se niega a participar en la farsa del \u201chacer como si cumpli\u00e9ramos\u201d, lo que s\u00f3lo adquirir\u00e1 visos de autenticidad si se proporcionan los instrumentos de trabajo necesarios y el ambiente propicio para alcanzar logros apetecibles.<\/p>\n<p>&nbsp;<\/p>\n<div id=\"attachment_302369\" style=\"width: 470px\" class=\"wp-caption aligncenter\"><a href=\"http:\/\/www.diarioimagen.net\/?attachment_id=302369\" rel=\"attachment wp-att-302369\"><img loading=\"lazy\" decoding=\"async\" aria-describedby=\"caption-attachment-302369\" class=\"size-large wp-image-302369\" src=\"http:\/\/www.diarioimagen.net\/wp-content\/uploads\/2016\/12\/TSJCDMX-3-3014-460x309.jpg\" alt=\"\u201cUn verdadero gobierno judicial tiene que saber equilibrar la balanza entre lo real y lo deseable, y entre lo ideal y lo posible\u201d, afirma el presidente del TSJCDMX, Edgar El\u00edas Azar.\" width=\"460\" height=\"309\" srcset=\"https:\/\/www.diarioimagen.net\/wp-content\/uploads\/2016\/12\/TSJCDMX-3-3014-460x309.jpg 460w, https:\/\/www.diarioimagen.net\/wp-content\/uploads\/2016\/12\/TSJCDMX-3-3014-240x161.jpg 240w, https:\/\/www.diarioimagen.net\/wp-content\/uploads\/2016\/12\/TSJCDMX-3-3014.jpg 700w\" sizes=\"auto, (max-width: 460px) 100vw, 460px\" \/><\/a><p id=\"caption-attachment-302369\" class=\"wp-caption-text\">\u201cUn verdadero gobierno judicial tiene que saber equilibrar la balanza entre lo real y lo deseable, y entre lo ideal y lo posible\u201d, afirma el presidente del TSJCDMX, Edgar El\u00edas Azar.<\/p><\/div>\n<p>&nbsp;<\/p>\n<p>Record\u00f3 que el TSJCDMX tuvo este a\u00f1o recursos autorizados por 4 mil 763 millones de pesos, y que s\u00f3lo para cubrir el m\u00ednimo irreductible gast\u00f3 6 mil 943 millones de pesos, para hacer frente a las obligaciones que se incrementaron por efecto de las reformas legales adoptadas por la ciudad.<\/p>\n<p>Hizo un reconocimiento, en este sentido, al jefe de gobierno por su comprensi\u00f3n y apoyo, con los que el \u00f3rgano judicial logra salir avante en sus gastos y encomiendas.<\/p>\n<div id=\"attachment_302370\" style=\"width: 207px\" class=\"wp-caption alignleft\"><a href=\"http:\/\/www.diarioimagen.net\/?attachment_id=302370\" rel=\"attachment wp-att-302370\"><img loading=\"lazy\" decoding=\"async\" aria-describedby=\"caption-attachment-302370\" class=\" wp-image-302370\" src=\"http:\/\/www.diarioimagen.net\/wp-content\/uploads\/2016\/12\/TSJCDMX-4-3014-237x460.jpg\" alt=\"El l\u00edder de la Iglesia ortodoxa de M\u00e9xico, Venezuela, Centroam\u00e9rica y el Caribe, monse\u00f1or Antonio Chedraoui, acudi\u00f3 al Informe de Labores 2016, del presidente del TSJCDMX, Edgar El\u00edas Azar.\" width=\"197\" height=\"382\" srcset=\"https:\/\/www.diarioimagen.net\/wp-content\/uploads\/2016\/12\/TSJCDMX-4-3014-237x460.jpg 237w, https:\/\/www.diarioimagen.net\/wp-content\/uploads\/2016\/12\/TSJCDMX-4-3014-123x240.jpg 123w, https:\/\/www.diarioimagen.net\/wp-content\/uploads\/2016\/12\/TSJCDMX-4-3014.jpg 360w\" sizes=\"auto, (max-width: 197px) 100vw, 197px\" \/><\/a><p id=\"caption-attachment-302370\" class=\"wp-caption-text\">El l\u00edder de la Iglesia ortodoxa de M\u00e9xico, Venezuela, Centroam\u00e9rica y el Caribe, monse\u00f1or Antonio Chedraoui, acudi\u00f3 al Informe de Labores 2016, del presidente del TSJCDMX, Edgar El\u00edas Azar.<\/p><\/div>\n<p>Ante los plenos de magistrados y de consejeros de la Judicatura local, El\u00edas Azar se refiri\u00f3 al cambio paradigm\u00e1tico impulsado por el gobierno federal que oblig\u00f3 a replantear la justicia tradicional en las \u00e1reas penal, civil, familiar y mercantil, y en otras variantes antes ajenas a la jurisdicci\u00f3n local, como la de justicia para adolescentes, ejecuci\u00f3n de sanciones penales y pr\u00f3ximamente en materia laboral.<\/p>\n<p>En relaci\u00f3n al nuevo sistema de justicia penal de la Ciudad de M\u00e9xico, destac\u00f3 que desde su implementaci\u00f3n han ingresado 5 mil 300 carpetas, de las que 36 por ciento se resolvieron mediante una salida alterna de soluci\u00f3n de controversias; asimismo, que 22 por ciento se iniciaron sin detenido; 14 por ciento se sobreseyeron; que en 6 por ciento se determin\u00f3 la no legalidad de la detenci\u00f3n, y que en s\u00f3lo 1 por ciento se lleg\u00f3 a juicio oral.<\/p>\n<p>El magistrado inform\u00f3 que en el ejercicio 2016 ingresaron a los diversos \u00f3rganos jurisdiccionales de primera y segunda instancia 324 mil 806 asuntos, y que el total de resueltos ascendi\u00f3 a 250 mil 260. Es decir, abund\u00f3, la totalidad de asuntos atendidos en 2016 fue de 575 mil 096.<\/p>\n<p>Explic\u00f3 que, por materia en primera instancia, los resultados obtenidos registran en civil una reducci\u00f3n de 1 por ciento de expedientes ingresados, pero un aumento de 1.8 por ciento en la emisi\u00f3n de sentencias respecto al a\u00f1o anterior. El mismo fen\u00f3meno, destac\u00f3, sucede en otras materias, como la penal, familiar y de justicia para adolescentes.<\/p>\n<div id=\"attachment_302371\" style=\"width: 314px\" class=\"wp-caption alignright\"><a href=\"http:\/\/www.diarioimagen.net\/?attachment_id=302371\" rel=\"attachment wp-att-302371\"><img loading=\"lazy\" decoding=\"async\" aria-describedby=\"caption-attachment-302371\" class=\"wp-image-302371\" src=\"http:\/\/www.diarioimagen.net\/wp-content\/uploads\/2016\/12\/TSJCDMX-5-3014-460x392.jpg\" alt=\"Evangelina D\u00edaz Abascal, juez 51 Civil; Mar\u00eda del Rosario Mancera P\u00e9rez, juez 17 Civil, y Raquel Margarita Garc\u00eda Incl\u00e1n, juez 34 Civil.\" width=\"304\" height=\"259\" srcset=\"https:\/\/www.diarioimagen.net\/wp-content\/uploads\/2016\/12\/TSJCDMX-5-3014-460x392.jpg 460w, https:\/\/www.diarioimagen.net\/wp-content\/uploads\/2016\/12\/TSJCDMX-5-3014-240x205.jpg 240w, https:\/\/www.diarioimagen.net\/wp-content\/uploads\/2016\/12\/TSJCDMX-5-3014.jpg 700w\" sizes=\"auto, (max-width: 304px) 100vw, 304px\" \/><\/a><p id=\"caption-attachment-302371\" class=\"wp-caption-text\">Evangelina D\u00edaz Abascal, juez 51 Civil; Mar\u00eda del Rosario Mancera P\u00e9rez, juez 17 Civil, y Raquel Margarita Garc\u00eda Incl\u00e1n, juez 34 Civil.<\/p><\/div>\n<p>A\u00f1adi\u00f3 que en penal hubo una reducci\u00f3n de 12 por ciento en expedientes ingresados; en familiar, un aumento de 3 por ciento de ingreso de expedientes, pero tambi\u00e9n un aumento de sentencias emitidas, a raz\u00f3n igual de 3 por ciento; mientras que en justicia para adolescentes una reducci\u00f3n importante de 52 por ciento de expedientes, y una constante de mil 300 sentencias emitidas al a\u00f1o.<\/p>\n<p>Asegur\u00f3 el magistrado que estas cifras comienzan a colocar al TSJCDMX en la lista de instituciones jurisdiccionales m\u00e1s eficientes.<\/p>\n<div id=\"attachment_302372\" style=\"width: 217px\" class=\"wp-caption alignleft\"><a href=\"http:\/\/www.diarioimagen.net\/?attachment_id=302372\" rel=\"attachment wp-att-302372\"><img loading=\"lazy\" decoding=\"async\" aria-describedby=\"caption-attachment-302372\" class=\" wp-image-302372\" src=\"http:\/\/www.diarioimagen.net\/wp-content\/uploads\/2016\/12\/TSJCDMX-6-3014-409x460.jpg\" alt=\"Mar\u00eda Magdalena Malpica Cervantes, juez 2 Civil y Patricia M\u00e9ndez Flores, juez 27 Civil.\" width=\"207\" height=\"233\" srcset=\"https:\/\/www.diarioimagen.net\/wp-content\/uploads\/2016\/12\/TSJCDMX-6-3014-409x460.jpg 409w, https:\/\/www.diarioimagen.net\/wp-content\/uploads\/2016\/12\/TSJCDMX-6-3014-213x240.jpg 213w, https:\/\/www.diarioimagen.net\/wp-content\/uploads\/2016\/12\/TSJCDMX-6-3014.jpg 700w\" sizes=\"auto, (max-width: 207px) 100vw, 207px\" \/><\/a><p id=\"caption-attachment-302372\" class=\"wp-caption-text\">Mar\u00eda Magdalena Malpica Cervantes, juez 2 Civil y Patricia M\u00e9ndez Flores, juez 27 Civil.<\/p><\/div>\n<p>Reconoci\u00f3 el esfuerzo de jueces y magistrados, y dijo que con \u00e9ste se ha logrado evitar el indeseado y temido rezago judicial. No se puede permitir, enfatiz\u00f3, que por malos ejercicios de la profesi\u00f3n y por las oportunidades dilatorias que en ocasiones las leyes dan, haya expedientes vivos en los cajones de los juzgados.<\/p>\n<p>El\u00edas Azar dijo que no hay duda de los avances y de que se ha cambiado para bien. Habl\u00f3 de retos y de lo mucho que hace falta por andar, construir y modificar en las conciencias y mentalidades de los juzgadores.<\/p>\n<p>Al abundar en cifras, dijo que en 2016 se lograron 16 mil 500 mediaciones p\u00fablicas y privadas.<\/p>\n<p>&nbsp;<\/p>\n<div id=\"attachment_302373\" style=\"width: 470px\" class=\"wp-caption aligncenter\"><a href=\"http:\/\/www.diarioimagen.net\/?attachment_id=302373\" rel=\"attachment wp-att-302373\"><img loading=\"lazy\" decoding=\"async\" aria-describedby=\"caption-attachment-302373\" class=\"size-large wp-image-302373\" src=\"http:\/\/www.diarioimagen.net\/wp-content\/uploads\/2016\/12\/TSJCDMX-7-3014-460x289.jpg\" alt=\"Alejandro Hern\u00e1ndez Tlecuitl, juez\u00a0 50 Civil; Ana Mercedes Medina Guerra, juez 41 Civil; Leticia Medina Torrentera, juez 66 Civil, y Mar\u00eda del Rosario Tirado Guti\u00e9rrez, juez Sexto de Proceso Oral de Justicia para Adolescentes y quien acaba de recibir la Medalla al M\u00e9rito Judicial 2016.\" width=\"460\" height=\"289\" srcset=\"https:\/\/www.diarioimagen.net\/wp-content\/uploads\/2016\/12\/TSJCDMX-7-3014-460x289.jpg 460w, https:\/\/www.diarioimagen.net\/wp-content\/uploads\/2016\/12\/TSJCDMX-7-3014-240x151.jpg 240w, https:\/\/www.diarioimagen.net\/wp-content\/uploads\/2016\/12\/TSJCDMX-7-3014.jpg 700w\" sizes=\"auto, (max-width: 460px) 100vw, 460px\" \/><\/a><p id=\"caption-attachment-302373\" class=\"wp-caption-text\">Alejandro Hern\u00e1ndez Tlecuitl, juez\u00a0 50 Civil; Ana Mercedes Medina Guerra, juez 41 Civil; Leticia Medina Torrentera, juez 66 Civil, y Mar\u00eda del Rosario Tirado Guti\u00e9rrez, juez Sexto de Proceso Oral de Justicia para Adolescentes y quien acaba de recibir la Medalla al M\u00e9rito Judicial 2016.<\/p><\/div>\n<p>&nbsp;<\/p>\n<div id=\"attachment_302375\" style=\"width: 317px\" class=\"wp-caption alignright\"><a href=\"http:\/\/www.diarioimagen.net\/?attachment_id=302375\" rel=\"attachment wp-att-302375\"><img loading=\"lazy\" decoding=\"async\" aria-describedby=\"caption-attachment-302375\" class=\" wp-image-302375\" src=\"http:\/\/www.diarioimagen.net\/wp-content\/uploads\/2016\/12\/TSJCDMX-9-3014-460x352.jpg\" alt=\"H\u00e9ctor Flores Reynoso, juez 6 Civil;\u00a0 Flor de Mar\u00eda Hern\u00e1ndez Mijangos, juez 4 Civil, y V\u00edctor Hoyos G\u00e1ndara, juez 3 Civil.\" width=\"307\" height=\"235\" srcset=\"https:\/\/www.diarioimagen.net\/wp-content\/uploads\/2016\/12\/TSJCDMX-9-3014-460x352.jpg 460w, https:\/\/www.diarioimagen.net\/wp-content\/uploads\/2016\/12\/TSJCDMX-9-3014-240x184.jpg 240w, https:\/\/www.diarioimagen.net\/wp-content\/uploads\/2016\/12\/TSJCDMX-9-3014.jpg 700w\" sizes=\"auto, (max-width: 307px) 100vw, 307px\" \/><\/a><p id=\"caption-attachment-302375\" class=\"wp-caption-text\">H\u00e9ctor Flores Reynoso, juez 6 Civil;\u00a0 Flor de Mar\u00eda Hern\u00e1ndez Mijangos, juez 4 Civil, y V\u00edctor Hoyos G\u00e1ndara, juez 3 Civil.<\/p><\/div>\n<p>Record\u00f3 que durante la actual administraci\u00f3n se logr\u00f3 un crecimiento de 85 por ciento de la superficie territorial del TSJCDMX, que pas\u00f3 de 193 mil metros cuadrados en 2008 a 358 mil en 2016.<\/p>\n<p>Destac\u00f3 la remodelaci\u00f3n en su totalidad de la gran mayor\u00eda de los edificios, la adquisici\u00f3n de nuevos inmuebles y predios para nuevas edificaciones, y subray\u00f3 el caso de los asentados en la Ciudad Judicial, como el Edificio de Salas Penales y el Centro de Justicia Alternativa; por otra parte, mencion\u00f3 los juzgados de Ejecuci\u00f3n de Sanciones Penales y los edificios para el sistema procesal penal acusatorio en los reclusorios Norte, Oriente, Sur y Santa Martha Acatitla.<\/p>\n<p>&nbsp;<\/p>\n<div id=\"attachment_302374\" style=\"width: 470px\" class=\"wp-caption aligncenter\"><a href=\"http:\/\/www.diarioimagen.net\/?attachment_id=302374\" rel=\"attachment wp-att-302374\"><img loading=\"lazy\" decoding=\"async\" aria-describedby=\"caption-attachment-302374\" class=\"size-large wp-image-302374\" src=\"http:\/\/www.diarioimagen.net\/wp-content\/uploads\/2016\/12\/TSJCDMX-8-3014-460x252.jpg\" alt=\"Flor del Carmen Lima Castillo, juez 61 Civil;\u00a0Flor de Mar\u00eda Hern\u00e1ndez Mijangos, juez 4 Civil, Sandra Luz D\u00edaz Ort\u00edz, juez 60 Civil; On\u00e9simo Lugo God\u00ednez, juez 29 Familiar; Luis Enrique Dom\u00ednguez Alz\u00faa, juez 8 Familiar; Huguet Rodr\u00edguez God\u00ednez, juez 21 Civil de Cuant\u00eda Menor; Enrique de Jes\u00fas Dur\u00e1n S\u00e1nchez, juez 9 Civil de Cuant\u00eda Menor y Francisco Javier Jim\u00e9nez Rodr\u00edguez, juez 25 Civil Cuant\u00eda Menor\" width=\"460\" height=\"252\" srcset=\"https:\/\/www.diarioimagen.net\/wp-content\/uploads\/2016\/12\/TSJCDMX-8-3014-460x252.jpg 460w, https:\/\/www.diarioimagen.net\/wp-content\/uploads\/2016\/12\/TSJCDMX-8-3014-240x132.jpg 240w, https:\/\/www.diarioimagen.net\/wp-content\/uploads\/2016\/12\/TSJCDMX-8-3014.jpg 700w\" sizes=\"auto, (max-width: 460px) 100vw, 460px\" \/><\/a><p id=\"caption-attachment-302374\" class=\"wp-caption-text\">Flor del Carmen Lima Castillo, juez 61 Civil;\u00a0Flor de Mar\u00eda Hern\u00e1ndez Mijangos, juez 4 Civil, Sandra Luz D\u00edaz Ort\u00edz, juez 60 Civil; On\u00e9simo Lugo God\u00ednez, juez 29 Familiar; Luis Enrique Dom\u00ednguez Alz\u00faa, juez 8 Familiar; Huguet Rodr\u00edguez God\u00ednez, juez 21 Civil de Cuant\u00eda Menor; Enrique de Jes\u00fas Dur\u00e1n S\u00e1nchez, juez 9 Civil de Cuant\u00eda Menor y Francisco Javier Jim\u00e9nez Rodr\u00edguez, juez 25 Civil Cuant\u00eda Menor<\/p><\/div>\n<p>&nbsp;<\/p>\n<div id=\"attachment_302376\" style=\"width: 223px\" class=\"wp-caption alignleft\"><a href=\"http:\/\/www.diarioimagen.net\/?attachment_id=302376\" rel=\"attachment wp-att-302376\"><img loading=\"lazy\" decoding=\"async\" aria-describedby=\"caption-attachment-302376\" class=\" wp-image-302376\" src=\"http:\/\/www.diarioimagen.net\/wp-content\/uploads\/2016\/12\/TSJCDMX-10-3014-340x460.jpg\" alt=\"Enrique Vasconcelos, juez 36 Familiar; la licenciada Denisse Santoyo, y Luis Manuel M\u00e1rquez Lugo, juez 6 Penal de Delitos No Graves.\" width=\"213\" height=\"288\" srcset=\"https:\/\/www.diarioimagen.net\/wp-content\/uploads\/2016\/12\/TSJCDMX-10-3014-340x460.jpg 340w, https:\/\/www.diarioimagen.net\/wp-content\/uploads\/2016\/12\/TSJCDMX-10-3014-177x240.jpg 177w, https:\/\/www.diarioimagen.net\/wp-content\/uploads\/2016\/12\/TSJCDMX-10-3014.jpg 700w\" sizes=\"auto, (max-width: 213px) 100vw, 213px\" \/><\/a><p id=\"caption-attachment-302376\" class=\"wp-caption-text\">Enrique Vasconcelos, juez 36 Familiar; la licenciada Denisse Santoyo, y Luis Manuel M\u00e1rquez Lugo, juez 6 Penal de Delitos No Graves.<\/p><\/div>\n<p>Habl\u00f3 de la habilitaci\u00f3n de 187 salas de juicios orales distribuidas en 11 diferentes inmuebles, todas dotadas de infraestructura de punta en materia de audio y video<\/p>\n<p>Adem\u00e1s, anunci\u00f3 el inicio de la obra que albergar\u00e1 las nuevas salas civiles y la Escuela Nacional de Jueces, en la que dijo esperar que todos los tribunales del pa\u00eds aporten lo mejor de su estructura acad\u00e9mica en beneficio de la preparaci\u00f3n y selecci\u00f3n no s\u00f3lo de jueces, sino de defensores p\u00fablicos y ministerios p\u00fablicos.<\/p>\n<p>Al acto asistieron el consejero jur\u00eddico del Ejecutivo federal, Humberto Castillejos Cervantes; el rector de la Universidad Nacional Aut\u00f3noma de M\u00e9xico, Enrique Graue Wiechers; el secretario de Seguridad P\u00fablica, Hiram Almeida Estrada, y el procurador general de Justicia, Rodolfo R\u00edos Garza, entre otros.<\/p>\n<p>&nbsp;<\/p>\n<div id=\"attachment_302377\" style=\"width: 470px\" class=\"wp-caption aligncenter\"><a href=\"http:\/\/www.diarioimagen.net\/?attachment_id=302377\" rel=\"attachment wp-att-302377\"><img loading=\"lazy\" decoding=\"async\" aria-describedby=\"caption-attachment-302377\" class=\"size-large wp-image-302377\" src=\"http:\/\/www.diarioimagen.net\/wp-content\/uploads\/2016\/12\/TSJCDMX-11-3014-460x219.jpg\" alt=\"Luis Manuel M\u00e1rquez Lugo, juez 6 Penal de Delitos No Graves; Alma Ang\u00e9lica V\u00e1zquez Gonz\u00e1lez, juez 11 Civil; Norma Alejandra Mu\u00f1oz Salgado, juez interina 18 Civil; Mar\u00eda Magdalena Malpica Cervantes, juez 2 Civil; Mar\u00eda Elena Galguera Gonz\u00e1lez, Juez 1 Civil; Margarita Garc\u00eda Incl\u00e1n, juez 34 Civil; Rebeca Pujol Rosas, magistrada Primera Sala Familiar; Flor del Carmen Lima Castillo, juez 61 Civil; Leticia Medina Torrentera, juez 66 Civil; Flor de Mar\u00eda Hern\u00e1ndez Mijangos, juez 4 Civil, y la magistrada de la 5 Sala Civil, Rosalba Guerrero Rodr\u00edguez.\" width=\"460\" height=\"219\" srcset=\"https:\/\/www.diarioimagen.net\/wp-content\/uploads\/2016\/12\/TSJCDMX-11-3014-460x219.jpg 460w, https:\/\/www.diarioimagen.net\/wp-content\/uploads\/2016\/12\/TSJCDMX-11-3014-240x115.jpg 240w, https:\/\/www.diarioimagen.net\/wp-content\/uploads\/2016\/12\/TSJCDMX-11-3014.jpg 700w\" sizes=\"auto, (max-width: 460px) 100vw, 460px\" \/><\/a><p id=\"caption-attachment-302377\" class=\"wp-caption-text\">Luis Manuel M\u00e1rquez Lugo, juez 6 Penal de Delitos No Graves; Alma Ang\u00e9lica V\u00e1zquez Gonz\u00e1lez, juez 11 Civil; Norma Alejandra Mu\u00f1oz Salgado, juez interina 18 Civil; Mar\u00eda Magdalena Malpica Cervantes, juez 2 Civil; Mar\u00eda Elena Galguera Gonz\u00e1lez, Juez 1 Civil; Margarita Garc\u00eda Incl\u00e1n, juez 34 Civil; Rebeca Pujol Rosas, magistrada Primera Sala Familiar; Flor del Carmen Lima Castillo, juez 61 Civil; Leticia Medina Torrentera, juez 66 Civil; Flor de Mar\u00eda Hern\u00e1ndez Mijangos, juez 4 Civil, y la magistrada de la 5 Sala Civil, Rosalba Guerrero Rodr\u00edguez.<\/p><\/div>\n<p>&nbsp;<\/p>\n<p>&nbsp;<\/p>\n","protected":false},"excerpt":{"rendered":"<p><span style=\"color: #005497;\">Gloria Carpio<\/span><br \/>\n<br \/>\nEl presidente del Tribunal Superior de Justicia de la Ciudad de M\u00e9xico (TSJCDMX), magistrado Edgar El\u00edas Azar, destac\u00f3 que la justicia muestra un nuevo rostro, con una movilidad y din\u00e1mica diferente en beneficio de la sociedad a la que se sirve, y, con cifras, subray\u00f3 que el \u00f3rgano judicial se comienza a colocar como una de las instituciones jurisdiccionales m\u00e1s eficientes, aunque en lo presupuestal vive entre lo otorgado y lo realmente necesitado, con lo que se corre el riesgo de caer en la demagogia de \u201chacer como si cumpli\u00e9ramos\u201d.<\/p>\n","protected":false},"author":3,"featured_media":302367,"comment_status":"open","ping_status":"open","sticky":false,"template":"","format":"standard","meta":{"_monsterinsights_skip_tracking":false,"_monsterinsights_sitenote_active":false,"_monsterinsights_sitenote_note":"","_monsterinsights_sitenote_category":0,"footnotes":""},"categories":[6],"tags":[204,1925,43673,6053,12862,51325],"class_list":["post-302272","post","type-post","status-publish","format-standard","has-post-thumbnail","hentry","category-cd-de-mexico","tag-ciudad-de-mexico","tag-edgar-elias-azar","tag-nacional","tag-presupuesto","tag-reconocimiento","tag-tsjcdmx"],"_links":{"self":[{"href":"https:\/\/www.diarioimagen.net\/index.php?rest_route=\/wp\/v2\/posts\/302272","targetHints":{"allow":["GET"]}}],"collection":[{"href":"https:\/\/www.diarioimagen.net\/index.php?rest_route=\/wp\/v2\/posts"}],"about":[{"href":"https:\/\/www.diarioimagen.net\/index.php?rest_route=\/wp\/v2\/types\/post"}],"author":[{"embeddable":true,"href":"https:\/\/www.diarioimagen.net\/index.php?rest_route=\/wp\/v2\/users\/3"}],"replies":[{"embeddable":true,"href":"https:\/\/www.diarioimagen.net\/index.php?rest_route=%2Fwp%2Fv2%2Fcomments&post=302272"}],"version-history":[{"count":0,"href":"https:\/\/www.diarioimagen.net\/index.php?rest_route=\/wp\/v2\/posts\/302272\/revisions"}],"wp:featuredmedia":[{"embeddable":true,"href":"https:\/\/www.diarioimagen.net\/index.php?rest_route=\/wp\/v2\/media\/302367"}],"wp:attachment":[{"href":"https:\/\/www.diarioimagen.net\/index.php?rest_route=%2Fwp%2Fv2%2Fmedia&parent=302272"}],"wp:term":[{"taxonomy":"category","embeddable":true,"href":"https:\/\/www.diarioimagen.net\/index.php?rest_route=%2Fwp%2Fv2%2Fcategories&post=302272"},{"taxonomy":"post_tag","embeddable":true,"href":"https:\/\/www.diarioimagen.net\/index.php?rest_route=%2Fwp%2Fv2%2Ftags&post=302272"}],"curies":[{"name":"wp","href":"https:\/\/api.w.org\/{rel}","templated":true}]}}