{"id":302276,"date":"2016-12-08T00:06:28","date_gmt":"2016-12-08T06:06:28","guid":{"rendered":"http:\/\/www.diarioimagen.net\/?p=302276"},"modified":"2016-12-08T02:14:21","modified_gmt":"2016-12-08T08:14:21","slug":"martha-elvia-fernandez-rinde-cuentas-de-grandes-resultados","status":"publish","type":"post","link":"https:\/\/www.diarioimagen.net\/?p=302276","title":{"rendered":"Martha Elvia Fern\u00e1ndez rinde cuentas de grandes resultados"},"content":{"rendered":"<ul>\n<li><strong><em>Primer informe de gobierno<\/em><\/strong><\/li>\n<\/ul>\n<p>&nbsp;<\/p>\n<div id=\"attachment_302354\" style=\"width: 470px\" class=\"wp-caption aligncenter\"><a href=\"http:\/\/www.diarioimagen.net\/?attachment_id=302354\" rel=\"attachment wp-att-302354\"><img loading=\"lazy\" decoding=\"async\" aria-describedby=\"caption-attachment-302354\" class=\"size-large wp-image-302354\" src=\"http:\/\/www.diarioimagen.net\/wp-content\/uploads\/2016\/12\/CUAUTITLAN-3014-460x306.jpg\" alt=\"La alcaldesa, Martha Elvia Fern\u00e1ndez S\u00e1nchez, agradeci\u00f3 el apoyo de Enrique Pe\u00f1a Nieto y del gobernador Eruviel\u00a0 \u00c1vila Villegas para la realizaci\u00f3n del cambio que vive Cuautitl\u00e1n.\" width=\"460\" height=\"306\" srcset=\"https:\/\/www.diarioimagen.net\/wp-content\/uploads\/2016\/12\/CUAUTITLAN-3014-460x306.jpg 460w, https:\/\/www.diarioimagen.net\/wp-content\/uploads\/2016\/12\/CUAUTITLAN-3014-240x160.jpg 240w, https:\/\/www.diarioimagen.net\/wp-content\/uploads\/2016\/12\/CUAUTITLAN-3014.jpg 700w\" sizes=\"auto, (max-width: 460px) 100vw, 460px\" \/><\/a><p id=\"caption-attachment-302354\" class=\"wp-caption-text\">La alcaldesa, Martha Elvia Fern\u00e1ndez S\u00e1nchez, agradeci\u00f3 el apoyo de Enrique Pe\u00f1a Nieto y del gobernador Eruviel\u00a0 \u00c1vila Villegas para la realizaci\u00f3n del cambio que vive Cuautitl\u00e1n.<\/p><\/div>\n<p>&nbsp;<\/p>\n<p><strong>Cuautitl\u00e1n, Estado de M\u00e9xico<\/strong>.- Con la suma de voluntades,\u00a0 esfuerzos,\u00a0 acuerdos, di\u00e1logos y apertura con la ciudadan\u00eda construiremos un mejor municipio, lo anterior fue manifestado por Martha Elvia Fern\u00e1ndez, presidenta municipal, durante el primer informe su gobierno en el periodo 2016-2018, ante la presencia de Jorge Mart\u00ednez Falc\u00f3n, subdirector de Entidades Federativas del gobierno federal, Arturo Osornio S\u00e1nchez, secretario de Desarrollo Social del Estado de M\u00e9xico, integrantes del honorable cabildo, los diputados federales\u00a0 Alfredo del Mazo Maza y Gabriel Casillas Zanatta, as\u00ed como directores y personal de las diferentes a\u00e9reas, ex presidentes municipales y poblaci\u00f3n en general.<\/p>\n<p>El evento totalmente abarrotado de poblaci\u00f3n e invitados especiales se realiz\u00f3 en las instalaciones del\u00a0 gimnasio municipal Benito Ju\u00e1rez Garc\u00eda, de esta comunidad donde se proyect\u00f3 el informativo de las actividades y logros de esta administraci\u00f3n entre los que destacan; la aprobaci\u00f3n de un presupuesto hist\u00f3rico anual de 10 millones de pesos que permitir\u00e1n atender a todas las escuelas del municipio en una obra importante para cada una de ellas, en materia de agua potable se han invertido casi 5 millones de pesos en infraestructura y equipamiento,\u00a0 de pozos de agua potable, c\u00e1rcamos, bombas nuevas de agua y reparaci\u00f3n de fugas en las colonias Rancho San Blas, L\u00e1zaro C\u00e1rdenas, Hacienda Cuautitl\u00e1n y Joyas de Cuautitl\u00e1n, con mejores servicios rehabilitamos y cambiamos 2,769 luminarias, se han bacheado 23,509 metros cuadrados de calles y avenidas, se recolectaron 29, 291 toneladas de basura y se podado 1, 838, 300 metros de \u00e1reas verdes de parques y jardines.<\/p>\n<p>&nbsp;<\/p>\n","protected":false},"excerpt":{"rendered":"<p>Con la suma de voluntades,  esfuerzos,  acuerdos, di\u00e1logos y apertura con la ciudadan\u00eda construiremos un mejor municipio, lo anterior fue manifestado por Martha Elvia Fern\u00e1ndez, presidenta municipal, durante el primer informe su gobierno en el periodo 2016-2018, ante la presencia de Jorge Mart\u00ednez Falc\u00f3n, subdirector de Entidades Federativas del gobierno federal, Arturo Osornio S\u00e1nchez, secretario de Desarrollo Social del Estado de M\u00e9xico, integrantes del honorable cabildo, los diputados federales  Alfredo del Mazo Maza y Gabriel Casillas Zanatta, as\u00ed como directores y personal de las diferentes a\u00e9reas, ex presidentes municipales y poblaci\u00f3n en general.<\/p>\n","protected":false},"author":3,"featured_media":302354,"comment_status":"open","ping_status":"open","sticky":false,"template":"","format":"standard","meta":{"_monsterinsights_skip_tracking":false,"_monsterinsights_sitenote_active":false,"_monsterinsights_sitenote_note":"","_monsterinsights_sitenote_category":0,"footnotes":""},"categories":[35155],"tags":[15795],"class_list":["post-302276","post","type-post","status-publish","format-standard","has-post-thumbnail","hentry","category-estado-de-mexico-estado-de-mexico","tag-informe-de-gobierno"],"_links":{"self":[{"href":"https:\/\/www.diarioimagen.net\/index.php?rest_route=\/wp\/v2\/posts\/302276","targetHints":{"allow":["GET"]}}],"collection":[{"href":"https:\/\/www.diarioimagen.net\/index.php?rest_route=\/wp\/v2\/posts"}],"about":[{"href":"https:\/\/www.diarioimagen.net\/index.php?rest_route=\/wp\/v2\/types\/post"}],"author":[{"embeddable":true,"href":"https:\/\/www.diarioimagen.net\/index.php?rest_route=\/wp\/v2\/users\/3"}],"replies":[{"embeddable":true,"href":"https:\/\/www.diarioimagen.net\/index.php?rest_route=%2Fwp%2Fv2%2Fcomments&post=302276"}],"version-history":[{"count":0,"href":"https:\/\/www.diarioimagen.net\/index.php?rest_route=\/wp\/v2\/posts\/302276\/revisions"}],"wp:featuredmedia":[{"embeddable":true,"href":"https:\/\/www.diarioimagen.net\/index.php?rest_route=\/wp\/v2\/media\/302354"}],"wp:attachment":[{"href":"https:\/\/www.diarioimagen.net\/index.php?rest_route=%2Fwp%2Fv2%2Fmedia&parent=302276"}],"wp:term":[{"taxonomy":"category","embeddable":true,"href":"https:\/\/www.diarioimagen.net\/index.php?rest_route=%2Fwp%2Fv2%2Fcategories&post=302276"},{"taxonomy":"post_tag","embeddable":true,"href":"https:\/\/www.diarioimagen.net\/index.php?rest_route=%2Fwp%2Fv2%2Ftags&post=302276"}],"curies":[{"name":"wp","href":"https:\/\/api.w.org\/{rel}","templated":true}]}}