{"id":302290,"date":"2016-12-08T00:04:39","date_gmt":"2016-12-08T06:04:39","guid":{"rendered":"http:\/\/www.diarioimagen.net\/?p=302290"},"modified":"2016-12-09T01:23:15","modified_gmt":"2016-12-09T07:23:15","slug":"aseguran-mas-de-5-mil-telefonos-celulares-en-eje-central","status":"publish","type":"post","link":"https:\/\/www.diarioimagen.net\/?p=302290","title":{"rendered":"Aseguran m\u00e1s de 5 mil tel\u00e9fonos celulares en Eje Central"},"content":{"rendered":"<ul>\n<li><strong><em>Operativo con 2 mil 500 elementos<\/em><\/strong><\/li>\n<\/ul>\n<p>&nbsp;<\/p>\n<div id=\"attachment_302400\" style=\"width: 470px\" class=\"wp-caption aligncenter\"><a href=\"http:\/\/www.diarioimagen.net\/?attachment_id=302400\" rel=\"attachment wp-att-302400\"><img loading=\"lazy\" decoding=\"async\" aria-describedby=\"caption-attachment-302400\" class=\"size-large wp-image-302400\" src=\"http:\/\/www.diarioimagen.net\/wp-content\/uploads\/2016\/12\/PLAZA-3014-460x259.jpg\" alt=\"Autoridades de la Ciudad de M\u00e9xico revisaron los locales de Eje Central L\u00e1zaro C\u00e1rdenas para detectar mercanc\u00eda robada.\" width=\"460\" height=\"259\" srcset=\"https:\/\/www.diarioimagen.net\/wp-content\/uploads\/2016\/12\/PLAZA-3014-460x259.jpg 460w, https:\/\/www.diarioimagen.net\/wp-content\/uploads\/2016\/12\/PLAZA-3014-240x135.jpg 240w, https:\/\/www.diarioimagen.net\/wp-content\/uploads\/2016\/12\/PLAZA-3014-235x132.jpg 235w, https:\/\/www.diarioimagen.net\/wp-content\/uploads\/2016\/12\/PLAZA-3014-202x114.jpg 202w, https:\/\/www.diarioimagen.net\/wp-content\/uploads\/2016\/12\/PLAZA-3014-350x196.jpg 350w, https:\/\/www.diarioimagen.net\/wp-content\/uploads\/2016\/12\/PLAZA-3014-220x123.jpg 220w, https:\/\/www.diarioimagen.net\/wp-content\/uploads\/2016\/12\/PLAZA-3014-237x132.jpg 237w, https:\/\/www.diarioimagen.net\/wp-content\/uploads\/2016\/12\/PLAZA-3014.jpg 480w\" sizes=\"auto, (max-width: 460px) 100vw, 460px\" \/><\/a><p id=\"caption-attachment-302400\" class=\"wp-caption-text\">Autoridades de la Ciudad de M\u00e9xico revisaron los locales de Eje Central L\u00e1zaro C\u00e1rdenas para detectar mercanc\u00eda robada.<\/p><\/div>\n<p>&nbsp;<\/p>\n<p>Elementos de la Polic\u00eda de Investigaci\u00f3n aseguraron 5 mil tel\u00e9fonos celulares, 50 mil discos de procedencia il\u00edcita y detuvieron a tres personas durante un operativo en locales comerciales ubicados en Eje Central, en la delegaci\u00f3n Cuauht\u00e9moc.<\/p>\n<p>La Procuradur\u00eda General de Justicia (PGJ) de la Ciudad de M\u00e9xico inform\u00f3 que la acci\u00f3n, en la que 36 personas fueron remitidas ante el juez c\u00edvico, se llev\u00f3 a cabo en el tramo que comprende de Arcos de Bel\u00e9n a Avenida Ju\u00e1rez, colonia Centro.<\/p>\n<p>La mercanc\u00eda asegurada se concentr\u00f3 en los camiones que posteriormente fueron trasladados a las bodegas de la Unidad de Inteligencia Financiera de la Secretar\u00eda de Finanzas de la Ciudad de M\u00e9xico.<\/p>\n<p>En el operativo, efectuado el mediod\u00eda de ayer por instrucciones del jefe de gobierno, Miguel \u00c1ngel Mancera, participaron mil agentes de la Polic\u00eda de Investigaci\u00f3n, en tanto que personal del Grupo de Reacci\u00f3n Inmediata (Geri) se despleg\u00f3 al exterior de cada una de las plazas comerciales.<\/p>\n<p>Tambi\u00e9n intervinieron mil 500 polic\u00edas de la Secretar\u00eda de Seguridad P\u00fablica (SSP) capitalina, quienes implementaron un cintur\u00f3n perimetral en las bocacalles donde se ubican las plazas comerciales, as\u00ed como 75 servidores p\u00fablicos de la Unidad de Inteligencia Financiera.<\/p>\n<p>En las pr\u00f3ximas horas, el agente de Ministerio P\u00fablico determinar\u00e1 la situaci\u00f3n jur\u00eddica de tres personas; dos de las cuales fueron detenidas por resistencia de particulares y una m\u00e1s por portaci\u00f3n de arma de fuego.<\/p>\n<p>La dependencia se\u00f1al\u00f3 que el operativo tuvo como objetivo combatir el delito de robo a transe\u00fante en su modalidad de robo a celular, venta de tel\u00e9fonos robados y de pel\u00edculas clonadas.<\/p>\n<p>&nbsp;<\/p>\n","protected":false},"excerpt":{"rendered":"<p>Elementos de la Polic\u00eda de Investigaci\u00f3n aseguraron 5 mil tel\u00e9fonos celulares, 50 mil discos de procedencia il\u00edcita y detuvieron a tres personas durante un operativo en locales comerciales ubicados en Eje Central, en la delegaci\u00f3n Cuauht\u00e9moc.<\/p>\n","protected":false},"author":3,"featured_media":302400,"comment_status":"open","ping_status":"open","sticky":false,"template":"","format":"standard","meta":{"_monsterinsights_skip_tracking":false,"_monsterinsights_sitenote_active":false,"_monsterinsights_sitenote_note":"","_monsterinsights_sitenote_category":0,"footnotes":""},"categories":[7],"tags":[56250,5333,204,7349,13955,43677],"class_list":["post-302290","post","type-post","status-publish","format-standard","has-post-thumbnail","hentry","category-seguridad","tag-aseguran","tag-celulares","tag-ciudad-de-mexico","tag-operativo","tag-robo","tag-seguridad"],"_links":{"self":[{"href":"https:\/\/www.diarioimagen.net\/index.php?rest_route=\/wp\/v2\/posts\/302290","targetHints":{"allow":["GET"]}}],"collection":[{"href":"https:\/\/www.diarioimagen.net\/index.php?rest_route=\/wp\/v2\/posts"}],"about":[{"href":"https:\/\/www.diarioimagen.net\/index.php?rest_route=\/wp\/v2\/types\/post"}],"author":[{"embeddable":true,"href":"https:\/\/www.diarioimagen.net\/index.php?rest_route=\/wp\/v2\/users\/3"}],"replies":[{"embeddable":true,"href":"https:\/\/www.diarioimagen.net\/index.php?rest_route=%2Fwp%2Fv2%2Fcomments&post=302290"}],"version-history":[{"count":0,"href":"https:\/\/www.diarioimagen.net\/index.php?rest_route=\/wp\/v2\/posts\/302290\/revisions"}],"wp:featuredmedia":[{"embeddable":true,"href":"https:\/\/www.diarioimagen.net\/index.php?rest_route=\/wp\/v2\/media\/302400"}],"wp:attachment":[{"href":"https:\/\/www.diarioimagen.net\/index.php?rest_route=%2Fwp%2Fv2%2Fmedia&parent=302290"}],"wp:term":[{"taxonomy":"category","embeddable":true,"href":"https:\/\/www.diarioimagen.net\/index.php?rest_route=%2Fwp%2Fv2%2Fcategories&post=302290"},{"taxonomy":"post_tag","embeddable":true,"href":"https:\/\/www.diarioimagen.net\/index.php?rest_route=%2Fwp%2Fv2%2Ftags&post=302290"}],"curies":[{"name":"wp","href":"https:\/\/api.w.org\/{rel}","templated":true}]}}