{"id":302298,"date":"2016-12-08T00:02:14","date_gmt":"2016-12-08T06:02:14","guid":{"rendered":"http:\/\/www.diarioimagen.net\/?p=302298"},"modified":"2016-12-08T02:56:24","modified_gmt":"2016-12-08T08:56:24","slug":"avala-uaem-preparacion-de-la-policia-mexiquense","status":"publish","type":"post","link":"https:\/\/www.diarioimagen.net\/?p=302298","title":{"rendered":"Avala UAEM preparaci\u00f3n de la polic\u00eda mexiquense"},"content":{"rendered":"<p>&nbsp;<\/p>\n<p><a href=\"http:\/\/www.diarioimagen.net\/?attachment_id=302383\" rel=\"attachment wp-att-302383\"><img loading=\"lazy\" decoding=\"async\" class=\"aligncenter size-large wp-image-302383\" src=\"http:\/\/www.diarioimagen.net\/wp-content\/uploads\/2016\/12\/UAEM-3014-460x259.jpg\" alt=\"uaem-3014\" width=\"460\" height=\"259\" srcset=\"https:\/\/www.diarioimagen.net\/wp-content\/uploads\/2016\/12\/UAEM-3014-460x259.jpg 460w, https:\/\/www.diarioimagen.net\/wp-content\/uploads\/2016\/12\/UAEM-3014-240x135.jpg 240w, https:\/\/www.diarioimagen.net\/wp-content\/uploads\/2016\/12\/UAEM-3014-235x132.jpg 235w, https:\/\/www.diarioimagen.net\/wp-content\/uploads\/2016\/12\/UAEM-3014-202x114.jpg 202w, https:\/\/www.diarioimagen.net\/wp-content\/uploads\/2016\/12\/UAEM-3014-350x196.jpg 350w, https:\/\/www.diarioimagen.net\/wp-content\/uploads\/2016\/12\/UAEM-3014-220x123.jpg 220w, https:\/\/www.diarioimagen.net\/wp-content\/uploads\/2016\/12\/UAEM-3014-237x132.jpg 237w, https:\/\/www.diarioimagen.net\/wp-content\/uploads\/2016\/12\/UAEM-3014.jpg 480w\" sizes=\"auto, (max-width: 460px) 100vw, 460px\" \/><\/a><\/p>\n<p>Al encabezar la ceremonia conmemorativa al D\u00eda del Polic\u00eda Mexiquense, el gobernador Eruviel \u00c1vila Villegas agradeci\u00f3 el apoyo de la Universidad Aut\u00f3noma del Estado de M\u00e9xico para el otorgamiento de mil 100 promociones y ascensos de elementos policiacos, ya que como lo indic\u00f3 el rector Jorge Olvera Garc\u00eda, la instituci\u00f3n realiz\u00f3 evaluaci\u00f3n m\u00e9dica a 6 mil 976 polic\u00edas, evaluaci\u00f3n f\u00edsica a 4 mil 69 servidores p\u00fablicos y examen de conocimientos t\u00e9cnicos profesionales a 2 mil 816 m\u00e1s.<\/p>\n","protected":false},"excerpt":{"rendered":"<p>Al encabezar la ceremonia conmemorativa al D\u00eda del Polic\u00eda Mexiquense, el gobernador Eruviel \u00c1vila Villegas agradeci\u00f3 el apoyo de la Universidad Aut\u00f3noma del Estado de M\u00e9xico para el otorgamiento de mil 100 promociones y ascensos de elementos policiacos, ya que como lo indic\u00f3 el rector Jorge Olvera Garc\u00eda, la instituci\u00f3n realiz\u00f3 evaluaci\u00f3n m\u00e9dica a 6 mil 976 polic\u00edas, evaluaci\u00f3n f\u00edsica a 4 mil 69 servidores p\u00fablicos y examen de conocimientos t\u00e9cnicos profesionales a 2 mil 816 m\u00e1s.<\/p>\n","protected":false},"author":3,"featured_media":302383,"comment_status":"open","ping_status":"open","sticky":false,"template":"","format":"standard","meta":{"_monsterinsights_skip_tracking":false,"_monsterinsights_sitenote_active":false,"_monsterinsights_sitenote_note":"","_monsterinsights_sitenote_category":0,"footnotes":""},"categories":[35155],"tags":[43675,1491],"class_list":["post-302298","post","type-post","status-publish","format-standard","has-post-thumbnail","hentry","category-estado-de-mexico-estado-de-mexico","tag-estado-de-mexico","tag-uaem"],"_links":{"self":[{"href":"https:\/\/www.diarioimagen.net\/index.php?rest_route=\/wp\/v2\/posts\/302298","targetHints":{"allow":["GET"]}}],"collection":[{"href":"https:\/\/www.diarioimagen.net\/index.php?rest_route=\/wp\/v2\/posts"}],"about":[{"href":"https:\/\/www.diarioimagen.net\/index.php?rest_route=\/wp\/v2\/types\/post"}],"author":[{"embeddable":true,"href":"https:\/\/www.diarioimagen.net\/index.php?rest_route=\/wp\/v2\/users\/3"}],"replies":[{"embeddable":true,"href":"https:\/\/www.diarioimagen.net\/index.php?rest_route=%2Fwp%2Fv2%2Fcomments&post=302298"}],"version-history":[{"count":0,"href":"https:\/\/www.diarioimagen.net\/index.php?rest_route=\/wp\/v2\/posts\/302298\/revisions"}],"wp:featuredmedia":[{"embeddable":true,"href":"https:\/\/www.diarioimagen.net\/index.php?rest_route=\/wp\/v2\/media\/302383"}],"wp:attachment":[{"href":"https:\/\/www.diarioimagen.net\/index.php?rest_route=%2Fwp%2Fv2%2Fmedia&parent=302298"}],"wp:term":[{"taxonomy":"category","embeddable":true,"href":"https:\/\/www.diarioimagen.net\/index.php?rest_route=%2Fwp%2Fv2%2Fcategories&post=302298"},{"taxonomy":"post_tag","embeddable":true,"href":"https:\/\/www.diarioimagen.net\/index.php?rest_route=%2Fwp%2Fv2%2Ftags&post=302298"}],"curies":[{"name":"wp","href":"https:\/\/api.w.org\/{rel}","templated":true}]}}