{"id":302421,"date":"2016-12-08T17:00:13","date_gmt":"2016-12-08T23:00:13","guid":{"rendered":"http:\/\/www.diarioimagen.net\/?p=302421"},"modified":"2016-12-11T23:55:09","modified_gmt":"2016-12-12T05:55:09","slug":"mueren-dos-motociclistas-al-caer-del-segundo-piso-de-periferico","status":"publish","type":"post","link":"https:\/\/www.diarioimagen.net\/?p=302421","title":{"rendered":"Mueren dos motociclistas al caer del segundo piso de Perif\u00e9rico"},"content":{"rendered":"<ul>\n<li><em><strong>Circulaban a exceso de velocidad<\/strong><\/em><\/li>\n<\/ul>\n<p>&nbsp;<\/p>\n<div id=\"attachment_302422\" style=\"width: 470px\" class=\"wp-caption aligncenter\"><a href=\"http:\/\/www.diarioimagen.net\/?attachment_id=302422\" rel=\"attachment wp-att-302422\"><img loading=\"lazy\" decoding=\"async\" aria-describedby=\"caption-attachment-302422\" class=\"size-large wp-image-302422\" src=\"http:\/\/www.diarioimagen.net\/wp-content\/uploads\/2016\/12\/MOTOCICLISTAS9-portal-460x268.jpg\" alt=\"Dos j\u00f3venes que viajaban en una motocicleta chocaron con el muro de contenci\u00f3n y cayeron del segundo piso.\" width=\"460\" height=\"268\" srcset=\"https:\/\/www.diarioimagen.net\/wp-content\/uploads\/2016\/12\/MOTOCICLISTAS9-portal-460x268.jpg 460w, https:\/\/www.diarioimagen.net\/wp-content\/uploads\/2016\/12\/MOTOCICLISTAS9-portal-240x140.jpg 240w, https:\/\/www.diarioimagen.net\/wp-content\/uploads\/2016\/12\/MOTOCICLISTAS9-portal.jpg 480w\" sizes=\"auto, (max-width: 460px) 100vw, 460px\" \/><\/a><p id=\"caption-attachment-302422\" class=\"wp-caption-text\">Dos j\u00f3venes que viajaban en una motocicleta chocaron con el muro de contenci\u00f3n y cayeron del segundo piso.<\/p><\/div>\n<p>&nbsp;<\/p>\n<p>Un par de motociclistas murieron la madrugada de este jueves despu\u00e9s de derrapar y caer del segundo piso hacia carriles centrales del Anillo Perif\u00e9rico, a la altura de Barranca del Muerto.<\/p>\n<p>Al momento del impacto, los dos j\u00f3venes, de entre 20 y 25 a\u00f1os, salieron proyectados y cayeron en los carriles centrales del primer piso de Perif\u00e9rico.<\/p>\n<p>Polic\u00edas fueron alertados por los automovilistas que circulaban en direcci\u00f3n al sur, que metros antes del cruce con la Avenida Barranca del Muerto yac\u00edan dos cuerpos sobre el pavimento.<\/p>\n<p>Param\u00e9dicos de la ambulancia del Escuadr\u00f3n de Rescate y Urgencias M\u00e9dicas (ERUM) que acudieron al lugar ya nada pudieron hacer. La motocicleta de pista, marca Agusta, color blanco con negro, sin placas, qued\u00f3 sobre el segundo piso.<\/p>\n<p>El accidente ocurri\u00f3 aproximadamente a las 5:10 horas, en momentos en que el tr\u00e1nsito comenzaba a incrementarse.<\/p>\n<p>Se confirm\u00f3 que la motocicleta en donde viajaban los dos sujetos, estaba a la altura de la Calle Alconedo, a un costado de la Colonia Merced G\u00f3mez, l\u00edmites de la Delegaci\u00f3n \u00c1lvaro Obreg\u00f3n.<\/p>\n<p>Una vez que se corrobor\u00f3 que ambos motociclistas hab\u00edan fallecido a causa de la ca\u00edda, polic\u00edas preventivos acordonaron la zona y se notific\u00f3 a las autoridades correspondientes para que se iniciara la carpeta de investigaci\u00f3n.<\/p>\n<p>Hasta las 6:00 horas arrib\u00f3 personal de Servicios Periciales para retirar los cuerpos, que permanec\u00edan hasta esa hora en calidad de desconocidos.<\/p>\n<p>Autoridades comentaron que se maneja el exceso de velocidad, en una vialidad donde el l\u00edmite es de 80 kil\u00f3metros por hora, como principal causa del accidente.<\/p>\n","protected":false},"excerpt":{"rendered":"<p>Un par de motociclistas murieron la madrugada de este jueves despu\u00e9s de derrapar y caer del segundo piso hacia carriles centrales del Anillo Perif\u00e9rico, a la altura de Barranca del Muerto.<\/p>\n","protected":false},"author":5,"featured_media":302422,"comment_status":"open","ping_status":"open","sticky":false,"template":"","format":"standard","meta":{"_monsterinsights_skip_tracking":false,"_monsterinsights_sitenote_active":false,"_monsterinsights_sitenote_note":"","_monsterinsights_sitenote_category":0,"footnotes":""},"categories":[7],"tags":[1021,19004],"class_list":["post-302421","post","type-post","status-publish","format-standard","has-post-thumbnail","hentry","category-seguridad","tag-periferico","tag-segundo-piso"],"_links":{"self":[{"href":"https:\/\/www.diarioimagen.net\/index.php?rest_route=\/wp\/v2\/posts\/302421","targetHints":{"allow":["GET"]}}],"collection":[{"href":"https:\/\/www.diarioimagen.net\/index.php?rest_route=\/wp\/v2\/posts"}],"about":[{"href":"https:\/\/www.diarioimagen.net\/index.php?rest_route=\/wp\/v2\/types\/post"}],"author":[{"embeddable":true,"href":"https:\/\/www.diarioimagen.net\/index.php?rest_route=\/wp\/v2\/users\/5"}],"replies":[{"embeddable":true,"href":"https:\/\/www.diarioimagen.net\/index.php?rest_route=%2Fwp%2Fv2%2Fcomments&post=302421"}],"version-history":[{"count":0,"href":"https:\/\/www.diarioimagen.net\/index.php?rest_route=\/wp\/v2\/posts\/302421\/revisions"}],"wp:featuredmedia":[{"embeddable":true,"href":"https:\/\/www.diarioimagen.net\/index.php?rest_route=\/wp\/v2\/media\/302422"}],"wp:attachment":[{"href":"https:\/\/www.diarioimagen.net\/index.php?rest_route=%2Fwp%2Fv2%2Fmedia&parent=302421"}],"wp:term":[{"taxonomy":"category","embeddable":true,"href":"https:\/\/www.diarioimagen.net\/index.php?rest_route=%2Fwp%2Fv2%2Fcategories&post=302421"},{"taxonomy":"post_tag","embeddable":true,"href":"https:\/\/www.diarioimagen.net\/index.php?rest_route=%2Fwp%2Fv2%2Ftags&post=302421"}],"curies":[{"name":"wp","href":"https:\/\/api.w.org\/{rel}","templated":true}]}}