{"id":302427,"date":"2016-12-09T00:09:14","date_gmt":"2016-12-09T06:09:14","guid":{"rendered":"http:\/\/www.diarioimagen.net\/?p=302427"},"modified":"2016-12-09T01:17:18","modified_gmt":"2016-12-09T07:17:18","slug":"militares-no-estudian-para-perseguir-a-delincuentes-cienfuegos","status":"publish","type":"post","link":"https:\/\/www.diarioimagen.net\/?p=302427","title":{"rendered":"Ej\u00e9rcito debe salir de las calles: Cienfuegos"},"content":{"rendered":"<ul>\n<li><strong><em>Crimen no se resolver\u00e1 a balazos<\/em><\/strong><\/li>\n<\/ul>\n<p>&nbsp;<\/p>\n<div id=\"attachment_302428\" style=\"width: 470px\" class=\"wp-caption aligncenter\"><a href=\"http:\/\/www.diarioimagen.net\/?attachment_id=302428\" rel=\"attachment wp-att-302428\"><img loading=\"lazy\" decoding=\"async\" aria-describedby=\"caption-attachment-302428\" class=\"wp-image-302428 size-large\" src=\"http:\/\/www.diarioimagen.net\/wp-content\/uploads\/2016\/12\/MILITARES9-portal-460x268.jpg\" alt=\"El secretario de la Defensa Nacional, Salvador Cienfuegos Zepeda, dijo que los niveles de violencia y de inseguridad no se resolver\u00e1 a balazos.\" width=\"460\" height=\"268\" srcset=\"https:\/\/www.diarioimagen.net\/wp-content\/uploads\/2016\/12\/MILITARES9-portal-460x268.jpg 460w, https:\/\/www.diarioimagen.net\/wp-content\/uploads\/2016\/12\/MILITARES9-portal-240x140.jpg 240w, https:\/\/www.diarioimagen.net\/wp-content\/uploads\/2016\/12\/MILITARES9-portal.jpg 480w\" sizes=\"auto, (max-width: 460px) 100vw, 460px\" \/><\/a><p id=\"caption-attachment-302428\" class=\"wp-caption-text\">El secretario de la Defensa Nacional, Salvador Cienfuegos Zepeda, dijo que los niveles de violencia y de inseguridad no se resolver\u00e1 a balazos.<\/p><\/div>\n<p>&nbsp;<\/p>\n<p>Ante la falta de apoyos de muchos sectores de la sociedad para abatir la delincuencia e inseguridad, el secretario de la Defensa Nacional, Salvador Cienfuegos Zepeda alz\u00f3 la voz: \u201clos militares no estudian para perseguir delincuentes, por lo que deben regresar a los cuarteles y realizar las tareas que les corresponden\u201d.<\/p>\n<p>En conferencia de prensa en la F\u00e1brica de Vestuario y Equipo de la Sedena, el general se\u00f1al\u00f3 que \u00e9l ser\u00eda el primero en levantar \u201cno una, sino las dos manos\u201d, para que el Ej\u00e9rcito regrese a los cuarteles y a realizar las funciones que le corresponden. \u201cNosotros no pedimos estar aqu\u00ed no nos sentimos a gusto, no estudiamos para perseguir delincuentes, nuestra funci\u00f3n es otra y se est\u00e1 desnaturalizando\u201d.<\/p>\n<p>Manifest\u00f3 que falta un compromiso de muchos sectores de la sociedad para revertir esta situaci\u00f3n y expres\u00f3 que a diez a\u00f1os de que \u201coficialmente\u201d las fuerzas armadas participan en la lucha contra las delincuencia, la polic\u00edas estatales y municipales no se han reconstruido y no cumplen con sus obligaciones de perseguir a delincuentes.<\/p>\n<p>El alto mando militar reiter\u00f3 que las fuerzas armadas requieren un marco legal que d\u00e9 certeza a su actuaci\u00f3n, tarea que me corresponde impulsar a la Secretar\u00eda de Gobernaci\u00f3n ante el Poder Legislativo.<\/p>\n<p>Cienfuegos precis\u00f3 que la Sedena es la encargada de la seguridad exterior y la Segob de la seguridad interior.<\/p>\n<p>Esto, dijo, ha dado pie para que hable ante medios para defender a su instituto ante los se\u00f1alamientos por el actuar de sus soldados.<\/p>\n<p>A\u00f1adi\u00f3 que nadie explica la presencia de los militares en diversos estados, lo que genera a\u00fan m\u00e1s confusi\u00f3n en los ciudadanos.<\/p>\n<p>\u201cHoy le\u00ed \u201cel colmo hasta soldados cuidan escuelas en Guerrero\u201d, ah\u00ed se las dejo\u201d.<\/p>\n<p>Incluso, revel\u00f3 que en ocasiones los soldados \u201cla piensan\u201d para hacer tareas de seguridad para no ser procesados por violar la disciplina militar o los derechos humanos.<\/p>\n<p>Lament\u00f3 que ese vac\u00edo legal permite que pueden pasar a\u00f1os de combate al narco, \u201cpero el d\u00eda que resbalemos nos va a pasar como el equilibrista, vamos a caer y no habr\u00e1 red\u201d.<\/p>\n<p>Cienfuegos Zepeda dijo que los niveles de violencia y de inseguridad en el pa\u00eds no son asuntos \u201cque se puedan resolver a balazos\u201d.<\/p>\n<p>Salvador Cienfuegos reproch\u00f3 una vez m\u00e1s que legisladores y otros sectores gubernamentales no est\u00e1n haciendo su tarea en el combate al crimen.<\/p>\n<p>El general afirm\u00f3 que el nuevo sistema de justicia penal no ha funcionado como es debido, pues no mantiene en la c\u00e1rcel a quienes hacen da\u00f1o a la sociedad.<\/p>\n<p>Admiti\u00f3 que 2016 \u201cno fue un buen a\u00f1o\u201d en materia de seguridad, pues hubo un repunte en homicidios y otros delitos, particularmente en zonas donde en a\u00f1os anteriores se hab\u00eda logrado reducir la incidencia criminal. Sostuvo que el balance es que han fallecido mexicanos, \u201cdel lado que sea\u201d, que no debieron haber muerto.<\/p>\n","protected":false},"excerpt":{"rendered":"<p>Ante la falta de apoyos de muchos sectores de la sociedad para abatir la delincuencia e inseguridad, el secretario de la Defensa Nacional, Salvador Cienfuegos Zepeda alz\u00f3 la voz: \u201clos militares no estudian para perseguir delincuentes, por lo que deben regresar a los cuarteles y realizar las tareas que les corresponden\u201d.<\/p>\n","protected":false},"author":5,"featured_media":302428,"comment_status":"open","ping_status":"open","sticky":false,"template":"","format":"standard","meta":{"_monsterinsights_skip_tracking":false,"_monsterinsights_sitenote_active":false,"_monsterinsights_sitenote_note":"","_monsterinsights_sitenote_category":0,"footnotes":""},"categories":[3],"tags":[50283,10206,3573,11288,43673,28035],"class_list":["post-302427","post","type-post","status-publish","format-standard","has-post-thumbnail","hentry","category-nacional","tag-calles","tag-delincuentes","tag-ejercito-mexicano","tag-militares","tag-nacional","tag-salvador-cienfuegos-zepeda"],"_links":{"self":[{"href":"https:\/\/www.diarioimagen.net\/index.php?rest_route=\/wp\/v2\/posts\/302427","targetHints":{"allow":["GET"]}}],"collection":[{"href":"https:\/\/www.diarioimagen.net\/index.php?rest_route=\/wp\/v2\/posts"}],"about":[{"href":"https:\/\/www.diarioimagen.net\/index.php?rest_route=\/wp\/v2\/types\/post"}],"author":[{"embeddable":true,"href":"https:\/\/www.diarioimagen.net\/index.php?rest_route=\/wp\/v2\/users\/5"}],"replies":[{"embeddable":true,"href":"https:\/\/www.diarioimagen.net\/index.php?rest_route=%2Fwp%2Fv2%2Fcomments&post=302427"}],"version-history":[{"count":0,"href":"https:\/\/www.diarioimagen.net\/index.php?rest_route=\/wp\/v2\/posts\/302427\/revisions"}],"wp:featuredmedia":[{"embeddable":true,"href":"https:\/\/www.diarioimagen.net\/index.php?rest_route=\/wp\/v2\/media\/302428"}],"wp:attachment":[{"href":"https:\/\/www.diarioimagen.net\/index.php?rest_route=%2Fwp%2Fv2%2Fmedia&parent=302427"}],"wp:term":[{"taxonomy":"category","embeddable":true,"href":"https:\/\/www.diarioimagen.net\/index.php?rest_route=%2Fwp%2Fv2%2Fcategories&post=302427"},{"taxonomy":"post_tag","embeddable":true,"href":"https:\/\/www.diarioimagen.net\/index.php?rest_route=%2Fwp%2Fv2%2Ftags&post=302427"}],"curies":[{"name":"wp","href":"https:\/\/api.w.org\/{rel}","templated":true}]}}